{"id":588999,"date":"2023-07-05T00:10:50","date_gmt":"2023-07-05T06:10:50","guid":{"rendered":"https:\/\/www.diarioimagen.net\/?p=588999"},"modified":"2023-07-05T00:28:52","modified_gmt":"2023-07-05T06:28:52","slug":"que-haran-los-renunciantes-al-pri","status":"publish","type":"post","link":"https:\/\/www.diarioimagen.net\/?p=588999","title":{"rendered":"\u00bfQu\u00e9 har\u00e1n los renunciantes al PRI?"},"content":{"rendered":"<h2>De frente y de perfil<\/h2>\n<h5>Ram\u00f3n Zurita Sahag\u00fan<\/h5>\n<p>&nbsp;<\/p>\n<p>Lejos estuvo de causar el efecto esperado la renuncia de varios cuadros del PRI, ya que era esperada la salida de algunos de los que causaban m\u00e1s da\u00f1o dentro que fuera del partido.<\/p>\n<p>Son muchos los sorprendidos con Nuvia Mayorga, ya que ni siquiera se conoc\u00eda que fuese senadora, condici\u00f3n alcanzada en la negociaci\u00f3n para que Miguel \u00c1ngel Osorio se separara de la Secretar\u00eda de Gobernaci\u00f3n.<\/p>\n<p>En el no tan distante 2017, Osorio meditaba si entraba a la competencia por la candidatura presidencial del PRI, pero fue advertido de que contaba con pocos avales y que su amigo Enrique Pe\u00f1a Nieto no lo consideraba para tal nominaci\u00f3n, por lo que negoci\u00f3 una senadur\u00eda para \u00e9l, otra para su siempre fiel Nuvia e incluso para Claudia Ruiz y adem\u00e1s el liderazgo de la bancada.<\/p>\n<p>La debacle del PRI en el proceso electoral le dej\u00f3 una magra cosecha de esca\u00f1os (14) uno de los cuales se pas\u00f3 de inmediato a MC, No\u00e9 Casta\u00f1\u00f3n, acusado de violencia familiar de influyent\u00edsimo y fue protegido desde su nuevo partido.<\/p>\n<p>Con su reducida bancada Osorio vio de manera indolente, pasiva y hasta ausente todos los obuses lanzados del gobierno y no se atrevi\u00f3 a usar la tribuna del Senado para responder a esos ataques, lo que provoc\u00f3 que la minor\u00eda priista fuese vista con desd\u00e9n.<\/p>\n<p>Las cosas se agravaron cuando decidi\u00f3 no participar en la elecci\u00f3n del nuevo dirigente de su partido y dejar el campo libre para su antiguo aliado, Alejandro Moreno, con quien hab\u00eda roto lanzas poco antes.<\/p>\n<p>Los pocos esca\u00f1os priistas en el Senado se convirtieron en un hervidero, donde 9 senadores apoyaban al dirigente de su partido y los restantes incondicionales del ex secretario de Gobernaci\u00f3n, por lo que fue f\u00e1cil arrebatarles el liderazgo de la bancada, el que recal\u00f3 en Manuel A\u00f1orve, cercano al presidente del PRI.<\/p>\n<p>Dolido, Osorio todav\u00eda alent\u00f3 a su compa\u00f1era Claudia Ruiz para competir por la candidatura presidencial del Frente Amplio Opositor, conscientes todos de que no ten\u00eda oportunidad alguna, pero servir\u00eda para denunciar y jalar reflectores para el momento de su renuncia al partido.<\/p>\n<p>Los ahora renunciantes hab\u00edan hecho equipo desde 2003 cuando fueron diputados federales y formaron parte del grupo aliado a Elba Esther Gordillo y donde tambi\u00e9n se encontraban Alfredo Del Mazo Gonz\u00e1lez, Eviel P\u00e9rez Maga\u00f1a, Reyes Baeza, Francisco Rojas, Roberto Campa y otros m\u00e1s.<\/p>\n<p>La salida de Osorio, Mayorga, Claudia y Eruviel \u00c1vila, ocurre despu\u00e9s de que Osorio y Eruviel se mostraron pasivos en los procesos electorales de Hidalgo y Estado de M\u00e9xico, respectivamente, donde el PRI fue derrotado.<\/p>\n<p>Otro de los renunciantes fue Eviel P\u00e9rez Maga\u00f1a, un eterno perdedor en los comicios oaxaque\u00f1os donde fue vencido en su intento de ser gobernador y de ganar una senadur\u00eda de mayor\u00eda.<\/p>\n<p>Ahora falta saber hacia d\u00f3nde se har\u00e1n estos despechados ex priistas y a qui\u00e9n le interesan sus servicios pol\u00edticos. De Claudia Ruiz se menciona la posibilidad de que compita por la candidatura presidencial de MC, ya que este partido est\u00e1 urgido de mujeres para abanderar al partido.<\/p>\n<p>Los cerca de cien militantes renunciantes al PRI anunciaron la creaci\u00f3n del Movimiento Congruencia por M\u00e9xico, aunque los cuatro senadores no dejar\u00e1n su esca\u00f1o en el Senado de la Rep\u00fablica.<\/p>\n<p style=\"text-align: center;\"><strong>******<\/strong><\/p>\n<p>Unos se van y otros dilucidan su cercan\u00eda o alianza con el PRI. En Sinaloa, el ex gobernador Mario L\u00f3pez Valdez\u00a0 (Malova) se ve m\u00e1s cercano del partido en que milit\u00f3 varias d\u00e9cadas y H\u00e9ctor Melesio Cu\u00e9n, creador del Partido Sinaloense analiza la posibilidad de ir en alianza en 2024. Por lo pronto, iniciaron los registros de los aspirantes a la candidatura presidencial del Frente Amplio por M\u00e9xico y Santiago Creel y X\u00f3chitl G\u00e1lvez fueron los primeros en registrarse.<\/p>\n<p><a href=\"mailto:ramonzurita44@hotmail.com\" target=\"_blank\" rel=\"noopener noreferrer\"><em>ramonzurita44@hotmail.com<\/em><\/a><\/p>\n","protected":false},"excerpt":{"rendered":"<p><span style=\"color: #005497;\"><strong>Ram\u00f3n Zurita Sahag\u00fan<\/strong><\/span><\/p>\n","protected":false},"author":3,"featured_media":0,"comment_status":"open","ping_status":"open","sticky":false,"template":"","format":"standard","meta":{"_monsterinsights_skip_tracking":false,"_monsterinsights_sitenote_active":false,"_monsterinsights_sitenote_note":"","_monsterinsights_sitenote_category":0,"footnotes":""},"categories":[234],"tags":[304,43674,43687],"class_list":["post-588999","post","type-post","status-publish","format-standard","hentry","category-ramon-zurita-sahagun","tag-de-frente-y-de-perfil","tag-opinion","tag-ramon-zurita-sahagun"],"_links":{"self":[{"href":"https:\/\/www.diarioimagen.net\/index.php?rest_route=\/wp\/v2\/posts\/588999","targetHints":{"allow":["GET"]}}],"collection":[{"href":"https:\/\/www.diarioimagen.net\/index.php?rest_route=\/wp\/v2\/posts"}],"about":[{"href":"https:\/\/www.diarioimagen.net\/index.php?rest_route=\/wp\/v2\/types\/post"}],"author":[{"embeddable":true,"href":"https:\/\/www.diarioimagen.net\/index.php?rest_route=\/wp\/v2\/users\/3"}],"replies":[{"embeddable":true,"href":"https:\/\/www.diarioimagen.net\/index.php?rest_route=%2Fwp%2Fv2%2Fcomments&post=588999"}],"version-history":[{"count":0,"href":"https:\/\/www.diarioimagen.net\/index.php?rest_route=\/wp\/v2\/posts\/588999\/revisions"}],"wp:attachment":[{"href":"https:\/\/www.diarioimagen.net\/index.php?rest_route=%2Fwp%2Fv2%2Fmedia&parent=588999"}],"wp:term":[{"taxonomy":"category","embeddable":true,"href":"https:\/\/www.diarioimagen.net\/index.php?rest_route=%2Fwp%2Fv2%2Fcategories&post=588999"},{"taxonomy":"post_tag","embeddable":true,"href":"https:\/\/www.diarioimagen.net\/index.php?rest_route=%2Fwp%2Fv2%2Ftags&post=588999"}],"curies":[{"name":"wp","href":"https:\/\/api.w.org\/{rel}","templated":true}]}}