{"id":589004,"date":"2023-07-05T00:12:35","date_gmt":"2023-07-05T06:12:35","guid":{"rendered":"https:\/\/www.diarioimagen.net\/?p=589004"},"modified":"2023-07-05T00:31:14","modified_gmt":"2023-07-05T06:31:14","slug":"y-xochitl-conecto","status":"publish","type":"post","link":"https:\/\/www.diarioimagen.net\/?p=589004","title":{"rendered":"\u00a1Y X\u00f3chitl conect\u00f3!"},"content":{"rendered":"<h2>Tras la puerta del poder<\/h2>\n<h5>Roberto Vizca\u00edno<\/h5>\n<p>&nbsp;<\/p>\n<p>De torbellino pas\u00f3 r\u00e1pidamente a convertirse en el tornado que podr\u00eda arrasar con la 4T y con la supuestamente imbatible popularidad del presidente de los 33 millones de votos <strong>Andr\u00e9s Manuel L\u00f3pez Obrador<\/strong>.<\/p>\n<p>Hoy, <strong>X\u00f3chilt G\u00e1lvez Ruiz<\/strong> es ya el principal fen\u00f3meno pol\u00edtico electoral de un M\u00e9xico urgido de soluciones.<\/p>\n<p>Soluciones\u2026<\/p>\n<p>A la m\u00e1s terrible de las inseguridades y violencia nunca antes vividas aqu\u00ed.<\/p>\n<p>A la peor desatenci\u00f3n de salud y desabasto de medicamentos que haya afectado a la Naci\u00f3n.<\/p>\n<p>A la cancelaci\u00f3n est\u00fapida de proyectos que han frenado y enviado d\u00e9cadas atr\u00e1s al desarrollo nacional.<\/p>\n<p>A la urgencia de reorientar el sistema de educaci\u00f3n que este r\u00e9gimen ha hundido en la ideologizaci\u00f3n absurda de los 70 del siglo pasado.<\/p>\n<p>A la p\u00e9rdida de oportunidades enormes que nos plantea el T-MEC, y nuestra ubicaci\u00f3n regional en Norteam\u00e9rica, por disputas castro-chavistas y bolivarianas de las que M\u00e9xico no tiene nada que ver.<\/p>\n<p>Y a decenas de problemas que reclaman de un gobierno cimentado en el Estado de Derecho, el respeto y revaloraci\u00f3n a la separaci\u00f3n de poderes, el desarrollo y respeto a instituciones como el INE, la CNDH, INAI, Inegi y otras tantas que responden a reclamos de la sociedad y los ciudadanos.<\/p>\n<p>El reto es enorme. Ser\u00e1n pocos los 6 a\u00f1os entre 2024 y 2030 para enfrentarlo. Los problemas de este M\u00e9xico han crecido exponencialmente frente al nivel de la incapacidad y tozudez del mandatario saliente.<\/p>\n<p>\u00a1Porque, hay que decirlo!: \u00a1<strong>Andr\u00e9s Manuel L\u00f3pez Obrador<\/strong> se va a ir!<\/p>\n<p>Sin duda. En un a\u00f1o.<\/p>\n<p>En su hora final, persistir\u00e1n las injusticias que lo catapultaron hasta Palacio Nacional, esas que \u00e9l prometi\u00f3 atender y solucionar, y que dej\u00f3 de lado para convertirse en el <em>clown<\/em> de un <em>talk-show<\/em> pol\u00edtico tipo <strong><em>\u00a1Que pase el desgraciado!,<\/em><\/strong> creado en Per\u00fa por <strong>Laura Bozzo<\/strong> para arremeter contra los opositores del entonces presidente <strong>Alberto Fujimori<\/strong> y su primer ministro <strong>Vladimiro Montesinos<\/strong>.<\/p>\n<p>\u00a1En eso se le fue su gobierno a <strong>AMLO<\/strong>!<\/p>\n<p>Ese es el pa\u00eds en pedazos, roto, fragmentado, confrontado que le dejar\u00e1 a quien lo suceda que bien podr\u00eda ser este fen\u00f3meno de conexi\u00f3n popular en que se ha convertido en d\u00edas la brava, entrona, combativa senadora hidalguense, ingeniera, exitosa empresaria de las altas tecnolog\u00edas, <strong>X\u00f3chitl G\u00e1lvez<\/strong>.<\/p>\n<p><strong>\u00a1Ah\u00ed estaba!<\/strong><\/p>\n<p>El arribo ayer de <strong>G\u00e1lvez<\/strong> a su inscripci\u00f3n en el PRI como aspirante a la candidatura presidencial del Frente Amplio por M\u00e9xico y luego su traslado en bici a la Del Valle a la sede del PAN fue sencillamente apote\u00f3sico. Una premonici\u00f3n de un porvenir ansiado por muchos en M\u00e9xico.<\/p>\n<p>Y pues s\u00ed, la senadora no es nueva ni improvisada en la cosa p\u00fablica. Ella lo narra con premura y cierta candidez: En su pueblo hidalguense, de familia ind\u00edgena, batall\u00f3 desde los 8 a\u00f1os de edad por el agua, la alimentaci\u00f3n pero sobre todo por una igualdad de oportunidades de g\u00e9nero que en esos or\u00edgenes y \u00e1reas sociales y culturales no existe, ni en M\u00e9xico ni en otras muchas partes del mundo.<\/p>\n<p>Recuerda que mientras luchaba en su pubertad por obtener para su comunidad servicios b\u00e1sicos, por las tardes estudiaba. Ya joven viaj\u00f3 al entonces DF y fue a dar a una casucha en Iztapalapa desde donde construy\u00f3 una carrera en la UNAM y luego una exitosa empresa de las llamadas high-tech.<\/p>\n<p>En esas andaba cuando fue llamada por el entonces presidente <strong>Vicente Fox<\/strong> para encargarse de las cosas ind\u00edgenas en ese sexenio. Y de ah\u00ed a ser delegada de la Miguel Hidalgo y luego senadora.<\/p>\n<p>Como legisladora de la oposici\u00f3n en este sexenio, se ha apoderado de la tribuna ya sea por asalto o por la ret\u00f3rica donde se ha significado por ser una oradora no s\u00f3lo inteligente y preparada sino aguda e incisiva que coloc\u00f3 muchas veces contra la pared a los contrarios y su gobierno.<\/p>\n<p>Ha sido quiz\u00e1 la senadora que m\u00e1s denuncias penales ha presentado contra actos de gobierno.<\/p>\n<p>Sobresalen las presentadas contra <strong>Jos\u00e9 Ram\u00f3n L\u00f3pez Betr\u00e1n<\/strong> por su conflicto de intereses en lo de la \u201ccasa gris\u201d de Houston, que es todo un enredo en el que lo mismo se encuentra su esposa<strong> Carolyn Adams, <\/strong>una contratista de la empresa Baker Hughes, donde uno de sus ejecutivos era el due\u00f1o de la casa y que obten\u00eda contratos directos millonarios en d\u00f3lares de Pemex.<\/p>\n<p>La obviedad nos dice que <strong>Jos\u00e9 Ram\u00f3n<\/strong> aprovech\u00f3 su condici\u00f3n de hijo del Presidente para llamar al director de Pemex muy muy cercano e \u00edntimo colaborador del mandatario para obtener esos contratos.<\/p>\n<p>Eso lo denunci\u00f3 <strong>X\u00f3chitl<\/strong> sin tener hasta hoy respuesta del procurador <strong>Alejandro Gertz Manero<\/strong>, otro incondicional de <strong>AMLO<\/strong>.<\/p>\n<p>Es aqu\u00ed d\u00f3nde, digo yo, se abre uno de los puntos m\u00e1s riesgosos para la candidatura presidencial de la senadora hidalguense.<\/p>\n<p><strong>De lograr la Presidencia, para lo cual falta mucho, G\u00e1lvez<\/strong> no s\u00f3lo podr\u00eda arrasar con la 4T y derrumbar el mito <strong>AMLO<\/strong>, sino que podr\u00eda significar c\u00e1rcel no s\u00f3lo para medio gabinete y quiz\u00e1 para el propio Presidente saliente\u2026 sino para los hijos de \u00e9ste.<\/p>\n<p>No perdamos de vista esto.<\/p>\n<p>Lo que ha vivido M\u00e9xico en estos a\u00f1os requiere de una sacudida grande, a fondo, en la que no descartemos nada. Incluso castigar con rejas la incapacidad convertida en prepotencia y la estupidez transformada en desacato, en agresi\u00f3n a amplios sectores de la poblaci\u00f3n.<\/p>\n<p>Dicen quienes saben de esto, que la conexi\u00f3n alcanzada por X\u00f3chitl con amplios sectores de la sociedad, los m\u00e1s diversos, ha generado m\u00e1s de 8 millones de mensajes en redes sociales en apenas unas horas.<\/p>\n<p>Como dijera en cl\u00e1sico, \u00a1<strong>ni Obama lo logr\u00f3<\/strong>!<\/p>\n<p>Pero esta contienda apenas comienza, No hay que comer ansias dir\u00eda mi querida abuela, Hay que ver el desarrollo que logren Enrique De la Madrid, Creel y los otros aspirantes del Frente Amplio por M\u00e9xico.<\/p>\n<p>Lo cierto es que huele a fin de sexenio y a derrota anunciada de la 4T.<\/p>\n<p>Ya veremos.<\/p>\n<p><em><a href=\"mailto:rvizcainoa@gmail.com\" target=\"_blank\" rel=\"noopener noreferrer\">vizcainoa@gmail.com<\/a><a href=\"mailto:rvizcainoa@gmail.com\" target=\"_blank\" rel=\"noopener noreferrer\"><br \/>\n<\/a><a href=\"http:\/\/endirecto.mx\" target=\"_blank\" rel=\"noopener noreferrer\">www.endirecto.mx<\/a><a href=\"mailto:rvizcainoa@gmail.com\" target=\"_blank\" rel=\"noopener noreferrer\"><br \/>\n<\/a><a href=\"https:\/\/twitter.com\/_rvizcaino\" target=\"_blank\" rel=\"noopener noreferrer\">@_RVizcaino<\/a><a href=\"mailto:rvizcainoa@gmail.com\" target=\"_blank\" rel=\"noopener noreferrer\"><br \/>\n<\/a><a href=\"https:\/\/www.facebook.com\/rvizcainoa\" target=\"_blank\" rel=\"noopener noreferrer\">facebook.com\/rvizcainoa<\/a><\/em><\/p>\n","protected":false},"excerpt":{"rendered":"<p><span style=\"color: #005497;\"><strong>Roberto Vizca\u00edno<\/strong><\/span><\/p>\n","protected":false},"author":3,"featured_media":0,"comment_status":"open","ping_status":"open","sticky":false,"template":"","format":"standard","meta":{"_monsterinsights_skip_tracking":false,"_monsterinsights_sitenote_active":false,"_monsterinsights_sitenote_note":"","_monsterinsights_sitenote_category":0,"footnotes":""},"categories":[136],"tags":[43674,93,94],"class_list":["post-589004","post","type-post","status-publish","format-standard","hentry","category-roberto-vizcaino-opinion","tag-opinion","tag-roberto-vizcaino","tag-tras-la-puerta-del-poder"],"_links":{"self":[{"href":"https:\/\/www.diarioimagen.net\/index.php?rest_route=\/wp\/v2\/posts\/589004","targetHints":{"allow":["GET"]}}],"collection":[{"href":"https:\/\/www.diarioimagen.net\/index.php?rest_route=\/wp\/v2\/posts"}],"about":[{"href":"https:\/\/www.diarioimagen.net\/index.php?rest_route=\/wp\/v2\/types\/post"}],"author":[{"embeddable":true,"href":"https:\/\/www.diarioimagen.net\/index.php?rest_route=\/wp\/v2\/users\/3"}],"replies":[{"embeddable":true,"href":"https:\/\/www.diarioimagen.net\/index.php?rest_route=%2Fwp%2Fv2%2Fcomments&post=589004"}],"version-history":[{"count":0,"href":"https:\/\/www.diarioimagen.net\/index.php?rest_route=\/wp\/v2\/posts\/589004\/revisions"}],"wp:attachment":[{"href":"https:\/\/www.diarioimagen.net\/index.php?rest_route=%2Fwp%2Fv2%2Fmedia&parent=589004"}],"wp:term":[{"taxonomy":"category","embeddable":true,"href":"https:\/\/www.diarioimagen.net\/index.php?rest_route=%2Fwp%2Fv2%2Fcategories&post=589004"},{"taxonomy":"post_tag","embeddable":true,"href":"https:\/\/www.diarioimagen.net\/index.php?rest_route=%2Fwp%2Fv2%2Ftags&post=589004"}],"curies":[{"name":"wp","href":"https:\/\/api.w.org\/{rel}","templated":true}]}}