{"id":589071,"date":"2023-07-06T00:01:48","date_gmt":"2023-07-06T06:01:48","guid":{"rendered":"https:\/\/www.diarioimagen.net\/?p=589071"},"modified":"2023-07-06T23:45:38","modified_gmt":"2023-07-07T05:45:38","slug":"volcadura-de-autobus-de-pasajeros-deja-al-menos-26-muertos","status":"publish","type":"post","link":"https:\/\/www.diarioimagen.net\/?p=589071","title":{"rendered":"Volcadura de autob\u00fas de pasajeros deja al menos 26 muertos"},"content":{"rendered":"<p><strong>\u00a0<\/strong><\/p>\n<h3 style=\"text-align: center;\">En carretera Magdalena Pe\u00f1asco, Oaxaca<\/h3>\n<p><em>\u00a0<\/em><\/p>\n<ul>\n<li><strong><em>Los pasajeros quedaron bajo el veh\u00edculo, por lo que murieron al instante<\/em><\/strong><\/li>\n<\/ul>\n<p>&nbsp;<\/p>\n<p><a href=\"https:\/\/www.diarioimagen.net\/?attachment_id=589134\" rel=\"attachment wp-att-589134\"><img loading=\"lazy\" decoding=\"async\" class=\"aligncenter size-full wp-image-589134\" src=\"https:\/\/www.diarioimagen.net\/wp-content\/uploads\/2023\/07\/CARRETERAZO.jpg\" alt=\"\" width=\"460\" height=\"270\" \/><\/a><\/p>\n<p>&nbsp;<\/p>\n<p>Un autob\u00fas de pasajeros volc\u00f3 la ma\u00f1ana de este mi\u00e9rcoles en la carretera a Magdalena Pe\u00f1asco, a la altura de Tlaxiaco, en la regi\u00f3n mixteca de Oaxaca; el saldo preliminar del accidente, de acuerdo a Jes\u00fas Romero, secretario de Gobierno, es de al menos 26 muertos.<\/p>\n<p>De acuerdo con personal de emergencias, la unidad se sali\u00f3 de la carretera, a la altura de la Cl\u00ednica Rural 184 de IMSS, y cay\u00f3 a un barranco de m\u00e1s de veinte metros de profundidad.<\/p>\n<p>Los pasajeros quedaron abajo del autob\u00fas, por lo que murieron al instante, indicaron reportes de las autoridades estatales y Protecci\u00f3n Civil que se encuentran laborando en el sitio.<\/p>\n<p>Los primeros datos indican que la unidad con n\u00famero de serie: 01-1965 sali\u00f3 a las 20:00 horas de su terminal ubicada en la Ciudad de M\u00e9xico, ten\u00eda como destino la regi\u00f3n Mixteca de Oaxaca.<\/p>\n<p>La Polic\u00eda Vial Estatal de Oaxaca inform\u00f3 que apoya en las labores de rescate.<\/p>\n<p>Autoridades reportan que hay aproximadamente 26 heridos, los cuales fueron trasladados al IMSS Bienestar 34 de Tlaxiaco.<\/p>\n<p>Mientras que los cuerpos fueron concentrados en el auditorio del municipio de Magdalena Pe\u00f1asco.<\/p>\n<p>Personal de servicios de emergencia se traslad\u00f3 al lugar, pues fueron necesarios la presencia de param\u00e9dicos y art\u00edculos como sabanas o cobertores para manejar los cuerpos, as\u00ed como gr\u00faas para retirar el autob\u00fas.<\/p>\n<p>De acuerdo a los primeros reportes de Seguridad P\u00fablica y Vialidad Municipal de Tlaxiaco, el autob\u00fas al parecer se qued\u00f3 sin frenos y en una curva perdi\u00f3 el control y cay\u00f3 a un barranco de m\u00e1s 20 metros de altura. A trav\u00e9s de su cuenta de Twitter el gobernador Salom\u00f3n Jara lament\u00f3 el accidente ocurrido en Magdalena Pe\u00f1asco e inform\u00f3 que su gobierno se concentra en acciones de rescate.<\/p>\n<p>\u201cYa se encuentra personal de nuestro gobierno trabajando en las acciones de rescate y brindando todo el apoyo a las personas heridas. Enviamos un abrazo y nuestro p\u00e9same a las familias de las personas fallecidas, a quienes tambi\u00e9n brindaremos todo el apoyo para atender su terrible p\u00e9rdida, escribi\u00f3 en la red social.<\/p>\n","protected":false},"excerpt":{"rendered":"<p>Un autob\u00fas de pasajeros volc\u00f3 la ma\u00f1ana de este mi\u00e9rcoles en la carretera a Magdalena Pe\u00f1asco, a la altura de Tlaxiaco, en la regi\u00f3n mixteca de Oaxaca; el saldo preliminar del accidente, de acuerdo a Jes\u00fas Romero, secretario de Gobierno, es de al menos 26 muertos.<\/p>\n","protected":false},"author":3,"featured_media":589134,"comment_status":"open","ping_status":"open","sticky":false,"template":"","format":"standard","meta":{"_monsterinsights_skip_tracking":false,"_monsterinsights_sitenote_active":false,"_monsterinsights_sitenote_note":"","_monsterinsights_sitenote_category":0,"footnotes":""},"categories":[7],"tags":[46370,98180,43677,13021],"class_list":["post-589071","post","type-post","status-publish","format-standard","has-post-thumbnail","hentry","category-seguridad","tag-accidente","tag-magdalena-penasco","tag-seguridad","tag-volcadura"],"_links":{"self":[{"href":"https:\/\/www.diarioimagen.net\/index.php?rest_route=\/wp\/v2\/posts\/589071","targetHints":{"allow":["GET"]}}],"collection":[{"href":"https:\/\/www.diarioimagen.net\/index.php?rest_route=\/wp\/v2\/posts"}],"about":[{"href":"https:\/\/www.diarioimagen.net\/index.php?rest_route=\/wp\/v2\/types\/post"}],"author":[{"embeddable":true,"href":"https:\/\/www.diarioimagen.net\/index.php?rest_route=\/wp\/v2\/users\/3"}],"replies":[{"embeddable":true,"href":"https:\/\/www.diarioimagen.net\/index.php?rest_route=%2Fwp%2Fv2%2Fcomments&post=589071"}],"version-history":[{"count":0,"href":"https:\/\/www.diarioimagen.net\/index.php?rest_route=\/wp\/v2\/posts\/589071\/revisions"}],"wp:featuredmedia":[{"embeddable":true,"href":"https:\/\/www.diarioimagen.net\/index.php?rest_route=\/wp\/v2\/media\/589134"}],"wp:attachment":[{"href":"https:\/\/www.diarioimagen.net\/index.php?rest_route=%2Fwp%2Fv2%2Fmedia&parent=589071"}],"wp:term":[{"taxonomy":"category","embeddable":true,"href":"https:\/\/www.diarioimagen.net\/index.php?rest_route=%2Fwp%2Fv2%2Fcategories&post=589071"},{"taxonomy":"post_tag","embeddable":true,"href":"https:\/\/www.diarioimagen.net\/index.php?rest_route=%2Fwp%2Fv2%2Ftags&post=589071"}],"curies":[{"name":"wp","href":"https:\/\/api.w.org\/{rel}","templated":true}]}}