{"id":589103,"date":"2023-07-06T00:04:27","date_gmt":"2023-07-06T06:04:27","guid":{"rendered":"https:\/\/www.diarioimagen.net\/?p=589103"},"modified":"2023-07-05T23:07:38","modified_gmt":"2023-07-06T05:07:38","slug":"nueva-iniciativa-contra-privilegios-de-ministros","status":"publish","type":"post","link":"https:\/\/www.diarioimagen.net\/?p=589103","title":{"rendered":"Nueva iniciativa contra privilegios de ministros"},"content":{"rendered":"<h2>Desde el portal<\/h2>\n<h5>\u00c1ngel Soriano<\/h5>\n<p>&nbsp;<\/p>\n<p>El presidente Andr\u00e9s Manuel L\u00f3pez Obrador anunci\u00f3 que, luego de la respuesta leguleya de la SCJN a su petici\u00f3n de explicar por qu\u00e9 violan la Constituci\u00f3n al percibir salarios mayores al del presidente, enviar\u00e1 una nueva iniciativa que corregir\u00e1 las inconsistencias se\u00f1aladas por el alto tribunal en defensa de sus remuneraciones, pero ser\u00e1 el a\u00f1o siguiente.<\/p>\n<p>Los ministros, indic\u00f3 el jefe del Ejecutivo Federal, enlistan 40 privilegios, que van desde el acceso a los m\u00e1s modernos equipos de comunicaci\u00f3n con cargo al erario, hasta sirvientes y escoltas a\u00fan despu\u00e9s de concluidos su periodo, adem\u00e1s de veh\u00edculos blindados, seguros m\u00e9dicos, equipos de c\u00f3mputo y papeler\u00eda, entre otros.<\/p>\n<p>Todo esto resulta ofensivo al pueblo de M\u00e9xico, sobre todo a las mayor\u00edas que carecen de lo indispensable y que, a pesar de los programas sociales implementados por el gobierno federal, no es posible incorporarlos al bienestar total dado el profundo rezago de d\u00e9cadas; y comparado con los abusos -pues adem\u00e1s de acceso a recursos p\u00fablicos hacen negocios privados-, no es aceptable.<\/p>\n<p>La SCJN sustent\u00f3 bien su respuesta: Ya se redujeron su salario en 25% en 2019, no se puede reducir salarios estando en funciones y el Poder Legislativo no estableci\u00f3 par\u00e1metros para fijar el salario mensual del Presidente -120 mil contra 600 mil de los ministros-, y no pueden someterse a las decisiones de otros poderes. Es legal, tambi\u00e9n moral y de justicia social, dijo Luisa Mar\u00eda Alcalde, titular de la Segob en respuesta a la respuesta de la corte.<\/p>\n<p style=\"text-align: center;\"><strong>TURBULENCIAS<br \/>\nLamenta Jara accidente con 27 muertos<\/strong><\/p>\n<p>El gobernador Salom\u00f3n Jara Cruz lament\u00f3 el tr\u00e1gico accidente ocurrido la ma\u00f1ana de este mi\u00e9rcoles 5 de julio en el municipio de Magdalena Pe\u00f1asco, de la regi\u00f3n de la mixteca, con saldo de 27 muertos y 12 heridos, y dio instrucciones para que todas las instancias de gobierno ocurrieran en auxilio de las v\u00edctimas ofreciendo todo su apoyo. Lamentable porque este es uno de los muchos accidentes que ocurren en el interior de la entidad, dada la complicada orograf\u00eda y las malas condiciones mec\u00e1nicas o irresponsabilidad de los conductores que hace que los usuarios siempre se jueguen la vida en dichos transportes. Deben establecerse medidas de seguridad adecuadas para dejar de contabilizar v\u00edctimas en las carreteras, no s\u00f3lo por lamentables accidentes, sino por la inseguridad que asola en todo el pa\u00eds\u2026 Y en esas condiciones, la familia Le Bar\u00f3n se uni\u00f3 a la protesta del p\u00e1rroco de Apatzing\u00e1n en el sentido de que m\u00e1s que festejos por la cuarta transformaci\u00f3n, deben ser d\u00edas de duelo para las familiares v\u00edctimas de la violencia. Y sobre el mismo tema el comunicador Joaqu\u00edn L\u00f3pez-D\u00f3riga se\u00f1al\u00f3 que este gobierno puede terminar ba\u00f1ado de sangre. Seguramente que esas voces que claman por la seguridad y justicia, deber\u00e1n ser escuchadas y reorientar los programas de seguridad pues el gabinete encargado del rubro a nivel federal s\u00f3lo da cifras alegres de los descensos de la violencia, pero la realidad demuestra otras cosas\u2026 Y tambi\u00e9n, como ha ocurrido en el pasado, desde la tribuna presidencial se contribuy\u00f3 a alzar en triunfo a la senadora X\u00f3chitl G\u00e1lvez como virtual candidata del \u201csupremo poder conservador\u201d a enfrentar a la IVT, pues aprovech\u00f3 bien los reflectores cuando se le neg\u00f3 el acceso al Sal\u00f3n Tesorer\u00eda de Palacio Nacional en demanda al respeto a su derecho de r\u00e9plica. Esto contribuy\u00f3 a que la hidalguense se le considere como una hero\u00edna y, si bien no pensaba lanzarse a la Presidencia, el apoyo recibido la hizo virar del Palacio del Ayuntamiento, al Palacio Nacional. Ya ni Santiago Creel est\u00e1 en posibilidades de disputarle la candidatura y menos los seis aspirantes de Morena que recorren el pa\u00eds.<\/p>\n<p><u><a href=\"mailto:asorianocarrasco@yahoo.com\" target=\"_blank\" rel=\"noopener noreferrer\"><em>asorianocarrasco@yahoo.com<\/em><\/a><br \/>\n<em><a href=\"https:\/\/revistabrecha.com\" target=\"_blank\" rel=\"noopener noreferrer\">www.revistabrecha.com<\/a><br \/>\n<\/em><\/u><em>facebook oficial <a href=\"https:\/\/es-la.facebook.com\/RevistaBrecha.Oficial\" target=\"_blank\" rel=\"noopener\">@BrechaRevista<\/a><\/em><\/p>\n","protected":false},"excerpt":{"rendered":"<p><span style=\"color: #005497;\"><strong>\u00c1ngel Soriano<\/strong><\/span><\/p>\n","protected":false},"author":3,"featured_media":0,"comment_status":"open","ping_status":"open","sticky":false,"template":"","format":"standard","meta":{"_monsterinsights_skip_tracking":false,"_monsterinsights_sitenote_active":false,"_monsterinsights_sitenote_note":"","_monsterinsights_sitenote_category":0,"footnotes":""},"categories":[135],"tags":[85,86,43674],"class_list":["post-589103","post","type-post","status-publish","format-standard","hentry","category-angel-soriano-opinion","tag-angel-soriano","tag-desde-el-portal","tag-opinion"],"_links":{"self":[{"href":"https:\/\/www.diarioimagen.net\/index.php?rest_route=\/wp\/v2\/posts\/589103","targetHints":{"allow":["GET"]}}],"collection":[{"href":"https:\/\/www.diarioimagen.net\/index.php?rest_route=\/wp\/v2\/posts"}],"about":[{"href":"https:\/\/www.diarioimagen.net\/index.php?rest_route=\/wp\/v2\/types\/post"}],"author":[{"embeddable":true,"href":"https:\/\/www.diarioimagen.net\/index.php?rest_route=\/wp\/v2\/users\/3"}],"replies":[{"embeddable":true,"href":"https:\/\/www.diarioimagen.net\/index.php?rest_route=%2Fwp%2Fv2%2Fcomments&post=589103"}],"version-history":[{"count":0,"href":"https:\/\/www.diarioimagen.net\/index.php?rest_route=\/wp\/v2\/posts\/589103\/revisions"}],"wp:attachment":[{"href":"https:\/\/www.diarioimagen.net\/index.php?rest_route=%2Fwp%2Fv2%2Fmedia&parent=589103"}],"wp:term":[{"taxonomy":"category","embeddable":true,"href":"https:\/\/www.diarioimagen.net\/index.php?rest_route=%2Fwp%2Fv2%2Fcategories&post=589103"},{"taxonomy":"post_tag","embeddable":true,"href":"https:\/\/www.diarioimagen.net\/index.php?rest_route=%2Fwp%2Fv2%2Ftags&post=589103"}],"curies":[{"name":"wp","href":"https:\/\/api.w.org\/{rel}","templated":true}]}}