{"id":589125,"date":"2023-07-06T00:06:46","date_gmt":"2023-07-06T06:06:46","guid":{"rendered":"https:\/\/www.diarioimagen.net\/?p=589125"},"modified":"2023-07-07T03:30:31","modified_gmt":"2023-07-07T09:30:31","slug":"en-el-mejor-momento","status":"publish","type":"post","link":"https:\/\/www.diarioimagen.net\/?p=589125","title":{"rendered":"En el mejor momento"},"content":{"rendered":"<h2>Aunque pese<\/h2>\n<h5>Salvador Mart\u00ednez Garc\u00eda<\/h5>\n<p>&nbsp;<\/p>\n<p>En medio de la efervescencia pol\u00edtica por la lucha anticipada para la definici\u00f3n de los candidatos presidenciales de Morena y sus aliados, y el grupo opositor, Frente Amplio por M\u00e9xico, el pa\u00eds presenta una mayor fortaleza en todos sus indicadores econ\u00f3micos.<\/p>\n<p>La oposici\u00f3n hab\u00eda pronosticado a inicio del sexenio una situaci\u00f3n econ\u00f3mica cr\u00edtica para este quinto a\u00f1o de gobierno, con devaluaciones, desempleo, falta de inversi\u00f3n y m\u00e1s alta inflaci\u00f3n. Es todo lo contrario.<\/p>\n<p>Al inicio de este semestre, de este quinto a\u00f1o de gobierno, el peso logr\u00f3 vencer el piso de 17 unidades por d\u00f3lar y se encuentra en su mejor momento de la historia reciente.<\/p>\n<p>La Inversi\u00f3n Extranjera Directa (IED) es crecientemente s\u00f3lida tras haber alcanzado los 32 mil 200 millones de d\u00f3lares en 2022, 12 por ciento m\u00e1s que el a\u00f1o anterior, y la inflaci\u00f3n baja con una expectativa del 4.7 por ciento para el cierre del 2023.<\/p>\n<p>Adem\u00e1s de estas positivas variables, las remesas alcanzaron este mayo un nivel hist\u00f3rico, mientras que otros sectores ofrecen tambi\u00e9n buenos signos como el turismo, la producci\u00f3n automotriz y en general las exportaciones.<\/p>\n<p>Estas condiciones ser\u00e1n s\u00f3lidos argumentos durante las campa\u00f1as pol\u00edticas de quien resulte ser la candidata o candidato de Morena para los comicios de junio de 2023, pues reflejan solidez y bienestar para amplios sectores.<\/p>\n<p>Dos factores son de destacarse de lo mencionado, la inversi\u00f3n for\u00e1nea en M\u00e9xico ha crecido, mientras que a nivel global sufri\u00f3 una ca\u00edda; en tanto el desarrollo nacional ser\u00e1 este 2023, por segundo a\u00f1o, mayor al de Estados Unidos, cosa tampoco vista.<\/p>\n<p style=\"text-align: center;\"><strong>Susurros<\/strong><\/p>\n<p>El reconocido polit\u00f3logo y pensador Noam Chomsky hace ver que la palabra socialismo irrumpe de nueva cuenta en Estados Unidos, pero advierte que en el vecino pa\u00eds el significado de esta palabra es muy tibio.<\/p>\n<p>En entrevista publicada recientemente, el pensador diferencia tambi\u00e9n la intenci\u00f3n de dominaci\u00f3n unipolar por parte de Estados Unidos de la multipolaridad basada en una ONU fuerte, pero esto no existe.<\/p>\n<p>Por ello, el surgimiento de nuevos grupos econ\u00f3micos de pa\u00edses como los Brics, esto es Brasil, Rusia, India, China y Sud\u00e1frica, abre una posibilidad de multilateralismo m\u00e1s realista, en el que incluso naciones latinoamericanas pudieran desprenderse, al menos parcialmente, de la hegemon\u00eda estadounidense. Veremos.<\/p>\n<p><a href=\"mailto:salvadormartinez@visionmx.com\" target=\"_blank\" rel=\"noopener\"><em>salvadormartinez@visionmx.com<\/em><\/a><br \/>\n<em>Twitter: <a href=\"https:\/\/twitter.com\/salvador_mtz\" target=\"_blank\" rel=\"noopener\">@salvador_mtz<\/a><\/em><\/p>\n","protected":false},"excerpt":{"rendered":"<p><span style=\"color: #005497;\"><strong>Salvador Mart\u00ednez Garc\u00eda<\/strong><\/span><\/p>\n","protected":false},"author":3,"featured_media":0,"comment_status":"open","ping_status":"open","sticky":false,"template":"","format":"standard","meta":{"_monsterinsights_skip_tracking":false,"_monsterinsights_sitenote_active":false,"_monsterinsights_sitenote_note":"","_monsterinsights_sitenote_category":0,"footnotes":""},"categories":[96743],"tags":[96744,43674,96745],"class_list":["post-589125","post","type-post","status-publish","format-standard","hentry","category-salvador-martinez-garcia","tag-aunque-pese","tag-opinion","tag-salvador-martinez-garcia"],"_links":{"self":[{"href":"https:\/\/www.diarioimagen.net\/index.php?rest_route=\/wp\/v2\/posts\/589125","targetHints":{"allow":["GET"]}}],"collection":[{"href":"https:\/\/www.diarioimagen.net\/index.php?rest_route=\/wp\/v2\/posts"}],"about":[{"href":"https:\/\/www.diarioimagen.net\/index.php?rest_route=\/wp\/v2\/types\/post"}],"author":[{"embeddable":true,"href":"https:\/\/www.diarioimagen.net\/index.php?rest_route=\/wp\/v2\/users\/3"}],"replies":[{"embeddable":true,"href":"https:\/\/www.diarioimagen.net\/index.php?rest_route=%2Fwp%2Fv2%2Fcomments&post=589125"}],"version-history":[{"count":0,"href":"https:\/\/www.diarioimagen.net\/index.php?rest_route=\/wp\/v2\/posts\/589125\/revisions"}],"wp:attachment":[{"href":"https:\/\/www.diarioimagen.net\/index.php?rest_route=%2Fwp%2Fv2%2Fmedia&parent=589125"}],"wp:term":[{"taxonomy":"category","embeddable":true,"href":"https:\/\/www.diarioimagen.net\/index.php?rest_route=%2Fwp%2Fv2%2Fcategories&post=589125"},{"taxonomy":"post_tag","embeddable":true,"href":"https:\/\/www.diarioimagen.net\/index.php?rest_route=%2Fwp%2Fv2%2Ftags&post=589125"}],"curies":[{"name":"wp","href":"https:\/\/api.w.org\/{rel}","templated":true}]}}