{"id":589178,"date":"2023-07-07T00:01:50","date_gmt":"2023-07-07T06:01:50","guid":{"rendered":"https:\/\/www.diarioimagen.net\/?p=589178"},"modified":"2023-07-07T02:47:26","modified_gmt":"2023-07-07T08:47:26","slug":"se-crearon-514-mil-411-empleos-formales-en-primer-semestre-de-2023-reporta-el-imss","status":"publish","type":"post","link":"https:\/\/www.diarioimagen.net\/?p=589178","title":{"rendered":"Se crearon 514 mil 411 empleos formales en primer semestre de 2023, reporta el IMSS"},"content":{"rendered":"<p><strong>\u00a0<\/strong><\/p>\n<ul>\n<li><em><strong>En junio, el peor registro en 10 a\u00f1os<\/strong><\/em><\/li>\n<\/ul>\n<p>&nbsp;<\/p>\n<div id=\"attachment_589227\" style=\"width: 470px\" class=\"wp-caption aligncenter\"><a href=\"https:\/\/www.diarioimagen.net\/?attachment_id=589227\" rel=\"attachment wp-att-589227\"><img loading=\"lazy\" decoding=\"async\" aria-describedby=\"caption-attachment-589227\" class=\"size-full wp-image-589227\" src=\"https:\/\/www.diarioimagen.net\/wp-content\/uploads\/2023\/07\/CREACION-DE-EMPLEOS.jpg\" alt=\"\" width=\"460\" height=\"270\" \/><\/a><p id=\"caption-attachment-589227\" class=\"wp-caption-text\">El Instituto Mexicano del Seguro Social report\u00f3 en el mes de junio la afiliaci\u00f3n de 24,398 trabajadores.<\/p><\/div>\n<p>&nbsp;<\/p>\n<p>El Instituto Mexicano del Seguro Social (IMSS report\u00f3 que en el primer semestre del a\u00f1o se crearon 514 mil 411 empleos formales en el pa\u00eds, con lo que suma un registro de 21 millones 887 mil 307 afiliados. De estos, 86.4 por ciento tiene una plaza permanente y 13.69 por ciento son eventuales.<\/p>\n<p>El informe mensual del organismo sobre el comportamiento del empleo, indica que en junio se abrieron 24 mil 398 fuentes de trabajo, cifra que est\u00e1 por debajo del promedio de los \u00faltimos 10 a\u00f1os, que es de 29 mil.<\/p>\n<p>Los sectores econ\u00f3micos con el mayor aumento en personas contratadas son el de la construcci\u00f3n con 9.6 por ciento; transportes y comunicaciones 5.6; comercio con 4.6 por ciento.<\/p>\n<p>Le siguen servicios para empresas con 3.6 por ciento; transformaci\u00f3n 2.6; servicios sociales y comunales 2.5; el\u00e9ctrica 2.2; industria extractiva 1.3 y el sector agropecuario con 0.3 por ciento.<\/p>\n<p>En cuanto a las entidades federativas con los mejores resultados, est\u00e1n Quintana Roo con 8.9 por ciento de crecimiento; Tabasco 8.3; Baja California Sur 8.2; y Nayarit 7 por ciento.<\/p>\n<p>En el otro extremo con los porcentajes m\u00e1s bajos se ubican Tamaulipas con 0.3 por ciento; Durango 1.2; y Morelos 1.3.<\/p>\n<p>El Seguro Social inform\u00f3 que el salario base de cotizaci\u00f3n promedio de los puestos de trabajo afiliados al Instituto alcanz\u00f3 los 534 pesos, este salario representa un incremento anual nominal de 11.2%, el m\u00e1s alto registrado de los \u00faltimos 22 a\u00f1os considerando s\u00f3lo junios y, desde enero de 2019, el salario base de cotizaci\u00f3n mantiene aumentos anuales nominales iguales o superiores a 6.0 por ciento.<\/p>\n","protected":false},"excerpt":{"rendered":"<p>El Instituto Mexicano del Seguro Social (IMSS report\u00f3 que en el primer semestre del a\u00f1o se crearon 514 mil 411 empleos formales en el pa\u00eds, con lo que suma un registro de 21 millones 887 mil 307 afiliados. De estos, 86.4 por ciento tiene una plaza permanente y 13.69 por ciento son eventuales.<\/p>\n","protected":false},"author":3,"featured_media":589227,"comment_status":"open","ping_status":"open","sticky":false,"template":"","format":"standard","meta":{"_monsterinsights_skip_tracking":false,"_monsterinsights_sitenote_active":false,"_monsterinsights_sitenote_note":"","_monsterinsights_sitenote_category":0,"footnotes":""},"categories":[8],"tags":[98186,481,257],"class_list":["post-589178","post","type-post","status-publish","format-standard","has-post-thumbnail","hentry","category-finanzas","tag-crearon","tag-empleo","tag-imss"],"_links":{"self":[{"href":"https:\/\/www.diarioimagen.net\/index.php?rest_route=\/wp\/v2\/posts\/589178","targetHints":{"allow":["GET"]}}],"collection":[{"href":"https:\/\/www.diarioimagen.net\/index.php?rest_route=\/wp\/v2\/posts"}],"about":[{"href":"https:\/\/www.diarioimagen.net\/index.php?rest_route=\/wp\/v2\/types\/post"}],"author":[{"embeddable":true,"href":"https:\/\/www.diarioimagen.net\/index.php?rest_route=\/wp\/v2\/users\/3"}],"replies":[{"embeddable":true,"href":"https:\/\/www.diarioimagen.net\/index.php?rest_route=%2Fwp%2Fv2%2Fcomments&post=589178"}],"version-history":[{"count":0,"href":"https:\/\/www.diarioimagen.net\/index.php?rest_route=\/wp\/v2\/posts\/589178\/revisions"}],"wp:featuredmedia":[{"embeddable":true,"href":"https:\/\/www.diarioimagen.net\/index.php?rest_route=\/wp\/v2\/media\/589227"}],"wp:attachment":[{"href":"https:\/\/www.diarioimagen.net\/index.php?rest_route=%2Fwp%2Fv2%2Fmedia&parent=589178"}],"wp:term":[{"taxonomy":"category","embeddable":true,"href":"https:\/\/www.diarioimagen.net\/index.php?rest_route=%2Fwp%2Fv2%2Fcategories&post=589178"},{"taxonomy":"post_tag","embeddable":true,"href":"https:\/\/www.diarioimagen.net\/index.php?rest_route=%2Fwp%2Fv2%2Ftags&post=589178"}],"curies":[{"name":"wp","href":"https:\/\/api.w.org\/{rel}","templated":true}]}}