{"id":589209,"date":"2023-07-07T00:10:23","date_gmt":"2023-07-07T06:10:23","guid":{"rendered":"https:\/\/www.diarioimagen.net\/?p=589209"},"modified":"2023-07-10T00:24:59","modified_gmt":"2023-07-10T06:24:59","slug":"marcelo-a-la-baja","status":"publish","type":"post","link":"https:\/\/www.diarioimagen.net\/?p=589209","title":{"rendered":"Marcelo, a la baja"},"content":{"rendered":"<h2>De frente y de perfil<\/h2>\n<h5>Ram\u00f3n Zurita Sahag\u00fan<\/h5>\n<p>&nbsp;<\/p>\n<p>Como una sorpresa para muchos se presenta la ca\u00edda de Marcelo Ebrard Casaubon en las encuestas previas a las que habr\u00e1 de realizar su partido para elegir al candidato presidencial de Morena y aliados.<\/p>\n<p>Marcelo inici\u00f3 sus recorridos por el pa\u00eds un poco detr\u00e1s de los momios de Claudia Sheinbaum Pardo, pero, aparentemente, la estrategia dise\u00f1ada no le est\u00e1 rindiendo los frutos esperados.<\/p>\n<p>Para muchos fue una decepci\u00f3n el que Marcelo ofreciera de inicio la creaci\u00f3n de una secretar\u00eda de la 4T, si llegase a la Presidencia de la Rep\u00fablica y m\u00e1s, el hecho de que la misma la encabezar\u00eda Andr\u00e9s L\u00f3pez Beltr\u00e1n, el hijo del Presidente de la Rep\u00fablica. Otro golpe demoledor es el que circula por diversos medios de que Marcelo actu\u00f3 como caballo de Troya en el Estado de M\u00e9xico.<\/p>\n<p>Otro trancazo en su contra es el autoaplicado por el propio Marcelo, ya que se cre\u00eda que Ebrard Casaubon podr\u00eda aplicar una pol\u00edtica diferente dentro de la Cuarta Transformaci\u00f3n y m\u00e1s lo constituy\u00f3 el hecho de que el propio \u201cAndy\u201d, sali\u00f3 de inmediato a rechazarla, agradecer la distinci\u00f3n y aclarar que no juega con ninguna de las \u201ccorcholatas\u201d.<\/p>\n<p>Marcelo representaba la ilusi\u00f3n de aplicar nuevas pol\u00edticas, sin variar las pol\u00edticas sociales, pero lejano a la grandilocuencia del actual Ejecutivo federal y distante del choque continuo que mantiene en las ma\u00f1aneras.<\/p>\n<p>De las tres \u201ccorcholatas\u201d, Marcelo era la esperanza de las clases medias y algunos sectores que han sido golpeados por la actual administraci\u00f3n, ya que su trayectoria as\u00ed lo hac\u00eda sentir.<\/p>\n<p>Marcelo abrev\u00f3 del PRI, luego pas\u00f3 al PVEM. Sigui\u00f3 en el Centro Democr\u00e1tico, se ali\u00f3 con el PRD, coquete\u00f3 con MC y culmin\u00f3 en Morena, donde se afili\u00f3 para estar en condiciones de disputar la candidatura presidencial.<\/p>\n<p>Ese recorrido por diversos partidos hac\u00eda ver a Marcelo como el pol\u00edtico menos radical de las \u201ccorcholatas\u201d, con expectativas distintas y posibilidades de construir di\u00e1logos con la oposici\u00f3n y diversos sectores de la poblaci\u00f3n.<\/p>\n<p>Sin embargo, su desliz con la oferta al hijo del Presidente y otros errores de campa\u00f1a han menguado sus respaldos y lo sit\u00faan a la baja, alejado cada vez m\u00e1s de Claudia y cercano a Ad\u00e1n Augusto L\u00f3pez.<\/p>\n<p>Y es que Marcelo comenz\u00f3 titubeante sus recorridos por el pa\u00eds, demasiado relajado y los apoyos que se hab\u00edan manifestado a su favor se van alejando, dejando en claro que Marcelo no era como lo pintaban.<\/p>\n<p>Su retrato es distinto al de inicios de campa\u00f1a, su figura se diluye, se le ve apagado, sin chispa y con demasiadas quejas sobre sus adversarios internos.<\/p>\n<p>Lo peor de todo es que con la aparici\u00f3n de diversos personajes de la oposici\u00f3n, la atenci\u00f3n que se pone sobre las \u201ccorcholatas\u201d es menor y el crecimiento exponencial es el del nuevo fen\u00f3meno de la redes, X\u00f3chitl G\u00e1lvez, quien disfruta de sus momentos de \u00e9xito.<\/p>\n<p>Para colmo de males para Marcelo, Claudia muestra otra faceta, cambiando su discurso, acerc\u00e1ndose m\u00e1s a la gente y con mayor templanza y seguridad como muestra el video en el que unos opositores la increpan y cuestionan sobre el fracaso de la pol\u00edtica de la 4T y Claudia sin perder el aplomo les responde con un seco, buenas noches, evitando caer en confrontaciones.\u00a0 Dentro de las \u201ccorcholatas\u201d, Claudia crece, Marcelo va a la baja y Ad\u00e1n no muestra crecimiento.<\/p>\n<p>La atenci\u00f3n que recib\u00edan las \u201ccorcholatas\u201d comenzar\u00e1 a bajar en los d\u00edas siguiente, cuando se cierre el ciclo de registro de los aspirantes del Frente Amplio Opositor, se reduzca el n\u00famero de aspirantes y comience el debate en redes y medios del partido gobernante y la alianza opositora.<\/p>\n<p style=\"text-align: center;\"><strong>******<\/strong><\/p>\n<p>X\u00f3chitl G\u00e1lvez contin\u00faa convulsionando a las redes sociales con sus confesiones. Se asume como una mujer que habla siempre con la verdad, raz\u00f3n por la que confiesa haber consumido hongos alucin\u00f3genos, peyote y ayahuasca. En un intento por acercarse a los j\u00f3venes cada vez m\u00e1s renuentes a votar.<\/p>\n<p><a href=\"mailto:ramonzurita44@hotmail.com\" target=\"_blank\" rel=\"noopener noreferrer\"><em>ramonzurita44@hotmail.com<\/em><\/a><\/p>\n","protected":false},"excerpt":{"rendered":"<p><span style=\"color: #005497;\"><strong>Ram\u00f3n Zurita Sahag\u00fan<\/strong><\/span><br \/>\n<br \/>\nComo una sorpresa para muchos se presenta la ca\u00edda de Marcelo Ebrard Casaubon en las encuestas previas a las que habr\u00e1 de realizar su partido para elegir al candidato presidencial de Morena y aliados.<\/p>\n","protected":false},"author":3,"featured_media":589216,"comment_status":"open","ping_status":"open","sticky":false,"template":"","format":"standard","meta":{"_monsterinsights_skip_tracking":false,"_monsterinsights_sitenote_active":false,"_monsterinsights_sitenote_note":"","_monsterinsights_sitenote_category":0,"footnotes":""},"categories":[234],"tags":[304,43674,43687],"class_list":["post-589209","post","type-post","status-publish","format-standard","has-post-thumbnail","hentry","category-ramon-zurita-sahagun","tag-de-frente-y-de-perfil","tag-opinion","tag-ramon-zurita-sahagun"],"_links":{"self":[{"href":"https:\/\/www.diarioimagen.net\/index.php?rest_route=\/wp\/v2\/posts\/589209","targetHints":{"allow":["GET"]}}],"collection":[{"href":"https:\/\/www.diarioimagen.net\/index.php?rest_route=\/wp\/v2\/posts"}],"about":[{"href":"https:\/\/www.diarioimagen.net\/index.php?rest_route=\/wp\/v2\/types\/post"}],"author":[{"embeddable":true,"href":"https:\/\/www.diarioimagen.net\/index.php?rest_route=\/wp\/v2\/users\/3"}],"replies":[{"embeddable":true,"href":"https:\/\/www.diarioimagen.net\/index.php?rest_route=%2Fwp%2Fv2%2Fcomments&post=589209"}],"version-history":[{"count":0,"href":"https:\/\/www.diarioimagen.net\/index.php?rest_route=\/wp\/v2\/posts\/589209\/revisions"}],"wp:featuredmedia":[{"embeddable":true,"href":"https:\/\/www.diarioimagen.net\/index.php?rest_route=\/wp\/v2\/media\/589216"}],"wp:attachment":[{"href":"https:\/\/www.diarioimagen.net\/index.php?rest_route=%2Fwp%2Fv2%2Fmedia&parent=589209"}],"wp:term":[{"taxonomy":"category","embeddable":true,"href":"https:\/\/www.diarioimagen.net\/index.php?rest_route=%2Fwp%2Fv2%2Fcategories&post=589209"},{"taxonomy":"post_tag","embeddable":true,"href":"https:\/\/www.diarioimagen.net\/index.php?rest_route=%2Fwp%2Fv2%2Ftags&post=589209"}],"curies":[{"name":"wp","href":"https:\/\/api.w.org\/{rel}","templated":true}]}}