{"id":589211,"date":"2023-07-07T00:13:29","date_gmt":"2023-07-07T06:13:29","guid":{"rendered":"https:\/\/www.diarioimagen.net\/?p=589211"},"modified":"2023-07-07T01:16:10","modified_gmt":"2023-07-07T07:16:10","slug":"necesidad-de-empleo","status":"publish","type":"post","link":"https:\/\/www.diarioimagen.net\/?p=589211","title":{"rendered":"Necesidad de empleo\u00a0"},"content":{"rendered":"<h2>Se comenta s\u00f3lo con\u2026<\/h2>\n<h5>Carlos Ramos Padilla*<\/h5>\n<p>&nbsp;<\/p>\n<p>Muy a pesar de los festejos presidenciales por \u201csus logros\u201d, la pobreza y la miseria en el pa\u00eds se ha incrementado aun con la vergonzante presunci\u00f3n de la llegada de m\u00e1s remesas. El drama del hambre y desempleo ha pegado a muchas familias.<\/p>\n<p>El Consejo Nacional de Evaluaci\u00f3n de la Pol\u00edtica de Desarrollo Social inform\u00f3 que s\u00f3lo en los dos primeros a\u00f1os de gobierno de AMLO, la poblaci\u00f3n en situaci\u00f3n de pobreza creci\u00f3 en 3.8 millones de personas y en 2.1 millones las personas en extrema pobreza.<\/p>\n<p>M\u00e9xico ocupa el lugar 49 de 111 pa\u00edses con un 7.39 por ciento de pobres. Los estados que sobresalen son Chiapas, Guerrero y Oaxaca, por la suma de m\u00e1s indigentes. Las d\u00e1divas no han sido ni siquiera suficientes para calmar el hambre.<\/p>\n<p>La llamada brecha laboral se estableci\u00f3 en un 18.2% en mayo pasado, lo que significa que 11.9 millones de mexicanos urgen por encontrar un trabajo. En Palacio Nacional se jactan de haber logrado mayor n\u00famero de plazas laborales, cosa que merece dos comentarios: Es la iniciativa privada la que genera empleos, no el gobierno, y dos, los salarios son m\u00ednimos, insultantes. Los indicadores m\u00e1s amplios de la necesidad de empleo, se ubic\u00f3 en mayo en 18.2% la cifra m\u00e1s alta desde septiembre de 2022, seg\u00fan registros de la Encuesta Nacional de Ocupaci\u00f3n y Empleo.<\/p>\n<p>El reporte contempla a las personas que est\u00e1n abiertamente desocupadas, a las inactivas, pero aptas para trabajar y a las subocupadas. En pocas palabras, en estos momentos 11.9 millones de mexicanos urgen de un trabajo.<\/p>\n<p>Entonces, vemos que hay dos pol\u00edticas p\u00fablicas que no han tenido los resultados ni esperados ni prometidos: \u201cAbrazos, no balazos\u201d y \u201cprimero los pobres\u201d. Se entiende, entonces, la confesi\u00f3n presidencial cuando AMLO sostuvo que a los pobres se les usa como estrategia pol\u00edtica.<\/p>\n<p>Para el mes de febrero de 2020, antes de la nociva presencia de la pandemia en el mercado laboral, la necesidad de empleo abarcaba al 19.7% de la fuerza de trabajo potencial. Entonces, la brecha laboral alcanz\u00f3 un m\u00e1ximo hist\u00f3rico de 52.9%.<\/p>\n<p>M\u00e1s grave a\u00fan es que apenas hace dos meses la p\u00e9rdida de empleos lleg\u00f3 a 600 mil puestos de trabajo. El panorama es muy oscuro cuando a esto sumamos que debido a la determinaci\u00f3n presidencial de fronteras abiertas el n\u00famero de desocupados e indigentes extranjeros, la mayor\u00eda ilegales, llegados en caravanas desde el centro y sur de Am\u00e9rica se han asentado en varias ciudades solicitando apoyos y limosnas en la v\u00eda p\u00fablica sin siquiera intentar colocarse en un empleo temporal.<\/p>\n<p>A un a\u00f1o del cierre de sexenio, \u00e9stas no son malas noticias, son p\u00e9simas para un gobierno que lleg\u00f3 al poder primero a la Ciudad de M\u00e9xico y luego a nivel federal.<\/p>\n<p><a href=\"https:\/\/twitter.com\/cramospadilla?ref_src=twsrc%5Egoogle%7Ctwcamp%5Eserp%7Ctwgr%5Eauthor\" target=\"_blank\" rel=\"noopener\"><em>@cramospadilla<\/em><\/a><\/p>\n<blockquote><p><em>* Conductor del programa <strong>Va en serio<\/strong>, Mexiquense TV Canal 34.2, IZZI Canal 135 y Mexiquense Radio.<\/em><\/p><\/blockquote>\n","protected":false},"excerpt":{"rendered":"<p><span style=\"color: #005497;\"><strong>Carlos Ramos Padilla<\/strong><\/span><\/p>\n","protected":false},"author":3,"featured_media":0,"comment_status":"open","ping_status":"open","sticky":false,"template":"","format":"standard","meta":{"_monsterinsights_skip_tracking":false,"_monsterinsights_sitenote_active":false,"_monsterinsights_sitenote_note":"","_monsterinsights_sitenote_category":0,"footnotes":""},"categories":[97109],"tags":[97108,43674,97107],"class_list":["post-589211","post","type-post","status-publish","format-standard","hentry","category-carlos-ramos-padilla","tag-carlos-ramos-padilla","tag-opinion","tag-se-comenta-solo-con"],"_links":{"self":[{"href":"https:\/\/www.diarioimagen.net\/index.php?rest_route=\/wp\/v2\/posts\/589211","targetHints":{"allow":["GET"]}}],"collection":[{"href":"https:\/\/www.diarioimagen.net\/index.php?rest_route=\/wp\/v2\/posts"}],"about":[{"href":"https:\/\/www.diarioimagen.net\/index.php?rest_route=\/wp\/v2\/types\/post"}],"author":[{"embeddable":true,"href":"https:\/\/www.diarioimagen.net\/index.php?rest_route=\/wp\/v2\/users\/3"}],"replies":[{"embeddable":true,"href":"https:\/\/www.diarioimagen.net\/index.php?rest_route=%2Fwp%2Fv2%2Fcomments&post=589211"}],"version-history":[{"count":0,"href":"https:\/\/www.diarioimagen.net\/index.php?rest_route=\/wp\/v2\/posts\/589211\/revisions"}],"wp:attachment":[{"href":"https:\/\/www.diarioimagen.net\/index.php?rest_route=%2Fwp%2Fv2%2Fmedia&parent=589211"}],"wp:term":[{"taxonomy":"category","embeddable":true,"href":"https:\/\/www.diarioimagen.net\/index.php?rest_route=%2Fwp%2Fv2%2Fcategories&post=589211"},{"taxonomy":"post_tag","embeddable":true,"href":"https:\/\/www.diarioimagen.net\/index.php?rest_route=%2Fwp%2Fv2%2Ftags&post=589211"}],"curies":[{"name":"wp","href":"https:\/\/api.w.org\/{rel}","templated":true}]}}