{"id":589256,"date":"2023-07-07T00:08:15","date_gmt":"2023-07-07T06:08:15","guid":{"rendered":"https:\/\/www.diarioimagen.net\/?p=589256"},"modified":"2023-07-07T03:05:04","modified_gmt":"2023-07-07T09:05:04","slug":"el-divisionismo-priista-2","status":"publish","type":"post","link":"https:\/\/www.diarioimagen.net\/?p=589256","title":{"rendered":"El divisionismo priista"},"content":{"rendered":"<h2>Punto por punto<\/h2>\n<h5>Augusto Corro<\/h5>\n<p>&nbsp;<\/p>\n<p>El Partido Revolucionario Institucional (PRI) cay\u00f3 en el divisionismo que dif\u00edcilmente superar\u00e1.<\/p>\n<p>La reciente renuncia de cuatro senadores al partido, s\u00f3lo presenta una parte de los conflictos que se viven en esa organizaci\u00f3n pol\u00edtica.<\/p>\n<p>La divisi\u00f3n interna amenaza con crecer ante la cerraz\u00f3n de su dirigencia actual, encabezada por el diputado y ex gobernador de Campeche, Alejandro \u201cAlito\u201d Moreno.<\/p>\n<p>Ser\u00e1 interesante saber si el divisionismo priista va a crecer o sus l\u00edderes detendr\u00e1n el deterioro que golpea al partido.<\/p>\n<p>Con la renuncia de los senadores, \u00fanicamente se confirm\u00f3 que \u201cAlito\u201d no es aceptado como su l\u00edder m\u00e1ximo.<\/p>\n<p>La inconformidad contra el ex gobernador campechano aument\u00f3 cada d\u00eda. En el presente, son decenas de priistas que renunciaron al tricolor.<\/p>\n<p>No pudieron hacer a un lado a \u201cAlito\u201d, que con su grupo de incondicionales manejar\u00e1 el partido el tiempo que quiera.<\/p>\n<p>El asunto que se encuentra por resolver est\u00e1 relacionado con la designaci\u00f3n de la candidata o candidato de la oposici\u00f3n que participe en la contienda electoral de 2024.<\/p>\n<p>En el Revolucionario Institucional s\u00f3lo quedaron dos aspirantes con relativa fuerza pol\u00edtica: la senadora Beatriz Paredes y el ex secretario de Turismo, Enrique de la Madrid.<\/p>\n<p>Cabe preguntar hasta d\u00f3nde llegar\u00e1 el empe\u00f1o del dirigente tricolor para que Beatriz o Enrique sea el abanderado del Frente Amplio por M\u00e9xico.<\/p>\n<p>Quiz\u00e1s hace varias semanas, la selecci\u00f3n de los presidenciables priistas no representaba un problema complejo.<\/p>\n<p>Sin embargo, el destape de X\u00f3chitl G\u00e1lvez, como candidata a las presidenciales de 2024, pasm\u00f3 a los dirigentes pol\u00edticos.<\/p>\n<p>Aparentemente, la aspirante hidalguense resolvi\u00f3 el problema de la designaci\u00f3n de la candidatura presidencial.<\/p>\n<p>Pero en la realidad, X\u00f3chitl G\u00e1lvez provoc\u00f3 que algunos precandidatos se alejaran de la contienda y se agitaran las aguas en los partidos.<\/p>\n<p>Por ejemplo, en Acci\u00f3n Nacional tienen o ten\u00edan como posible precandidato al diputado Santiago Creel.<\/p>\n<p>Con la intenci\u00f3n de X\u00f3chitl G\u00e1lvez de competir, los panistas tendr\u00e1n que decidir qui\u00e9n los representar\u00e1 de Santiago Creel y la hidalguense.<\/p>\n<p>En Acci\u00f3n Nacional se ignora la suerte de Creel. En el PRI tampoco se conoce el destino de la senadora Beatriz Paredes.<\/p>\n<p>En el Partido de la Revoluci\u00f3n Democr\u00e1tica (PRD) ya resolvieron su problema: El ex gobernador michoacano, Silvano Aureoles Conejo tambi\u00e9n renunci\u00f3 a la candidatura que promov\u00edan los dirigentes del sol azteca.<\/p>\n<p>En esas condiciones, los perredistas estar\u00e1n en el Frente Amplio por M\u00e9xico para servirle al m\u00e1s fuerte, con la idea de que el candidato designado surja de alg\u00fan partido o de la sociedad civil.<\/p>\n<p>El PRD se encuentra en las mismas condiciones pol\u00edticas que el PRI. Ambas organizaciones pol\u00edticas tratar\u00e1n de seguir con vida en el pr\u00f3ximo sexenio.<\/p>\n<p>En esa situaci\u00f3n, los tres partidos de la alianza PAN, PRI y PRD estar\u00edan m\u00e1s preocupados por ganar diputaciones y senadur\u00edas que la propia silla presidencial.<\/p>\n<p>Y los responsables de autorizar esas candidaturas ser\u00e1n los dirigentes del PAN y del PRI, Marko Cort\u00e9s y \u201cAlito\u201d Moreno, respectivamente.<\/p>\n<p>De ah\u00ed, el inter\u00e9s de los dirigentes de ampliar su tiempo como l\u00edderes de sus respectivos partidos. Lo lograron.<\/p>\n<p>Con el poder absoluto en las manos, \u201cAlito\u201d s\u00f3lo tiene que esperar el inicio de las designaciones para los cargos priistas de representaci\u00f3n popular.<\/p>\n<p>En el rengl\u00f3n de las candidaturas, el partido Movimiento de Regeneraci\u00f3n Nacional (Morena) tambi\u00e9n tiene un inter\u00e9s para contar con mayor\u00eda de legisladores en la C\u00e1mara de Diputados y Senadores.<\/p>\n<p>Lo anterior se deriva de los cambios a la Constituci\u00f3n que se pretenden hacer en el pr\u00f3ximo sexenio.<\/p>\n<p>En fin, la lucha pol\u00edtica por la sucesi\u00f3n presidencial apenas empieza. Poco a poco todos los partidos pol\u00edticos mostrar\u00e1n sus debilidades y fortalezas.<\/p>\n<p>\u00bfUsted qu\u00e9 opina amable lector?<\/p>\n<p><a href=\"mailto:augustocorro2742@gmail.com\" target=\"_blank\" rel=\"noopener\"><em>augustocorro2742@gmail.com<\/em><\/a><\/p>\n","protected":false},"excerpt":{"rendered":"<p><span style=\"color: #005497;\"><strong>Augusto Corro<\/strong><\/span><\/p>\n","protected":false},"author":3,"featured_media":0,"comment_status":"open","ping_status":"open","sticky":false,"template":"","format":"standard","meta":{"_monsterinsights_skip_tracking":false,"_monsterinsights_sitenote_active":false,"_monsterinsights_sitenote_note":"","_monsterinsights_sitenote_category":0,"footnotes":""},"categories":[157],"tags":[43686,43674,11515],"class_list":["post-589256","post","type-post","status-publish","format-standard","hentry","category-augusto-corro","tag-augusto-corro","tag-opinion","tag-punto-por-punto"],"_links":{"self":[{"href":"https:\/\/www.diarioimagen.net\/index.php?rest_route=\/wp\/v2\/posts\/589256","targetHints":{"allow":["GET"]}}],"collection":[{"href":"https:\/\/www.diarioimagen.net\/index.php?rest_route=\/wp\/v2\/posts"}],"about":[{"href":"https:\/\/www.diarioimagen.net\/index.php?rest_route=\/wp\/v2\/types\/post"}],"author":[{"embeddable":true,"href":"https:\/\/www.diarioimagen.net\/index.php?rest_route=\/wp\/v2\/users\/3"}],"replies":[{"embeddable":true,"href":"https:\/\/www.diarioimagen.net\/index.php?rest_route=%2Fwp%2Fv2%2Fcomments&post=589256"}],"version-history":[{"count":0,"href":"https:\/\/www.diarioimagen.net\/index.php?rest_route=\/wp\/v2\/posts\/589256\/revisions"}],"wp:attachment":[{"href":"https:\/\/www.diarioimagen.net\/index.php?rest_route=%2Fwp%2Fv2%2Fmedia&parent=589256"}],"wp:term":[{"taxonomy":"category","embeddable":true,"href":"https:\/\/www.diarioimagen.net\/index.php?rest_route=%2Fwp%2Fv2%2Fcategories&post=589256"},{"taxonomy":"post_tag","embeddable":true,"href":"https:\/\/www.diarioimagen.net\/index.php?rest_route=%2Fwp%2Fv2%2Ftags&post=589256"}],"curies":[{"name":"wp","href":"https:\/\/api.w.org\/{rel}","templated":true}]}}