{"id":589259,"date":"2023-07-07T00:03:16","date_gmt":"2023-07-07T06:03:16","guid":{"rendered":"https:\/\/www.diarioimagen.net\/?p=589259"},"modified":"2023-07-07T03:06:41","modified_gmt":"2023-07-07T09:06:41","slug":"tercer-grado-ya-pierde-creel","status":"publish","type":"post","link":"https:\/\/www.diarioimagen.net\/?p=589259","title":{"rendered":"Tercer Grado. Ya pierde Creel"},"content":{"rendered":"<h2>Espacio Electoral<\/h2>\n<h5>Eleazar Flores<\/h5>\n<p>&nbsp;<\/p>\n<p><strong>BUEN EJERCICIO-.<\/strong> Los televidentes de la televisi\u00f3n abierta ya comparan entre TERCER GRADO Y TERCER GRADO DEPORTIVO, que en lo personal son de lo m\u00e1s salvable en el canal de las estrellas, as\u00ed algunos participantes lleguen por el elevador sin el esfuerzo de subir las escaleras, cuya culpa es de otros, no de ellos.<\/p>\n<p>Lo sano para Genarito -de academismo reconocido pero hasta ah\u00ed- es que para calificar a los partidos pol\u00edticos no evitara adjetivos pero s\u00ed ataques como eso de que el PRI es una cucaracha, evidenciando su clasismo, adem\u00e1s de ser, seguramente, producto de la educaci\u00f3n privada. Tan impropio estuvo que alg\u00fan panelista, Leo, Rivapalacio u otro, lo corrigi\u00f3 sobre la marcha pero\u2026<\/p>\n<p>La novedad de Genarito Lozano fue su nuevo \u201clook\u201d, que le hubiera sentado mejor el de \u201cpr\u00edncipe valiente\u201d, comportamiento parecido al del \u201cizquierdista\u201d Gibr\u00e1n Ram\u00edrez, reconocido doctor en Ciencia Pol\u00edtica que insult\u00f3 a Mu\u00f1oz Ledo y presumi\u00f3 derrotar a Mario Delgado en busca de la dirigencia nacional de Morena, pero cedi\u00f3 ante el primer ofrecimiento que \u00e9ste le hizo.<\/p>\n<p>Para los lectores y visores de la televisi\u00f3n abierta, qu\u00e9 bueno por el renuevo generacional de los analistas, para que no se crea que estoy porque permanezcan los de JUVENTUD ACUMULADA, muchos de cuyos iniciadores de TERCER GRADO ya destacan en otros frentes, pero quienes se quedaron en lo absoluto desmerecen, respetabil\u00edsimos sin el m\u00ednimo regateo pues eso ser\u00eda faltar el respeto a su enciclopedia de la vida pol\u00edtica nacional, incluso internacional.<\/p>\n<p>S\u00f3lo por su menci\u00f3n inicial, TERCER GRADO DEPORTIVO ha dicho lo que nadie, l\u00e1stima que los DUE\u00d1OS DEL BAL\u00d3N no hagan caso por m\u00e1s que Faitelson abra los ojos m\u00e1s que la boca.<\/p>\n<p><strong>CREEL EN DECLIVE-.<\/strong> Si X\u00f3chitl gan\u00f3 en pocos d\u00edas lo que nadie por su sonrisa y franqueza, con esa misma velocidad el aspirante panista Santiago Creel Miranda ha perdido desde antes que empiece la carrera, pues sus disparates contra el presidente Andr\u00e9s Manuel L\u00f3pez Obrador afectan menos que sus arrebatos hasta enrojecer o llorar con c\u00e1maras o micr\u00f3fonos al frente.<\/p>\n<p>Si al mandatario se le critica su DESESPERANTE LENTITUD y abuso de la preposici\u00f3n DE, al candidato \u201cBLANCO\u201d su lenguaje sin freno llega al grado de ser inentendible cuando se encarrera. Imag\u00ednese ese estilo oratorio en la ONU o en cualquier otra tribuna nacional o internacional.<\/p>\n<p>Con esa \u201cTRANQUILIDAD\u201d, don Santiago Creel perder\u00e1 dentro de poco la PRESIDENCIA de la C\u00e1mara baja y de la candidatura del FRENTE AMPLIO POR M\u00c9XICO mejor ni hablar, pues cuadros como Enrique de la Madrid, Beatriz Paredes y hasta el michoacano Aureoles le llevan delantera.<\/p>\n<p>El fen\u00f3meno X\u00f3chitl G\u00e1lvez es caso aparte, pues as\u00ed AMLO ya no la cite, avanza.<\/p>\n<p><em><a href=\"mailto:elefa44@gmail.com\" target=\"_blank\" rel=\"noopener noreferrer\">elefa44@gmail.com<\/a><\/em><\/p>\n","protected":false},"excerpt":{"rendered":"<p><span style=\"color: #005497;\"><strong>Eleazar Flores<\/strong><\/span><\/p>\n","protected":false},"author":3,"featured_media":0,"comment_status":"open","ping_status":"open","sticky":false,"template":"","format":"standard","meta":{"_monsterinsights_skip_tracking":false,"_monsterinsights_sitenote_active":false,"_monsterinsights_sitenote_note":"","_monsterinsights_sitenote_category":0,"footnotes":""},"categories":[81743],"tags":[81744,81776,43674],"class_list":["post-589259","post","type-post","status-publish","format-standard","hentry","category-eleazar-flores","tag-eleazar-flores","tag-espacio-electoral","tag-opinion"],"_links":{"self":[{"href":"https:\/\/www.diarioimagen.net\/index.php?rest_route=\/wp\/v2\/posts\/589259","targetHints":{"allow":["GET"]}}],"collection":[{"href":"https:\/\/www.diarioimagen.net\/index.php?rest_route=\/wp\/v2\/posts"}],"about":[{"href":"https:\/\/www.diarioimagen.net\/index.php?rest_route=\/wp\/v2\/types\/post"}],"author":[{"embeddable":true,"href":"https:\/\/www.diarioimagen.net\/index.php?rest_route=\/wp\/v2\/users\/3"}],"replies":[{"embeddable":true,"href":"https:\/\/www.diarioimagen.net\/index.php?rest_route=%2Fwp%2Fv2%2Fcomments&post=589259"}],"version-history":[{"count":0,"href":"https:\/\/www.diarioimagen.net\/index.php?rest_route=\/wp\/v2\/posts\/589259\/revisions"}],"wp:attachment":[{"href":"https:\/\/www.diarioimagen.net\/index.php?rest_route=%2Fwp%2Fv2%2Fmedia&parent=589259"}],"wp:term":[{"taxonomy":"category","embeddable":true,"href":"https:\/\/www.diarioimagen.net\/index.php?rest_route=%2Fwp%2Fv2%2Fcategories&post=589259"},{"taxonomy":"post_tag","embeddable":true,"href":"https:\/\/www.diarioimagen.net\/index.php?rest_route=%2Fwp%2Fv2%2Ftags&post=589259"}],"curies":[{"name":"wp","href":"https:\/\/api.w.org\/{rel}","templated":true}]}}