{"id":589261,"date":"2023-07-07T00:11:06","date_gmt":"2023-07-07T06:11:06","guid":{"rendered":"https:\/\/www.diarioimagen.net\/?p=589261"},"modified":"2023-07-07T03:09:10","modified_gmt":"2023-07-07T09:09:10","slug":"otro-fracaso-de-amlo-su-sucesion","status":"publish","type":"post","link":"https:\/\/www.diarioimagen.net\/?p=589261","title":{"rendered":"Otro fracaso de AMLO: \u00bfSu sucesi\u00f3n?"},"content":{"rendered":"<h2>\u00cdndice pol\u00edtico<\/h2>\n<h5>Francisco Rodr\u00edguez<\/h5>\n<p>&nbsp;<\/p>\n<p>Hasta hace poco m\u00e1s de 15 d\u00edas todo marchaba \u201ccomo relojito\u201d al que el propio <strong>Andr\u00e9s Manuel L\u00f3pez Obrador<\/strong> le hab\u00eda dado cuerda.<\/p>\n<p>El <strong><em>blueprint<\/em><\/strong>, el plan, estaba dise\u00f1ado a la perfecci\u00f3n. Rutas a seguir, atajos, el camino libre hacia el triunfo en las elecciones del primer domingo de junio de 2024\u2026<\/p>\n<p>\u2026pero hoy todo le pinta para \u00a1fracaso!<\/p>\n<p><strong>Claudia Sheinbaum<\/strong> <u>ni f\u00fa ni f\u00e1<\/u>. No conmueve ni a sus equiperos. Y en pol\u00edtica la emoci\u00f3n es fundamental.<\/p>\n<p><strong>Ad\u00e1n L\u00f3pez<\/strong> s\u00ed excita, pero por tramposo, rijoso y <u>enamoradizo<\/u> es repulsi\u00f3n lo que provoca.<\/p>\n<p><strong>Marcelo Ebrard<\/strong> enciende expectativas. \u00bfCu\u00e1nto m\u00e1s <u>aguantar\u00e1<\/u> las \u201cchicanadas\u201d que, dijo, lo har\u00edan abandonar Morena?<\/p>\n<p><strong>Ricardo Monreal<\/strong> asombra por su <u>sensatez,<\/u> incluso cuando el descuidado y parcial <strong>Mario Delgado<\/strong> lo se\u00f1ala de ser quien m\u00e1s ha gastado en su periplo por el pa\u00eds, cuando ha sido quien m\u00e1s austero se ha visto. En apenas dos semanas, el <u>experimento<\/u> pol\u00edtico de Andr\u00e9s Manuel L\u00f3pez Obrador ya demostr\u00f3 ser un fiasco.<\/p>\n<p>Amordazados, dirigidos por \u00e9l en todo momento, los cuatro a quienes peyorativamente \u00e9l llama \u201ccorcholatas\u201d no avanzan, no van hacia alg\u00fan lado y, lo peor, han perdido mucho m\u00e1s de lo poco que han ganado en las dos primeras semanas de lo que ser\u00e1 un extenso y candente verano\u2026 hasta casi entrando el oto\u00f1o.<\/p>\n<p>El saldo de los primeros siete d\u00edas de campa\u00f1a fue que sus precandidaturas disfrazadas ya eran vomitivas, de tan repetitivas en halagos al reyecito\u2026 halagos que suenan y resuenan m\u00e1s falsos que un <strong>Van Gogh<\/strong> que venden en el bazar dominical de <em>La Lagunilla<\/em>. Al t\u00e9rmino de la segunda semana puede afirmarse que sus apariciones p\u00fablicas en m\u00edtines y en reuniones, \u00a1ya son contraproducentes!<\/p>\n<p>Porque mientras se atacan entre s\u00ed, restan y ya no suman. Todo ello, por supuesto, recuerda a <strong>Pedro Almod\u00f3var<\/strong>:<\/p>\n<p>AMLO est\u00e1 al borde de un ataque de nervios que, en su caso \u2014ni Dios lo quiera\u2014 puede conducirlo a un nuevo infarto.<\/p>\n<p>Se le nota.<\/p>\n<p>En sus matin\u00e9s se le ve y escucha enojado, excedido en el empleo de adjetivos que descalifican.<\/p>\n<p>Ha venido sucediendo desde el s\u00e1bado anterior, cuando en el Z\u00f3calo se lanz\u00f3 en contra de sus opositores, violando toda la legislaci\u00f3n electoral y, de paso, la m\u00e1s m\u00ednima \u00e9tica que debe observar un verdadero jefe de Estado.<\/p>\n<p>Sus \u201ccorcholatas\u201d no\u2019m\u00e1s no se levantan.<\/p>\n<p>Siguen tiradas en el piso, a la espera de que \u00e9l alce a alguna de ellas y diga cu\u00e1l es la que no se ir\u00e1 al bote de la basura.<\/p>\n<p style=\"text-align: center;\"><strong>Una roca en su camino<\/strong><\/p>\n<p>Mientras que enfrente, en las oposiciones unidas en alianza y posteriormente en un frente, hay movimiento, ascensos, descensos, sorpresas, irrupciones, discursos, apariciones en medios\u2026<\/p>\n<p>No le aunque que, como los morenos, panistas, pri\u00edstas y perredistas est\u00e9n a un pelito de rana de violar la ley.<\/p>\n<p><strong>X\u00f3chitl G\u00e1lvez,<\/strong> lo que es peor, ya est\u00e1 volviendo loco al ocupante \u2014con todo y tropas\u2014 de Palacio Nacional, quien, a diario, al atacarla, le ayuda enormidades en popularidad a la hidalguense.<\/p>\n<p><strong>Santiago Creel<\/strong>, con gritos destemplados que qui\u00e9n sabe de d\u00f3nde le saldr\u00edan, ya hizo que AMLO sacara a relucir ooootra vez su lastimera auto conmiseraci\u00f3n. \u201c\u00a1Ay, pobrecito de m\u00ed! \u00a1Soy el m\u00e1s atacado de todos los presidentes!\u201d.<\/p>\n<p>Mesurado, <strong>Enrique de la Madrid<\/strong> no ha provocado, a\u00fan, ninguna reacci\u00f3n negativa en Palacio Nacional. Pero, eso s\u00ed, s\u00f3lo de pensar en la posibilidad de un debate X\u00f3chitl \u2013 Sheinbaum, AMLO debe estar mordi\u00e9ndose las u\u00f1as pues su \u201ccorcholata\u201d, al no estar bajo su axila, nada tiene que ofrecer\u2026 sino pena. Como le ha sucedido con todo \u2014AIFA, Dos Bocas, Tren Maya, <strong><em>et al<\/em><\/strong>\u2014 el plan ranchero sucesorio de la 4T no funciona. Y no funcionar\u00e1 como L\u00f3pez Obrador desea. Ya lo ver\u00e1 usted.<\/p>\n<p style=\"text-align: center;\"><strong>Indicios<\/strong><\/p>\n<p>La criba del conocimiento popular ha dejado, hasta la tarde del jueves, menos aspirantes a la candidatura de las oposiciones: Adem\u00e1s de los tres mencionados l\u00edneas arriba quedan el expresidente del Senado, <strong>Jorge Luis Preciado<\/strong>; el exgobernador de Guanajuato, el exgobernador de Tamaulipas, <strong>Francisco Javier Garc\u00eda Cabeza de Vaca<\/strong>; el diputado panista <strong>Gabriel Quadri<\/strong>; la expresidenta del PRI, <strong>Beatriz Paredes<\/strong>; el exsecretario de Econom\u00eda, <strong>Ildefonso Guajardo<\/strong>; el exgobernador de Michoac\u00e1n, <strong>Silvano Aureoles<\/strong>; y el exjefe de gobierno capitalino, <strong>Miguel \u00c1ngel Mancera<\/strong>. La pr\u00f3xima semana, seguro, ser\u00e1n mucho menos. * * * El docto e internacionalmente reconocido <strong>Jos\u00e9 \u00c1ngel Gurr\u00eda<\/strong> decidi\u00f3 bajarse de la contienda y, a invitaci\u00f3n de <strong>Marko Cort\u00e9s, Alejandro <em>Alito <\/em>Moreno<\/strong> y <strong>Jes\u00fas Zambrano<\/strong>, dirigentes del PAN, PRI y PRD, respectivamente, acept\u00f3 conformar y encabezar un grupo de destacados mexicanos que elaborar\u00e1n <u>el plan de rescate<\/u> de nuestro pa\u00eds, luego de la debacle al que lo ha llevado la 4T. * * * Abrazo solidario al colega <strong>Carlos Jim\u00e9nez<\/strong>, quien ha sido amenazado por un grupo de cobardes delincuentes que ocultan sus rostros tras capuchas. El gobierno federal ya le otorg\u00f3 protecci\u00f3n. * * * La infiltraci\u00f3n del narcotr\u00e1fico en la Cuarta Transformaci\u00f3n es cada vez m\u00e1s evidente. No s\u00f3lo ayudan al movimiento de un solo hombre a ganar elecciones, como sucedi\u00f3 en las de 2021 en el noreste del territorio nacional- Ahora tambi\u00e9n pactan en desayunos con autoridades municipales, cual qued\u00f3 claro en un video donde se aprecia la reuni\u00f3n de uno de los cabecillas del c\u00e1rtel <strong><em>Los Ardillos<\/em><\/strong> con la alcaldesa de Chilpancingo, <strong>Norma Otilia Hern\u00e1ndez<\/strong>. * * * Otro tipo de delincuentes, ladrones \u00e9stos, anidan en el llamado Banco del Bienestar. Siguen los saqueos a cuentahabientes \u2013orde\u00f1a de las sumas depositadas\u2013 perpetrados desde el interior de la instituci\u00f3n que apenas tiene cuatro a\u00f1os de creaci\u00f3n. \u00bfSe imagina qu\u00e9 ser\u00eda de la clientela de Banamex, si AMLO hubiera conseguido adquirir la parte del banco que estuvo en venta? * * * Ahora resulta que, de acuerdo al \u201cdesgraciado\u201d \u2014Santiago Creel <strong><em>dixit<\/em><\/strong>\u2014 oriundo de Tabasco, los medios de comunicaci\u00f3n son culpables de magnificar la violencia en el pa\u00eds y explic\u00f3 que el asesinato que se llev\u00f3 a cabo la noche del mi\u00e9rcoles en la estaci\u00f3n del Bellas Artes del Metro fue a causa de un asalto por 15 mil pesos. Adem\u00e1s, manifest\u00f3 que ayer se tuvieron en total 64 homicidios y la mayor\u00eda se registraron en Guanajuato. Contar, s\u00ed cuenta. Pero en materia de seguridad p\u00fablica no contamos con \u00e9l. * * * Y por hoy es todo. Le deseo, como siempre, \u00a1buenas gracias y muchos, muchos d\u00edas!<\/p>\n<p><em><u><a href=\"http:\/\/www.indicepolitico.com\" target=\"_blank\" rel=\"noopener noreferrer\">www.indicepolitico.com<\/a><\/u><u><br \/>\n<\/u><a href=\"mailto:indicepolitico@gmail.com\" target=\"_blank\" rel=\"noopener noreferrer\">indicepolitico@gmail.com<\/a><\/em><br \/>\n<em><a href=\"https:\/\/twitter.com\/indicepolitico?lang=es\" target=\"_blank\" rel=\"noopener noreferrer\">@IndicePolitico<\/a><\/em><br \/>\n<em><u><a href=\"https:\/\/twitter.com\/pacorodriguez\" target=\"_blank\" rel=\"noopener noreferrer\">@pacorodriguez<\/a><\/u><\/em><\/p>\n","protected":false},"excerpt":{"rendered":"<p><span style=\"color: #005497;\"><strong>Francisco Rodr\u00edguez<\/strong><\/span><\/p>\n","protected":false},"author":3,"featured_media":0,"comment_status":"open","ping_status":"open","sticky":false,"template":"","format":"standard","meta":{"_monsterinsights_skip_tracking":false,"_monsterinsights_sitenote_active":false,"_monsterinsights_sitenote_note":"","_monsterinsights_sitenote_category":0,"footnotes":""},"categories":[549],"tags":[43689,550,43674],"class_list":["post-589261","post","type-post","status-publish","format-standard","hentry","category-francisco-rodriguez","tag-francisco-rodriguez","tag-indice-politico","tag-opinion"],"_links":{"self":[{"href":"https:\/\/www.diarioimagen.net\/index.php?rest_route=\/wp\/v2\/posts\/589261","targetHints":{"allow":["GET"]}}],"collection":[{"href":"https:\/\/www.diarioimagen.net\/index.php?rest_route=\/wp\/v2\/posts"}],"about":[{"href":"https:\/\/www.diarioimagen.net\/index.php?rest_route=\/wp\/v2\/types\/post"}],"author":[{"embeddable":true,"href":"https:\/\/www.diarioimagen.net\/index.php?rest_route=\/wp\/v2\/users\/3"}],"replies":[{"embeddable":true,"href":"https:\/\/www.diarioimagen.net\/index.php?rest_route=%2Fwp%2Fv2%2Fcomments&post=589261"}],"version-history":[{"count":0,"href":"https:\/\/www.diarioimagen.net\/index.php?rest_route=\/wp\/v2\/posts\/589261\/revisions"}],"wp:attachment":[{"href":"https:\/\/www.diarioimagen.net\/index.php?rest_route=%2Fwp%2Fv2%2Fmedia&parent=589261"}],"wp:term":[{"taxonomy":"category","embeddable":true,"href":"https:\/\/www.diarioimagen.net\/index.php?rest_route=%2Fwp%2Fv2%2Fcategories&post=589261"},{"taxonomy":"post_tag","embeddable":true,"href":"https:\/\/www.diarioimagen.net\/index.php?rest_route=%2Fwp%2Fv2%2Ftags&post=589261"}],"curies":[{"name":"wp","href":"https:\/\/api.w.org\/{rel}","templated":true}]}}