{"id":589265,"date":"2023-07-07T00:07:11","date_gmt":"2023-07-07T06:07:11","guid":{"rendered":"https:\/\/www.diarioimagen.net\/?p=589265"},"modified":"2023-07-07T03:13:30","modified_gmt":"2023-07-07T09:13:30","slug":"lopez-obrador-violo-el-principio-de-imparcialidad-decreto-el-tribunal-electoral","status":"publish","type":"post","link":"https:\/\/www.diarioimagen.net\/?p=589265","title":{"rendered":"L\u00f3pez Obrador viol\u00f3 el principio de imparcialidad, decret\u00f3 el Tribunal Electoral"},"content":{"rendered":"<h2>Clase Pol\u00edtica<\/h2>\n<h5>Miguel \u00c1ngel Rivera<\/h5>\n<p>&nbsp;<\/p>\n<p>Parec\u00eda que, tanto el oficialismo como la oposici\u00f3n, iban \u201cpor la libre\u201d, sin respetar las normas que ellos mismos aprobaron para evitar abusos en los procesos electorales y sin ser tocados por las autoridades que deben obligar a cumplir las normas.<\/p>\n<p>Ayer, finalmente, la situaci\u00f3n cambi\u00f3 por decisi\u00f3n de los magistrados del Tribunal Electoral del Poder Judicial de la Federaci\u00f3n (TEPJF), al considerar que el presidente Andr\u00e9s Manuel L\u00f3pez Obrador, con sus peroratas en sus cotidianas conferencias desde Palacio Nacional, vulner\u00f3 los principios de imparcialidad, neutralidad y equidad, en detrimento de los procesos electorales en curso y el federal, pr\u00f3ximo a iniciar.<\/p>\n<p>Los magistrados consideraron que, por tratarse de mensajes de<\/p>\n<p>naturaleza electoral, las palabras del primer mandatario \u201cpudieron generar una influencia indebida y un impacto en la ciudadan\u00eda que recibi\u00f3 la informaci\u00f3n\u201d, al expresar su preferencia electoral durante el periodo de inter-campa\u00f1as de los procesos electorales locales en el Estado de M\u00e9xico y de Coahuila y en v\u00edsperas del inicio del proceso electoral federal 2023-2024.<\/p>\n<p>En este caso, la decisi\u00f3n del TEPJF se puede considerar una \u201cllamada a misa\u201d, pues las leyes no prev\u00e9n sanciones para los servidores p\u00fablicos, por lo cual los magistrados se limitan a dar vista al \u00f3rgano Interno de Control de la Presidencia de la Rep\u00fablica y al Sistema P\u00fablico de Radiodifusi\u00f3n del Estado Mexicano los cuales, por supuesto, no actuar\u00e1n contra su jefe.<\/p>\n<p>El fallo del Tribunal Electoral fue en respuesta a denuncias presentadas por legisladores del PAN, del PRD y de MC por considerar que el titular del Ejecutivo Federal infringi\u00f3 las normas electorales con sus comentarios en materia pol\u00edtica durante su conferencia de prensa transmitida el 27 de marzo.<\/p>\n<p>\u201cEl hecho de que manifestara que hay un plan, que nombra C, el cual, a su decir, consiste en no votar por el bloque conservador para que siga la transformaci\u00f3n, y que ni un voto a los conservadores, s\u00ed a la transformaci\u00f3n, implica de forma directa un llamado expreso a no votar por una opci\u00f3n pol\u00edtica que refiere como \u2018bloque conservador\u2019 y hace un llamado as\u00ed a continuar con la \u2018transformaci\u00f3n que inici\u00f3 en 2018\u2019\u201d, expone la sentencia.<\/p>\n<p>Lo que tal vez resulte m\u00e1s molesto para L\u00f3pez Obrador es que, por unanimidad, el TEPJF orden\u00f3 inscribir su nombre en la lista de infractores electorales de la ley electoral, por considerar que viol\u00f3 el principio de equidad en la contienda e hizo un uso indebido del ejercicio de recursos p\u00fablicos por sus expresiones en la ma\u00f1anera del pasado 27 de marzo que tuvieron impacto en las elecciones del Estado de M\u00e9xico y Coahuila.<\/p>\n<p>En su llamado, los magistrados electorales incluyeron al vocero presidencial Jes\u00fas Ram\u00edrez, y otros funcionarios de la Presidencia y del gobierno federal denunciados por haber infringido la ley al emitir opiniones electorales en periodo de veda, en la mencionada conferencia matutina del 27 de marzo pasado.<\/p>\n<p>Por otra parte, el presidente y sus empleados p\u00fablicos no acataron la medida cautelar ordenada por el Instituto Nacional Electoral (INE), en la que se instruy\u00f3 retirar la transmisi\u00f3n de la conferencia de las redes sociales de la Presidencia. Adem\u00e1s, el primer mandatario incumpli\u00f3 con las medidas cautelares que le impuso la Comisi\u00f3n de Quejas y Denuncias del Instituto Nacional Electoral (INE) para retirar las declaraciones denunciadas de las plataformas oficiales y de las redes sociales.<\/p>\n<p>En consecuencia, tambi\u00e9n se orden\u00f3 dar vista al mencionado \u00d3rgano Interno de Control de la Oficina de la Presidencia para que aplique la sanci\u00f3n correspondiente al presidente Andr\u00e9s Manuel L\u00f3pez Obrador, como a sus subordinados, as\u00ed como al OIC del SPR para que aplique sanci\u00f3n a su director, Jenaro Villamil, por el uso indebido de recursos p\u00fablicos en la organizaci\u00f3n, producci\u00f3n y difusi\u00f3n al utilizar recursos materiales, humanos y econ\u00f3micos para la realizaci\u00f3n de la ma\u00f1anera en la que se hicieron las expresiones contrarias a la ley electoral.<\/p>\n<p>Lo anterior, concluyeron los juzgadores, afect\u00f3 los comicios que en ese momento estaban en curso en Coahuila y el Estado de M\u00e9xico y frente a los de 2024 que iniciar\u00e1 en septiembre pr\u00f3ximo, \u201cal generarse una posible desventaja electoral a los partidos pol\u00edticos contendientes\u201d.<\/p>\n<p>Todas las resoluciones de la Sala Especializada pueden ser impugnadas ante la Sala Superior de este mismo TEPJF.<\/p>\n<p>Por cierto, el presidente L\u00f3pez Obrador no s\u00f3lo tuvo reveses en el sector p\u00fablico, sino tambi\u00e9n en el medio privado, en concreto en lo que antes calificaba de \u201cbenditas\u201d redes sociales, pues YouTube \u201cbaj\u00f3\u201d otra ma\u00f1anera del inquilino de Palacio Nacional.<\/p>\n<p>Esto, luego de que el mandatario proyectara la canci\u00f3n de Grupo Frontera y Bad Bunny, lo cual viola la pol\u00edtica de derechos de autor en YouTube. En consecuencia, la conferencia ma\u00f1anera del presidente Andr\u00e9s Manuel L\u00f3pez Obrador de ayer fue retirada de los canales de Gobierno de M\u00e9xico y los personales del mandatario y sus colaboradores.<\/p>\n<p>\u201cVideo no disponible. Este video incluye contenido de The Orchard Music, que lo bloque\u00f3 por motivos relacionados con los derechos de autor\u201d, se muestra al intentar reproducir la ma\u00f1anera.<\/p>\n<p>En la referida conferencia, L\u00f3pez Obrador asegur\u00f3 tambi\u00e9n que a las ma\u00f1aneras ya les queda poco m\u00e1s del uno por ciento.<\/p>\n<p>A las conferencias \u201cya les queda uno por ciento, ya se nos est\u00e1 acortando el tiempo, el porcentaje, pero todav\u00eda nos queda un poco m\u00e1s de uno por ciento\u201d, dijo el pol\u00edtico tabasque\u00f1o.<\/p>\n<p style=\"text-align: center;\"><strong>AMLO tiene quien le cuide las espaldas en la Suprema Corte<\/strong><\/p>\n<p>Si la mencionada sentencia puede abonar para que aumenten las agresiones de L\u00f3pez Obrador contra el Poder Judicial Federal, tambi\u00e9n recibi\u00f3 una noticia que le puede resultar alentadora.<\/p>\n<p>Esto porque se dio a conocer una ponencia de la ministra Loretta Ortiz Ahlf, que propone rechazar la controversia constitucional del INAI contra el Senado de la Rep\u00fablica por no designar a sus comisionados, lo que extender\u00eda su falta de quorum.<\/p>\n<p>De acuerdo con el documento que apareci\u00f3 en la p\u00e1gina de Internet de la Corte, la ministra plantear\u00e1 al Pleno declarar la inexistencia de la omisi\u00f3n acusada por el Instituto Nacional de Transparencia y Acceso a la Informaci\u00f3n (INAI) contra el Senado debido a que los legisladores, indic\u00f3, s\u00ed han realizado acciones para designar comisionados, pero no han logrado un consenso.<\/p>\n<p>\u201cEn el caso concreto, s\u00ed se han llevado a cabo diversas actuaciones relacionadas con el proceso de designaci\u00f3n, las cuales, incluso han concluido con la designaci\u00f3n de dos personas comisionadas que fueron objetadas por el presidente de la Rep\u00fablica, as\u00ed como el rechazo de un candidato diverso por el Pleno del Senado por no alcanzar la mayor\u00eda requerida para su nombramiento\u201d, se\u00f1al\u00f3 la ministra.<\/p>\n<p>\u201cEs relevante tomar en cuenta las acciones que ha llevado a cabo para el proceso de designaci\u00f3n, toda vez que el resultado que alega se compone y es fruto de una serie de determinaciones que este Tribunal considera soberanas y discrecionales\u201d.<\/p>\n<p>Como se aprecia, la ponencia de la ministra incondicional de L\u00f3pez Obrador est\u00e1 enfocada en defensa de la mayor\u00eda oficialista del Senado, pero en realidad sirve para agradar al primer mandatario, que ha ordenado a sus huestes dejar paralizado al INAI, al cual inclusive tiene planeado desaparecer en caso de que prospere su \u201cplan C\u201d, que pasar\u00eda por obtener mayor\u00eda calificada en el Congreso.<\/p>\n<p style=\"text-align: center;\"><strong>\u201cNo tengo cola que me pisen\u201d, asegura Beatriz Paredes<br \/>\nal registrarse como candidata del Frente Amplio<\/strong><\/p>\n<p>Al registrarse como candidata al supuesto cargo de organizador del Frente Amplio por M\u00e9xico (en realidad precandidata presidencial), la experimentada senadora priista Beatriz Paredes Rangel presumi\u00f3 sus amplios conocimientos y una trayectoria de \u201ccongruencia\u201d para tratar de superar a la llamada cuarta transformaci\u00f3n y asegur\u00f3: \u201cNo tengo cola que me pisen, seguimos adelante en este proceso sin renunciar, ni ocultar, ni disfrazar mi biograf\u00eda\u201c,<\/p>\n<p>Paredes se\u00f1al\u00f3 que gobernar es un asunto serio, pero que la pol\u00edtica se ha convertido en un vodevil.<\/p>\n<p>Apoyada en un bast\u00f3n que, dijo, es de mando, pero que en realidad utiliza por una lesi\u00f3n en un accidente, aclar\u00f3 que el actual momento pol\u00edtico es \u201cun parteaguas que define si el horizonte de nuestra patria ser\u00e1 el de la evoluci\u00f3n democr\u00e1tica o ser\u00e1 el de la regresi\u00f3n autoritaria\u201d.<\/p>\n<p><em><a href=\"mailto:riparcangel@hotmail.com\" target=\"_blank\" rel=\"noopener noreferrer\">riparcangel@hotmail.com<\/a><\/em><\/p>\n","protected":false},"excerpt":{"rendered":"<p><span style=\"color: #005497;\"><strong>Miguel \u00c1ngel Rivera<\/strong><\/span><\/p>\n","protected":false},"author":3,"featured_media":0,"comment_status":"open","ping_status":"open","sticky":false,"template":"","format":"standard","meta":{"_monsterinsights_skip_tracking":false,"_monsterinsights_sitenote_active":false,"_monsterinsights_sitenote_note":"","_monsterinsights_sitenote_category":0,"footnotes":""},"categories":[84119],"tags":[84120,84121,43674],"class_list":["post-589265","post","type-post","status-publish","format-standard","hentry","category-miguel-angel-rivera","tag-clase-politica","tag-miguel-angel-rivera","tag-opinion"],"_links":{"self":[{"href":"https:\/\/www.diarioimagen.net\/index.php?rest_route=\/wp\/v2\/posts\/589265","targetHints":{"allow":["GET"]}}],"collection":[{"href":"https:\/\/www.diarioimagen.net\/index.php?rest_route=\/wp\/v2\/posts"}],"about":[{"href":"https:\/\/www.diarioimagen.net\/index.php?rest_route=\/wp\/v2\/types\/post"}],"author":[{"embeddable":true,"href":"https:\/\/www.diarioimagen.net\/index.php?rest_route=\/wp\/v2\/users\/3"}],"replies":[{"embeddable":true,"href":"https:\/\/www.diarioimagen.net\/index.php?rest_route=%2Fwp%2Fv2%2Fcomments&post=589265"}],"version-history":[{"count":0,"href":"https:\/\/www.diarioimagen.net\/index.php?rest_route=\/wp\/v2\/posts\/589265\/revisions"}],"wp:attachment":[{"href":"https:\/\/www.diarioimagen.net\/index.php?rest_route=%2Fwp%2Fv2%2Fmedia&parent=589265"}],"wp:term":[{"taxonomy":"category","embeddable":true,"href":"https:\/\/www.diarioimagen.net\/index.php?rest_route=%2Fwp%2Fv2%2Fcategories&post=589265"},{"taxonomy":"post_tag","embeddable":true,"href":"https:\/\/www.diarioimagen.net\/index.php?rest_route=%2Fwp%2Fv2%2Ftags&post=589265"}],"curies":[{"name":"wp","href":"https:\/\/api.w.org\/{rel}","templated":true}]}}