{"id":589275,"date":"2023-07-07T00:12:19","date_gmt":"2023-07-07T06:12:19","guid":{"rendered":"https:\/\/www.diarioimagen.net\/?p=589275"},"modified":"2023-07-07T03:21:25","modified_gmt":"2023-07-07T09:21:25","slug":"xochitl-galvez-el-prodigioso-salvavidas-para-pan-pri-y-prd","status":"publish","type":"post","link":"https:\/\/www.diarioimagen.net\/?p=589275","title":{"rendered":"X\u00f3chitl G\u00e1lvez, \u00bfel prodigioso salvavidas para PAN, PRI y PRD?"},"content":{"rendered":"<h2>Tras la puerta del poder<\/h2>\n<h5>Roberto Vizca\u00edno<\/h5>\n<p>&nbsp;<\/p>\n<p>A una semana de estallado el tsunami de popularidad-electoral llamado<strong> X\u00f3chitl G\u00e1lvez, <\/strong>serenados los \u00e1nimos entre analistas y l\u00edderes pol\u00edticos, cobra fuerza en PAN, PRI y PRD y el resto del Frente Amplio por M\u00e9xico la idea de apoyarla con todo para que salga adelante como candidata de unidad.<\/p>\n<p>Ha sido tal el impacto de su posible llegada a la Presidencia de M\u00e9xico que ya hay quienes dentro de los tres partidos y las organizaciones empresariales y de la sociedad civil que integran al Frente que plantean irse \u201ccon todo\u201d por su postulaci\u00f3n.<\/p>\n<p>El an\u00e1lisis es simple:<\/p>\n<p>M\u00e9xico vive un sistema pol\u00edtico electoral de partidos. Sin estos es dif\u00edcil acceder a cargos de elecci\u00f3n. Menos a\u00fan a la Presidencia de M\u00e9xico.<\/p>\n<p>Cualquier aspirante a un cargo de elecci\u00f3n, <strong>X\u00f3chilt <\/strong>entre ellos, necesitar\u00eda de la estructura y red territorial de PAN, PRI y PRD para tener posibilidades de triunfo.<\/p>\n<p>Esto es: promotores electorales, representantes ante instituciones electorales locales, dirigentes de sectores,\u00a0 activistas, l\u00edderes de grupos \u2014estudiantes, campesinos, comerciantes, sindicalizados, taxistas, locatarios de mercados, etc-etc\u2014, representantes en casillas, y todo el entramado de operaci\u00f3n pol\u00edtica y electoral.<\/p>\n<p>La hidalguense tiene hoy miles de simpatizantes. Pero estos no tienen experiencia en nada de lo anterior.<\/p>\n<p>Y adem\u00e1s carece de cuadros que estructuren cada uno de los pasos de un proceso electoral en cada municipio, en cada uno de los 300 distritos electorales, en cada una de las 5 regiones, en cada estado y a nivel nacional.<\/p>\n<p>Eso lo tienen PAN, PRI y PRD.<\/p>\n<p>En estas circunstancias y contexto, <strong>X\u00f3chitl<\/strong> es para <strong>Marko Cortes, Alejandro <em>Alito<\/em> Moreno y Jes\u00fas Zambrano<\/strong> un inesperado y bendito billete premiado de la Loter\u00eda Electoral Nacional.<\/p>\n<p>Ellos la van a arropar con todo eso. Y obviamente van a aprovechar para consolidar su votaci\u00f3n y alejar a sus tres partidos de la cancelaci\u00f3n de su registro.<\/p>\n<p>Lo explico de esta manera:<\/p>\n<p>En M\u00e9xico existen m\u00e1s-menos 100 millones de ciudadanos registrados en la Lista Nominal, Son quienes cuentan con credencial de elector y pueden participar votar el 4 de junio de 2024.<\/p>\n<p>Las elecciones anteriores \u2014de 2021,2022 y 2023\u2014 dejaron claro que la mitad de ellos no vota. Se abstienen. Pero si existe una motivaci\u00f3n como la que ha generado la hidalguense, quiz\u00e1 varios millones de ellos lo har\u00edan por las fuerzas que la podr\u00edan representar. Es decir: por PAN, PRI y PRD.<\/p>\n<p><strong>AMLO<\/strong> y Morena m\u00e1s aliados del PT y Verde andan por los 20 millones de votos.<\/p>\n<p>Si <strong>X\u00f3chitl <\/strong>obtuviera 35 o 40 millones de votos, estar\u00edamos hablando de que PAN, PRI y PRD tendr\u00edan quiz\u00e1 el 70 por ciento de los diputados y senadores en la siguiente legislatura.<\/p>\n<p>Habr\u00eda PAN, PRI y PRD para un buen de a\u00f1os m\u00e1s.<\/p>\n<p>Eso lo han valorado ya <strong>Marco, <em>Alito <\/em>y Zambrano<\/strong>. Y no lo van a dejar pasar.<\/p>\n<p>Ellos ir\u00e1n a liderar, coordinar sus grupos en San L\u00e1zaro y en el Senado. Y transferir\u00e1n las presidencias de sus partidos hacia fines de 2024 a algunos de sus c\u00edrculos de poder.<\/p>\n<p>Una muestra de que ya midieron esta perspectiva, es que \u201cinocentemente\u201d. De buena onda, le pidieron a <strong>Jos\u00e9 \u00c1ngel Gurr\u00eda<\/strong> quedarse en el Frente Amplio como cabeza del grupo que dise\u00f1ar\u00e1 el Plan Nacional para el siguiente gobierno. Es decir, el de <strong>X\u00f3chitl<\/strong>.<\/p>\n<p>O sea, ya le organizaron su plan de gobierno. Y ella estar\u00e1 encantada porque si bien tiene idea de qu\u00e9 hacer, pues qu\u00e9 mejor que alguien como <strong>Gurr\u00eda <\/strong>la ayude a dise\u00f1ar un plan para la recuperaci\u00f3n de M\u00e9xico, luego del desastre que dejar\u00e1 <strong>Andr\u00e9s Manuel L\u00f3pez Obrador<\/strong>.<\/p>\n<p>Por ah\u00ed andan las cosas entre opositores.<\/p>\n<p style=\"text-align: center;\"><strong>Acuerdos entre embajador y coordinador<\/strong><\/p>\n<p>Quien ha demostrado ser un incansable buscador de oportunidades para su gobierno y pa\u00eds, es el embajador de EU en M\u00e9xico, <strong>Ken Salazar<\/strong>.<\/p>\n<p>Ayer, el diplom\u00e1tico tuvo un encuentro con el presidente de la Junta de Coordinaci\u00f3n Pol\u00edtica del Senado, el chiapaneco <strong>Eduardo Ram\u00edrez,<\/strong> con quien convers\u00f3 sobre cuestiones econ\u00f3micas y de cooperaci\u00f3n binacional.<\/p>\n<p>Al concluir el encuentro, <strong>Ram\u00edrez<\/strong> destac\u00f3 la reuni\u00f3n deriv\u00f3 en acuerdos para profundizar soluciones en curso respecto de diferentes conflictos por afectaciones al T-MEC.<\/p>\n<p>Estuvo presente igual la relaci\u00f3n migratoria y las tensiones que genera el regreso de migrantes de otras naciones a territorio mexicano.<\/p>\n<p>Ram\u00edrez dijo que las conversaciones con el embajador Salazar abordaron las oportunidades que plantea el desaf\u00edo de una relaci\u00f3n vecinal en la que igual existen intereses tur\u00edsticos, que comerciales o educativos, y de intercambio de productos esenciales para cada una de las dos naciones.<\/p>\n<p>Un primer encuentro que plantea grandes perspectivas dentro de una relaci\u00f3n compleja, indic\u00f3.<\/p>\n<p><em><a href=\"mailto:rvizcainoa@gmail.com\" target=\"_blank\" rel=\"noopener noreferrer\">vizcainoa@gmail.com<\/a><a href=\"mailto:rvizcainoa@gmail.com\" target=\"_blank\" rel=\"noopener noreferrer\"><br \/>\n<\/a><a href=\"http:\/\/endirecto.mx\" target=\"_blank\" rel=\"noopener noreferrer\">www.endirecto.mx<\/a><a href=\"mailto:rvizcainoa@gmail.com\" target=\"_blank\" rel=\"noopener noreferrer\"><br \/>\n<\/a><a href=\"https:\/\/twitter.com\/_rvizcaino\" target=\"_blank\" rel=\"noopener noreferrer\">@_RVizcaino<\/a><a href=\"mailto:rvizcainoa@gmail.com\" target=\"_blank\" rel=\"noopener noreferrer\"><br \/>\n<\/a><a href=\"https:\/\/www.facebook.com\/rvizcainoa\" target=\"_blank\" rel=\"noopener noreferrer\">facebook.com\/rvizcainoa<\/a><\/em><\/p>\n","protected":false},"excerpt":{"rendered":"<p><span style=\"color: #005497;\"><strong>Roberto Vizca\u00edno<\/strong><\/span><\/p>\n","protected":false},"author":3,"featured_media":0,"comment_status":"open","ping_status":"open","sticky":false,"template":"","format":"standard","meta":{"_monsterinsights_skip_tracking":false,"_monsterinsights_sitenote_active":false,"_monsterinsights_sitenote_note":"","_monsterinsights_sitenote_category":0,"footnotes":""},"categories":[136],"tags":[43674,93,94],"class_list":["post-589275","post","type-post","status-publish","format-standard","hentry","category-roberto-vizcaino-opinion","tag-opinion","tag-roberto-vizcaino","tag-tras-la-puerta-del-poder"],"_links":{"self":[{"href":"https:\/\/www.diarioimagen.net\/index.php?rest_route=\/wp\/v2\/posts\/589275","targetHints":{"allow":["GET"]}}],"collection":[{"href":"https:\/\/www.diarioimagen.net\/index.php?rest_route=\/wp\/v2\/posts"}],"about":[{"href":"https:\/\/www.diarioimagen.net\/index.php?rest_route=\/wp\/v2\/types\/post"}],"author":[{"embeddable":true,"href":"https:\/\/www.diarioimagen.net\/index.php?rest_route=\/wp\/v2\/users\/3"}],"replies":[{"embeddable":true,"href":"https:\/\/www.diarioimagen.net\/index.php?rest_route=%2Fwp%2Fv2%2Fcomments&post=589275"}],"version-history":[{"count":0,"href":"https:\/\/www.diarioimagen.net\/index.php?rest_route=\/wp\/v2\/posts\/589275\/revisions"}],"wp:attachment":[{"href":"https:\/\/www.diarioimagen.net\/index.php?rest_route=%2Fwp%2Fv2%2Fmedia&parent=589275"}],"wp:term":[{"taxonomy":"category","embeddable":true,"href":"https:\/\/www.diarioimagen.net\/index.php?rest_route=%2Fwp%2Fv2%2Fcategories&post=589275"},{"taxonomy":"post_tag","embeddable":true,"href":"https:\/\/www.diarioimagen.net\/index.php?rest_route=%2Fwp%2Fv2%2Ftags&post=589275"}],"curies":[{"name":"wp","href":"https:\/\/api.w.org\/{rel}","templated":true}]}}