{"id":589296,"date":"2023-07-10T00:01:42","date_gmt":"2023-07-10T06:01:42","guid":{"rendered":"https:\/\/www.diarioimagen.net\/?p=589296"},"modified":"2023-07-14T03:06:30","modified_gmt":"2023-07-14T09:06:30","slug":"riesgos-por-exclusion-de-unam-e-ipn-en-el-consejo-de-salubridad","status":"publish","type":"post","link":"https:\/\/www.diarioimagen.net\/?p=589296","title":{"rendered":"Riesgos, por exclusi\u00f3n de UNAM e IPN en el Consejo de Salubridad"},"content":{"rendered":"<p>&nbsp;<\/p>\n<h3 style=\"text-align: center;\">Alertan especialistas<\/h3>\n<p>&nbsp;<\/p>\n<ul>\n<li><strong><em>Ya no existen contrapesos en decisiones sobre emergencias sanitarias<\/em><\/strong><\/li>\n<\/ul>\n<p>&nbsp;<\/p>\n<div id=\"attachment_589352\" style=\"width: 470px\" class=\"wp-caption aligncenter\"><a href=\"https:\/\/www.diarioimagen.net\/?attachment_id=589352\" rel=\"attachment wp-att-589352\"><img loading=\"lazy\" decoding=\"async\" aria-describedby=\"caption-attachment-589352\" class=\"size-full wp-image-589352\" src=\"https:\/\/www.diarioimagen.net\/wp-content\/uploads\/2023\/07\/CONSEJO-DE-SALUBRIDAD.jpg\" alt=\"\" width=\"460\" height=\"270\" \/><\/a><p id=\"caption-attachment-589352\" class=\"wp-caption-text\">Quedaron excluidos del Consejo de Salubridad General la UNAM, el IPN y la ANUIES, entre otros organismos no gubernamentales.<\/p><\/div>\n<p>&nbsp;<\/p>\n<p>Luego de la exclusi\u00f3n de la Universidad Nacional Aut\u00f3noma de M\u00e9xico (UNAM), del Instituto Polit\u00e9cnico Nacional (IPN), as\u00ed como de otras instituciones de educaci\u00f3n superior y consejos m\u00e9dicos, del Consejo de Salubridad General, el gobierno federal tomar\u00e1 decisiones sobre emergencias sanitarias del pa\u00eds sin que exista ning\u00fan contrapeso, alertaron especialistas y ex secretarios de Salud.<\/p>\n<p>Recientemente, el presidente Andr\u00e9s Manuel L\u00f3pez Obrador emiti\u00f3 un decreto para expedir un nuevo reglamento interior del Consejo de Salubridad General y as\u00ed eliminar de \u00e9ste a la UNAM, al IPN y a la Asociaci\u00f3n Nacional de Universidades e Instituciones de Educaci\u00f3n Superior (ANUIES), entre otros organismos no gubernamentales.<\/p>\n<p>El documento fue aprobado por el \u00f3rgano colegiado durante su Primera Sesi\u00f3n Extraordinaria de 2023, el pasado 22 de junio, para integrar a los titulares de las secretar\u00edas de la Defensa Nacional (Sedena), de Marina (Semar) y de Servicios de Salud del Instituto Mexicano del Seguro Social para el Bienestar (IMSS-Bienestar).<\/p>\n<p>\u201cEsto es un grav\u00edsimo error que en salud se paga muy caro. Los errores, las omisiones o las decisiones equivocadas cuestan vidas\u201d, dice el ex rector de la UNAM y ex titular de la Secretar\u00eda de Salud (Ssa), Jos\u00e9 Narro.<\/p>\n<p>El ex funcionario explica que la creaci\u00f3n de este consejo qued\u00f3 plasmada en la Constituci\u00f3n como un \u00f3rgano colegiado, t\u00e9cnico y con autonom\u00eda, con el car\u00e1cter de autoridad sanitaria.<\/p>\n<p>Considera que \u201ces un desacierto completo el haber tomado esta decisi\u00f3n. Me parece que lo que tendremos es un exceso de mortalidad, una disminuci\u00f3n de la esperanza de vida y una muy mala cuenta de lo que se va a entregar como resultado. Sacar del consejo a estructuras acad\u00e9micas y quitar de ah\u00ed a la UNAM es una p\u00e9sima se\u00f1al que s\u00f3lo confirma la falta de inter\u00e9s en el conocimiento, en la ciencia\u201d.<\/p>\n<p>Explica que en la estructura del referido consejo quedan la secretar\u00edas de Salud, de Defensa Nacional, de Marina, de Hacienda, de Medio Ambiente, de Agricultura, de Educaci\u00f3n P\u00fablica, el Instituto Mexicano del Seguro Social, el Instituto de Seguridad y Servicios Sociales de los Trabajadores del Estado, el IMSS-Bienestar, el DIF, as\u00ed como las academias Nacional de Medicina y Mexicana de Cirug\u00eda.<\/p>\n<p>Tambi\u00e9n quedaron fuera de ese \u00f3rgano el Consejo Nacional de Humanidades y Ciencia y Tecnolog\u00eda; la Fundaci\u00f3n Mexicana para la Salud; la Academia Mexicana de Pediatr\u00eda; la Sociedad Mexicana de Salud P\u00fablica; la Academia Nacional de Ciencias Farmac\u00e9uticas; la Asociaci\u00f3n Nacional de Hospitales Privados; el Colegio M\u00e9dico de M\u00e9xico; el Colegio Mexicano de Licenciados en Enfermer\u00eda; el Consejo de \u00c9tica y Transparencia de la Industria Farmac\u00e9utica; la C\u00e1mara Nacional de la Industria Farmac\u00e9utica; y la C\u00e1mara Nacional de la Industria de la Transformaci\u00f3n.<\/p>\n<p>El ex titular de la Ssa indica que a excepci\u00f3n de las academias Nacional de Medicina y Mexicana de Cirug\u00eda, todos los dem\u00e1s son representantes del gobierno, por lo que no habr\u00e1 una voz diferente o discordante.<\/p>\n<p>Por su parte, Jos\u00e9 \u00c1ngel C\u00f3rdova Villalobos, ex titular de la Ssa en la gesti\u00f3n del expresidente Felipe Calder\u00f3n, destaca que la importancia del Consejo de Salubridad General es que orienta la pol\u00edtica de salud en el pa\u00eds.<\/p>\n<p>Considera que el hecho de que la UNAM no est\u00e9 en ese \u00f3rgano \u201cquita una voz autorizada para muchas de las decisiones, porque finalmente es un \u00f3rgano de construcci\u00f3n, de deliberaci\u00f3n, de aportaci\u00f3n de ideas, de poder realmente construir con elementos, y eso s\u00f3lo se puede hacer con gente capacitada y que est\u00e9 enterada de lo que ocurre\u201d.<\/p>\n<p>Argumenta que la decisi\u00f3n de hacer a un lado a la Universidad Nacional y a otras instituciones de educaci\u00f3n superior, debilita al Consejo, y a\u00f1ade: \u201cEntre menos personas formen parte del consejo, menos opiniones en pro o en contra de las iniciativas que ah\u00ed se presentan habr\u00e1. Esto empobrece la discusi\u00f3n, empobrece el di\u00e1logo y la calidad de los dict\u00e1menes, porque no es lo mismo que haya 50 o 60 representantes, a que sean 15 o 20 instituciones.<\/p>\n<p>El diputado federal del PAN, \u00c9ctor Jaime Ram\u00edrez Barba tambi\u00e9n alerta: \u201cSi se va a decidir ahora qu\u00e9 tipo de vacuna se aplicar\u00e1 o qu\u00e9 tipo de emergencia hay que atender o qu\u00e9 cosas hay qu\u00e9 prever, el propio gobierno federal decidir\u00e1 solo sin que nadie lo contradiga cuando sea necesario\u201d.<\/p>\n<p>\u201cEn ese consejo hab\u00eda gente muy brillante, que aportaba sus ideas para la toma de decisiones. El gobierno federal s\u00f3lo se qued\u00f3 con todos los tapetes del sistema para decirle a todo s\u00ed a Hugo L\u00f3pez-Gatell\u201d, sentencia.<\/p>\n<p>\u201cLa autonom\u00eda del consejo se convirti\u00f3 en un obst\u00e1culo para la 4T. En la pandemia lo redujeron a nada, ahora le dan el tiro de gracia para convertirlo en una oficina dependiente de los caprichos de Palacio Nacional\u201d, se\u00f1ala el legislador.<\/p>\n","protected":false},"excerpt":{"rendered":"<p>Luego de la exclusi\u00f3n de la Universidad Nacional Aut\u00f3noma de M\u00e9xico (UNAM), del Instituto Polit\u00e9cnico Nacional (IPN), as\u00ed como de otras instituciones de educaci\u00f3n superior y consejos m\u00e9dicos, del Consejo de Salubridad General, el gobierno federal tomar\u00e1 decisiones sobre emergencias sanitarias del pa\u00eds sin que exista ning\u00fan contrapeso, alertaron especialistas y ex secretarios de Salud.<\/p>\n","protected":false},"author":3,"featured_media":589352,"comment_status":"open","ping_status":"open","sticky":false,"template":"","format":"standard","meta":{"_monsterinsights_skip_tracking":false,"_monsterinsights_sitenote_active":false,"_monsterinsights_sitenote_note":"","_monsterinsights_sitenote_category":0,"footnotes":""},"categories":[17,877],"tags":[98199,98198,314,570],"class_list":["post-589296","post","type-post","status-publish","format-standard","has-post-thumbnail","hentry","category-especiales","category-salud","tag-consejo-de-salubridad","tag-exclusion","tag-ipn","tag-unam"],"_links":{"self":[{"href":"https:\/\/www.diarioimagen.net\/index.php?rest_route=\/wp\/v2\/posts\/589296","targetHints":{"allow":["GET"]}}],"collection":[{"href":"https:\/\/www.diarioimagen.net\/index.php?rest_route=\/wp\/v2\/posts"}],"about":[{"href":"https:\/\/www.diarioimagen.net\/index.php?rest_route=\/wp\/v2\/types\/post"}],"author":[{"embeddable":true,"href":"https:\/\/www.diarioimagen.net\/index.php?rest_route=\/wp\/v2\/users\/3"}],"replies":[{"embeddable":true,"href":"https:\/\/www.diarioimagen.net\/index.php?rest_route=%2Fwp%2Fv2%2Fcomments&post=589296"}],"version-history":[{"count":0,"href":"https:\/\/www.diarioimagen.net\/index.php?rest_route=\/wp\/v2\/posts\/589296\/revisions"}],"wp:featuredmedia":[{"embeddable":true,"href":"https:\/\/www.diarioimagen.net\/index.php?rest_route=\/wp\/v2\/media\/589352"}],"wp:attachment":[{"href":"https:\/\/www.diarioimagen.net\/index.php?rest_route=%2Fwp%2Fv2%2Fmedia&parent=589296"}],"wp:term":[{"taxonomy":"category","embeddable":true,"href":"https:\/\/www.diarioimagen.net\/index.php?rest_route=%2Fwp%2Fv2%2Fcategories&post=589296"},{"taxonomy":"post_tag","embeddable":true,"href":"https:\/\/www.diarioimagen.net\/index.php?rest_route=%2Fwp%2Fv2%2Ftags&post=589296"}],"curies":[{"name":"wp","href":"https:\/\/api.w.org\/{rel}","templated":true}]}}