{"id":589306,"date":"2023-07-10T00:01:17","date_gmt":"2023-07-10T06:01:17","guid":{"rendered":"https:\/\/www.diarioimagen.net\/?p=589306"},"modified":"2023-07-10T02:08:00","modified_gmt":"2023-07-10T08:08:00","slug":"quebracho-el-asado-argentino-celebra-18-anos-en-mexico","status":"publish","type":"post","link":"https:\/\/www.diarioimagen.net\/?p=589306","title":{"rendered":"<em>Quebracho<\/em>, el asado argentino celebra 18 a\u00f1os en M\u00e9xico"},"content":{"rendered":"<h2>De cinco estrellas<\/h2>\n<h5>Victoria Gonz\u00e1lez Prado<\/h5>\n<p>&nbsp;<\/p>\n<ul>\n<li><strong>Air Canada<em> pag\u00f3 anticipadamente pr\u00e9stamos financiados por la EDC<\/em><\/strong><\/li>\n<\/ul>\n<p>&nbsp;<\/p>\n<div id=\"attachment_589360\" style=\"width: 470px\" class=\"wp-caption aligncenter\"><a href=\"https:\/\/www.diarioimagen.net\/?attachment_id=589360\" rel=\"attachment wp-att-589360\"><img loading=\"lazy\" decoding=\"async\" aria-describedby=\"caption-attachment-589360\" class=\"size-full wp-image-589360\" src=\"https:\/\/www.diarioimagen.net\/wp-content\/uploads\/2023\/07\/turismo-estrellas-3.jpg\" alt=\"\" width=\"460\" height=\"270\" \/><\/a><p id=\"caption-attachment-589360\" class=\"wp-caption-text\">Rogelio L\u00f3pez, Jos\u00e9 Antonio Amado y V\u00edctor Garc\u00eda.<\/p><\/div>\n<p>&nbsp;<\/p>\n<p>Grupo Quebracho celebra 18 a\u00f1os en M\u00e9xico y lo festeja con la conviccion de brindar a los comensales la mejor calidad de los productos, cocinando recetas tradicionales en ambiente casual, casero y sobre todo con la mejor propuesta para los amantes y conocedores de cortes de carne y vinos argentinos.<\/p>\n<p>Naci\u00f3 en 2004 con la intenci\u00f3n de reunir a familias, amigos, parejas, y ofrecer una cocina deliciosa donde la protagonista es la carne pero carne de calidad y recetas t\u00edpicas argentinas, que degustas con buen vino y sentirte halagada y apapachada por el personal del lugar.<\/p>\n<p><strong>Betzy Herreramoro<\/strong>, nos invit\u00f3 a conocer Quebracho, en la calle de Lerma, donde nos atendi\u00f3 <strong>V\u00edctor Garc\u00eda<\/strong> y <strong>Rogelio L\u00f3pez<\/strong>, gerentes del restaurante y, <strong>Jos\u00e9 Antonio Amado<\/strong>, quien al llevarnos los platillos nos explicaba a detalle qu\u00e9 \u00edbamos a probar.<\/p>\n<p>Para empezar degustamos empanadas de queso con espinacas y la criolla, carne fileteada, jitomate y cebolla. Compartimos la mitad de cada una para \u201cprobarlas\u201d. Los cortes de carne que se ofrecen en Quebracho son de 200 a mil 200 gramos y casi siempre se piden cortes para compartir.<\/p>\n<p><strong>Betzy<\/strong> nos coment\u00f3 que muchas personas buscan en el lugar el tradicional jugo de carne de res y, fue una sorpresa saber que el jugo de carne no existe en Argentina, realmente fue creado en M\u00e9xico. As\u00ed que decidimos no probarlo y a cambio nos llevaron un delicioso queso <em>provoleta <\/em>que se pone a calentar en la parilla a fuego lento y queda deliciosamente crocante.<\/p>\n<p>Es importante destacar que en Quebracho las mujeres prefieren comer arrachera o vac\u00edo mientras que a los hombres les gustan los cortes m\u00e1s gruesos y en ese caso la cantidad de carne es mucho m\u00e1s en comparaci\u00f3n con lo que comemos las mujeres.<\/p>\n<p>As\u00ed lleg\u00f3 a nuestra mesa una parilla de vac\u00edo con papas <em>soufle <\/em>y tambi\u00e9n una exquisita ensalada de alcachofas. No s\u00e9 c\u00f3mo describir la explosi\u00f3n de sabores. La experiencia fue m\u00e1s que placentera. Lo mejor es que degustes tu mismo lo que m\u00e1s se te antoje.<\/p>\n<p>Tambi\u00e9n es importante saber que algunos de los quesos que se preparan ah\u00ed son de Oaxaca y el caf\u00e9 de Chiapas.<\/p>\n<p>Casi lo olvidaba, el postre, un apetitoso y gigantesco alfajor que puedes acompa\u00f1ar con un arom\u00e1tico caf\u00e9.<\/p>\n<p>Si no conces el lugar tienes que visitarlo. La experiencia inicia con jugo de carne y alg\u00fan carpaccio, empanada de carne, provoleta y corte esencial como la tapa de bife. Como postre el alfajor, preparado completamente en casa.<\/p>\n<p>En Quebracho la calidad del producto es el estandarte. Los cortes son USDA <em>High Choice<\/em> o <em>Prime<\/em> sin excepci\u00f3n (hasta en <em>carpaccios<\/em>). Tambi\u00e9n es hogar de vinos, con m\u00e1s de 20 etiquetas propias de importaci\u00f3n; desde vino joven de la casa a vinos de guarda de calidad excepcional.<\/p>\n<p>El restaurante est\u00e1 en la Cuauht\u00e9moc, colonia Ju\u00e1rez, en la Ciudad de M\u00e9xico.<\/p>\n<p>\u2730\u2730\u2730\u2730\u2730 <em>Air Canada<\/em> anunci\u00f3 que liquid\u00f3 anticipadamente los pr\u00e9stamos de aproximadamente 650 millones de d\u00f3lares de <em>Export Development Corporation<\/em> (EDC) utilizados por la compa\u00f1\u00eda para ayudar a financiar la adquisici\u00f3n de 19 aviones <em>Airbus A220-300.<\/em> El pago anticipado, que tambi\u00e9n est\u00e1 sujeto a los intereses devengados, se realiz\u00f3 el 21 de junio pasado.<\/p>\n<p><strong>Amos Kazzaz<\/strong>, vicepresidente ejecutivo y director financiero de la aerol\u00ednea de la hoja de maple dijo: \u201cuno de los principales objetivos financieros de la compa\u00f1\u00eda es apalancar su balance tras la pandemia de la Covid-19 y el pago anticipado de estos pr\u00e9stamos que recibimos para nuestros aviones A220 es paso significativo hacia este objetivo. Agradecemos la ayuda de EDC en la compra de estos aviones de fabricaci\u00f3n canadiense, que no s\u00f3lo han hecho avanzar nuestro programa de modernizaci\u00f3n de la flota para mejorar nuestra eficiencia en el consumo de combustible y nuestra competitividad, sino que tambi\u00e9n han contribuido a garantizar que las inversiones que <em>Air Canada<\/em> est\u00e1 realizando apoyen directamente el empleo en la industria aeroespacial canadiense y contribuyan a la econom\u00eda del pa\u00eds\u201d.<\/p>\n<p>El pago anticipado de los pr\u00e9stamos para la compra de 19 aviones <em>Airbus A220-300<\/em> financiados a trav\u00e9s de EDC se logr\u00f3 mediante: pago anticipado total de la l\u00ednea de cr\u00e9dito 2021 de la aerol\u00ednea con EDC para la adquisici\u00f3n de 15 aviones <em>Airbus A220-300. <\/em>Pago anticipado parcial de la l\u00ednea de cr\u00e9dito 2020 con EDC para la adquisici\u00f3n de 18 aviones <em>Airbus A220-300<\/em>.<\/p>\n<p>Como resultado del pago anticipado, estas aeronaves se a\u00f1adir\u00e1n al conjunto de activos libres de cargas de <em>Air Canada<\/em>, con lo que el total ascender\u00e1 a aproximadamente 5 mil 400 millones de d\u00f3lares, excluyendo <em>Aeroplan.<\/em><\/p>\n<p>El importe de los pagos anticipados de deuda asciende ahora a aproximadamente mil 280 millones de d\u00f3lares desde la recompra de parte de los bonos preferentes convertibles al 4 mil por ciento con vencimiento en 2025, que se complet\u00f3 el a\u00f1o pasado, lo que supone una reducci\u00f3n de los gastos por intereses de aproximadamente 115 millones de d\u00f3lares (aproximadamente 72 millones de d\u00f3lares en efectivo) sobre una base anualizada.<\/p>\n<p>&nbsp;<\/p>\n<blockquote>\n<p style=\"text-align: right;\">\u201c<strong>El<\/strong> <strong>\u00e1ngel de la fama tiene sus alas hechas de papel&#8230; peri\u00f3dico\u201d.<br \/>\n<\/strong><\/p>\n<\/blockquote>\n<p>&nbsp;<\/p>\n<p><em><span class=\"Apple-converted-space\"><a href=\"mailto:victoriagprado@gmail.com\" target=\"_blank\" rel=\"noopener noreferrer\">victoriagprado@gmail.com<\/a><br \/>\nTwitter: <a href=\"https:\/\/twitter.com\/victoriagprado\" target=\"_blank\" rel=\"noopener noreferrer\">@victoriagprado<\/a><\/span><\/em><\/p>\n","protected":false},"excerpt":{"rendered":"<p>Grupo Quebracho celebra 18 a\u00f1os en M\u00e9xico y lo festeja con la conviccion de brindar a los comensales la mejor calidad de los productos, cocinando recetas tradicionales en ambiente casual, casero y sobre todo con la mejor propuesta para los amantes y conocedores de cortes de carne y vinos argentinos.<\/p>\n","protected":false},"author":3,"featured_media":589360,"comment_status":"open","ping_status":"open","sticky":false,"template":"","format":"standard","meta":{"_monsterinsights_skip_tracking":false,"_monsterinsights_sitenote_active":false,"_monsterinsights_sitenote_note":"","_monsterinsights_sitenote_category":0,"footnotes":""},"categories":[11],"tags":[107,43674,43681,106],"class_list":["post-589306","post","type-post","status-publish","format-standard","has-post-thumbnail","hentry","category-turismo","tag-de-cinco-estrellas","tag-opinion","tag-turismo","tag-victoria-gonzalez-prado"],"_links":{"self":[{"href":"https:\/\/www.diarioimagen.net\/index.php?rest_route=\/wp\/v2\/posts\/589306","targetHints":{"allow":["GET"]}}],"collection":[{"href":"https:\/\/www.diarioimagen.net\/index.php?rest_route=\/wp\/v2\/posts"}],"about":[{"href":"https:\/\/www.diarioimagen.net\/index.php?rest_route=\/wp\/v2\/types\/post"}],"author":[{"embeddable":true,"href":"https:\/\/www.diarioimagen.net\/index.php?rest_route=\/wp\/v2\/users\/3"}],"replies":[{"embeddable":true,"href":"https:\/\/www.diarioimagen.net\/index.php?rest_route=%2Fwp%2Fv2%2Fcomments&post=589306"}],"version-history":[{"count":0,"href":"https:\/\/www.diarioimagen.net\/index.php?rest_route=\/wp\/v2\/posts\/589306\/revisions"}],"wp:featuredmedia":[{"embeddable":true,"href":"https:\/\/www.diarioimagen.net\/index.php?rest_route=\/wp\/v2\/media\/589360"}],"wp:attachment":[{"href":"https:\/\/www.diarioimagen.net\/index.php?rest_route=%2Fwp%2Fv2%2Fmedia&parent=589306"}],"wp:term":[{"taxonomy":"category","embeddable":true,"href":"https:\/\/www.diarioimagen.net\/index.php?rest_route=%2Fwp%2Fv2%2Fcategories&post=589306"},{"taxonomy":"post_tag","embeddable":true,"href":"https:\/\/www.diarioimagen.net\/index.php?rest_route=%2Fwp%2Fv2%2Ftags&post=589306"}],"curies":[{"name":"wp","href":"https:\/\/api.w.org\/{rel}","templated":true}]}}