{"id":589366,"date":"2023-07-10T00:02:51","date_gmt":"2023-07-10T06:02:51","guid":{"rendered":"https:\/\/www.diarioimagen.net\/?p=589366"},"modified":"2023-07-10T02:46:53","modified_gmt":"2023-07-10T08:46:53","slug":"frente-amplio-por-mexico-se-registra-amlo-sentira-mas-pasos-en-la-azotea","status":"publish","type":"post","link":"https:\/\/www.diarioimagen.net\/?p=589366","title":{"rendered":"Frente Amplio por M\u00e9xico se registra, AMLO sentir\u00e1 m\u00e1s pasos en la azotea"},"content":{"rendered":"<h2>La Retaguardia<\/h2>\n<h5>Adriana Moreno Cordero<\/h5>\n<p>&nbsp;<\/p>\n<ul>\n<li><strong><em>La inequidad es fuente de reclamo: Ricardo Monreal<\/em><\/strong><\/li>\n<\/ul>\n<p>&nbsp;<\/p>\n<p>M\u00e1s pasos sentir\u00e1 en la azotea el presidente <strong>Andr\u00e9s Manuel L\u00f3pez Obrador<\/strong> y lo demostrar\u00e1 hoy en su gustad\u00edsimo \u201cstand-up\u201d ma\u00f1anero, donde luego de seguir con la agresiva cantaleta en contra de <strong>X\u00f3chitl G\u00e1lvez<\/strong>, que ha acabado por bajar sustancialmente ni m\u00e1s ni menos que a la \u201ccorcholata\u201d favorita de Palacio Nacional, <strong>Claudia Sheinbaum<\/strong>, que est\u00e1 m\u00e1s apagada que un cerillo, ahora el de Tepetit\u00e1n dirigir\u00e1 sus bater\u00edas al Frente Amplio por M\u00e9xico, que acudi\u00f3 ayer al Instituto Nacional Electoral, (INE), a dar formalidad a esta oposici\u00f3n conformada por el PRI, PAN y PRD y que dejaron en claro que en este esfuerzo, no hay simulaci\u00f3n alguna.<\/p>\n<p>Sin duda, el presidente L\u00f3pez Obrador, Morena y r\u00e9moras que los acompa\u00f1an, ten\u00edan una posici\u00f3n mucho m\u00e1s c\u00f3moda antes de que la oposici\u00f3n entrara en acci\u00f3n. Como se recordar\u00e1, se la pasaban criticando la pasividad de lo que hoy es el Frente Amplio por M\u00e9xico y en una muy mala jugada, el tabasque\u00f1o, al atacar a una de las aspirantes como la senadora G\u00e1lvez, lo \u00fanico que ha conseguido es proporcionarle un gran foro y hacerla crecer sobre todo, frente a quien ya consideraba tener en la bolsa, no la candidatura presidencial de Morena, sino convertirse en la primera presidenta de M\u00e9xico, pero bien lo consigna un conocido refr\u00e1n: \u201cEl pez por su boca muere\u201d y ya lo ha mencionado en reiteradas ocasiones la propia Sheinbaum Pardo: No cualquier mujer puede llegar a la Presidencia de la Rep\u00fablica y ella, con menos personalidad que un vaso de agua, al parecer, no ser\u00e1; m\u00e1s a\u00fan, porque los problemas en la contienda interna de Morena siguen increment\u00e1ndose de manera muy riesgosa.<\/p>\n<p>Cuesti\u00f3n de revisar la carta que <strong>Ricardo Monreal<\/strong> hizo llegar al dirigente Nacional de Morena, <strong>Mario Mart\u00edn Delgado,<\/strong> en la que sin mayor pre\u00e1mbulo y sustentado en la ley, le recuerda que, \u201cla inequidad es una fuente de reclamo en todo proceso que se presuma democr\u00e1tico\u201d, por lo que propone moderar el uso de la referida publicidad.<\/p>\n<p>Lo anterior y como el propio Monreal lo explica en su misiva: \u201cHe recorrido buena parte del territorio nacional y en cada uno de los lugares que visito, as\u00ed como en las carreteras y calles por las que transito, me consta la colocaci\u00f3n de miles de anuncios espectaculares y de bardas pintadas, as\u00ed como la distribuci\u00f3n de objetos utilitarios con nombres e im\u00e1genes de algunos aspirantes\u201d<\/p>\n<p>Pero est\u00e1 visto que contradicciones hay en todos los partidos pol\u00edticos, sin embargo, algo que llam\u00f3 poderosamente la atenci\u00f3n es que durante el registro del Frente Amplio por M\u00e9xico, que muchos dolores de cabeza le dar\u00e1 a L\u00f3pez Obrador, el l\u00edder nacional del PAN, <strong>Marko Cort\u00e9s Mendoza<\/strong>, volvi\u00f3 a poner \u201cel dedo en el rengl\u00f3n\u201d sobre lo que la semana pasada se\u00f1alara en una entrevista el senador <strong>Clemente Casta\u00f1eda<\/strong>, respecto a que en Movimiento Ciudadano, (MC), cada vez son m\u00e1s los que consideran que es necesario sumarse a la oposici\u00f3n para construir un frente y no quedarse aislados de la conformaci\u00f3n de un amplio proyecto que pueda ganarle al oficialismo, es decir, a esta errada y llamada cuarta transformaci\u00f3n.<\/p>\n<p>Espec\u00edficamente, Marko Cort\u00e9s se\u00f1al\u00f3: \u201cNosotros hemos tenido di\u00e1logo permanente con muchos sectores y llegar\u00e1 el momento en que esto pueda ir avanzando de manera m\u00e1s clara, pero ya es visible lo que en 2021 se escuchaba. Desde 2021 hab\u00eda voces que dec\u00edan que hab\u00eda que ir juntos, si hubi\u00e9ramos ido juntos desde 2021, hoy ya habr\u00eda una C\u00e1mara de Diputados con mayor\u00eda opositora, y por eso festejamos que hoy haya voces del partido de MC que diga que es necesario sumar para poder ganar\u201d.<\/p>\n<p>Ahora bien, no se puede soslayar la insistencia ni m\u00e1s ni menos de quien encabeza a MC, <strong>Dante Delgado<\/strong>, que en repetidas ocasiones ha reiterado por las redes sociales que \u201ccon el PRI ni a la esquina\u201d y que la oposici\u00f3n es un <em>Titanic<\/em>. Pues tambi\u00e9n miles de veces, desde esa misma oposici\u00f3n que tanto critica el pol\u00edtico veracruzano, lo han convocado a sumarse al frente opositor, pero una de dos, o el ex gobernador de Veracruz supone que su partido tiene alguna posibilidad para 2024, as\u00ed, aislado, o bien y como lo hizo en las elecciones del Estado de M\u00e9xico y Coahuila de junio pasado, MC se hace de lado para limpiarle el camino a Morena, \u00bfa cambio de qu\u00e9?<\/p>\n<p style=\"text-align: center;\"><strong>Municiones<\/strong><\/p>\n<p>*** El\u00a0pr\u00f3ximo 23 de julio, <strong>Porfifrio Mu\u00f1oz<\/strong> <strong>Ledo<\/strong> y <strong>Lazo de la Vega<\/strong> habr\u00eda cumplido 90 a\u00f1os y seg\u00fan se sabe, estaba muy animado preparando su fiesta ni m\u00e1s ni menos que en Canc\u00fan. Ten\u00eda prevista una lista de 90 invitados procedentes de varios pa\u00edses y de todos los partidos pol\u00edticos de M\u00e9xico. L\u00e1stima que ese evento ya no pudo ser porque la muerte lo sorprendi\u00f3 primero. Dentro de su historia, el tambi\u00e9n ex embajador en los pa\u00edses bajos, presidi\u00f3 el PRI y PRD y colabor\u00f3 en la fundaci\u00f3n del sol azteca y de Morena, instituto pol\u00edtico del que en los \u00faltimos meses se alej\u00f3, debido a las insalvables diferencias que tuvo con L\u00f3pez Obrador. Que en paz descanse el gran Porfirio, un personaje que deja huella en la historia de M\u00e9xico.<\/p>\n<p>*** <strong>Ildefonso Guajardo<\/strong> anunci\u00f3, desde Monterrey, que se bajaba de la contienda para buscar la candidatura presidencial de la oposici\u00f3n porque de plano dice que no consigue el posicionamiento requerido para competir. A lo mejor, entre los planes del ex secretario de Econom\u00eda, espera un mejor momento para posteriormente lanzarse a la candidatura al gobierno de Nuevo Le\u00f3n, aunque al actual mandatario estatal, Samuel Garc\u00eda, todav\u00eda le falta un tiempo, as\u00ed que ese ser\u00eda un plan a largo plazo. Por lo pronto, Guajardo tendr\u00e1 la tarea dentro del frente opositor, de operar la vinculaci\u00f3n internacional. Mucho se comenta en los corrillos parlamentarios que ese es un premio de consolaci\u00f3n para el ex diputado. \u00bfSer\u00e1?<\/p>\n<p>*** Por cierto y retomando aquello de las divisiones que se avizoran en la carrera de \u201ccorcholatas\u201d y \u201ccorcholatos\u201d, todo indica que Claudia Sheinbaum no est\u00e1 muy enterada sobre el particular, ya que desde Jalisco, al encabezar una de sus asambleas informativas, asegur\u00f3, s\u00ed, asegur\u00f3, que las \u201ccorcholatas\u201d est\u00e1n m\u00e1s unidas que nunca. Y no, no nos vamos a quedar con las ganas de ver una cruenta divisi\u00f3n en el oficialismo. Al tiempo, y ya no falta mucho. \u00a1Qu\u00e9 tal!<\/p>\n<p><u><a href=\"mailto:morcora@gmail.com\" target=\"_blank\" rel=\"noopener noreferrer\"><em>morcora@gmail.com<\/em><\/a><\/u><\/p>\n","protected":false},"excerpt":{"rendered":"<p><span style=\"color: #005497;\"><strong>Adriana Moreno Cordero<\/strong><\/span><\/p>\n","protected":false},"author":3,"featured_media":0,"comment_status":"open","ping_status":"open","sticky":false,"template":"","format":"standard","meta":{"_monsterinsights_skip_tracking":false,"_monsterinsights_sitenote_active":false,"_monsterinsights_sitenote_note":"","_monsterinsights_sitenote_category":0,"footnotes":""},"categories":[69370],"tags":[69369,69368,43674],"class_list":["post-589366","post","type-post","status-publish","format-standard","hentry","category-adriana-moreno-cordero","tag-adriana-moreno-cordero","tag-la-retaguardia","tag-opinion"],"_links":{"self":[{"href":"https:\/\/www.diarioimagen.net\/index.php?rest_route=\/wp\/v2\/posts\/589366","targetHints":{"allow":["GET"]}}],"collection":[{"href":"https:\/\/www.diarioimagen.net\/index.php?rest_route=\/wp\/v2\/posts"}],"about":[{"href":"https:\/\/www.diarioimagen.net\/index.php?rest_route=\/wp\/v2\/types\/post"}],"author":[{"embeddable":true,"href":"https:\/\/www.diarioimagen.net\/index.php?rest_route=\/wp\/v2\/users\/3"}],"replies":[{"embeddable":true,"href":"https:\/\/www.diarioimagen.net\/index.php?rest_route=%2Fwp%2Fv2%2Fcomments&post=589366"}],"version-history":[{"count":0,"href":"https:\/\/www.diarioimagen.net\/index.php?rest_route=\/wp\/v2\/posts\/589366\/revisions"}],"wp:attachment":[{"href":"https:\/\/www.diarioimagen.net\/index.php?rest_route=%2Fwp%2Fv2%2Fmedia&parent=589366"}],"wp:term":[{"taxonomy":"category","embeddable":true,"href":"https:\/\/www.diarioimagen.net\/index.php?rest_route=%2Fwp%2Fv2%2Fcategories&post=589366"},{"taxonomy":"post_tag","embeddable":true,"href":"https:\/\/www.diarioimagen.net\/index.php?rest_route=%2Fwp%2Fv2%2Ftags&post=589366"}],"curies":[{"name":"wp","href":"https:\/\/api.w.org\/{rel}","templated":true}]}}