{"id":589371,"date":"2023-07-10T00:05:40","date_gmt":"2023-07-10T06:05:40","guid":{"rendered":"https:\/\/www.diarioimagen.net\/?p=589371"},"modified":"2023-07-10T02:22:33","modified_gmt":"2023-07-10T08:22:33","slug":"se-fue-el-gran-porfirio","status":"publish","type":"post","link":"https:\/\/www.diarioimagen.net\/?p=589371","title":{"rendered":"Se fue el gran Porfirio"},"content":{"rendered":"<h2>Perfil de M\u00e9xico<\/h2>\n<h5>Armando R\u00edos Ruiz<\/h5>\n<p>&nbsp;<\/p>\n<p>Ayer, los medios dieron cuenta de una noticia realmente sensible: la muerte de Porfirio Mu\u00f1oz Ledo, uno de los hombres m\u00e1s pol\u00e9micos en los medios pol\u00edticos mexicanos, destacado por su clara inteligencia, por su amplia cultura, por sus ocurrencias prestas para mover la risa de sus amigos, por su tino en las decisiones importantes para los mexicanos y por muchos otros atributos.<\/p>\n<p>El historiador Jos\u00e9 Iturriaga, uno de tantos maestros suyos, sol\u00eda decir que sin duda, era uno de los alumnos m\u00e1s brillantes entre los muchos que desfilaron en el and\u00e9n de sus ense\u00f1anzas, junto con Carlos Salinas de Gortari. Porfirio fue un longevo aportador en la pol\u00edtica mexicana, con una luz gigantesca, estirada hasta casi cumplir 90 a\u00f1os de edad, con una lucidez particularmente sana.<\/p>\n<p>En su biograf\u00eda forman parte innumerables concursos de oratoria en los que particip\u00f3 como juez y como aliento de los que buscaban el t\u00edtulo de campe\u00f3n nacional e internacional. En esos cert\u00e1menes que anticipaban la futura actividad de los participantes, muchos de los cuales habr\u00edan de convertirse en pol\u00edticos muy destacados y en cuidadosos tomadores de decisiones en la vida del pa\u00eds.<\/p>\n<p>Muy joven, \u00e9l mismo pudo mostrar sus dotes de orador de primera l\u00ednea, cuando <em>El Universal<\/em>, el medio que tradicionalmente dio preferencia a estas lides del buen decir, convoc\u00f3 a una velada en la Facultad de Derecho de la UNAM, el 5 de julio de 1953, en la que particip\u00f3 como orador el futuro pol\u00edtico, ganador ya de un campeonato internacional de oratoria y entonces a\u00fan estudiante.<\/p>\n<p>Lo conoc\u00ed hace muchos a\u00f1os. Antes de que mi hijo incursionara en un campeonato intercolegial en el arte que expongo, en el Centro Universitario M\u00e9xico, o mejor conocido como CUM, en donde junto con Diego Fern\u00e1ndez de Cevallos, tambi\u00e9n ex campe\u00f3n nacional y otros destacados oradores, form\u00f3 parte del elenco de sinodales que le dieron el triunfo.<\/p>\n<p>Tuve oportunidad de saludarlo durante la administraci\u00f3n de Vicente Fox, en los Pinos, cuando el Primer Mandatario habl\u00f3 de lineamientos para el Plan Puebla Panam\u00e1. Cuando termin\u00f3 el evento nos saludamos y me dijo: \u201cv\u00e1monos a la inauguraci\u00f3n del tema que sigue\u201d. \u201c\u00bfHay m\u00e1s?\u201d Le pregunt\u00e9 y me respondi\u00f3: \u201c\u00a1Claro y est\u00e1 mejor que \u00e9ste! \u00a1Ahora vamos a la inauguraci\u00f3n del Clan Colima Colombia\u2026!\u201d Todos los que escuchamos re\u00edmos por la puntada.<\/p>\n<p>En otra ocasi\u00f3n, un periodista en la C\u00e1mara de Diputados me pidi\u00f3 compa\u00f1\u00eda para entrevistar al gran pol\u00edtico, quien dispon\u00eda de una oficina gigantesca, en la que tambi\u00e9n despachaba el desaparecido, excelente amigo y paisano guerrerense, igualmente diputado, Cuauht\u00e9moc Sandoval. Despu\u00e9s de un abrazo me pregunt\u00f3: \u201c\u00bfEn qu\u00e9 puedo servirte?\u201d.<\/p>\n<p>Le dije que s\u00f3lo acompa\u00f1aba a mi amigo, quien ten\u00eda cita para entrevistar a Porfirio. Me invit\u00f3: \u201cte acompa\u00f1o. Sirve que te presento con \u00e9l. Cuando entramos a la gran oficina, Porfirio se incorpor\u00f3 y me salud\u00f3 tambi\u00e9n con un gran abrazo, al tiempo que preguntaba por mi hijo. Le dije de broma que quiso reprobarlo en el concurso y de inmediato contest\u00f3. \u201c\u00a1No se\u00f1or! \u00a1Fui el primero en reconocer que su triunfo era indiscutible!<\/p>\n<p>Su gran trayectoria abarca diversas actividades, como pol\u00edtico y como maestro en varias universidades del pa\u00eds y de Francia, lugar \u00e9ste en el que tambi\u00e9n realiz\u00f3 estudios de postgrado, como Derecho Constitucional y obtuvo el doctorado. Posteriormente, imparti\u00f3 clases en aqu\u00ed mismo.<\/p>\n<p>Se apag\u00f3 la luz de una vida fecunda a escasos d\u00edas de cumplir 90 a\u00f1os, que se antojan pocos para quien aport\u00f3 ense\u00f1anzas invaluables a las generaciones que encontr\u00f3 a su paso y a quienes quieran aprovechar este abrevadero de conocimientos, plasmados en sus disertaciones escritas y en las verbales, que de todas maneras forman parte de los recordatorios sobre su figura, en libros y en medios de informaci\u00f3n nacionales y extranjeros.<\/p>\n<p>Mi p\u00e9same m\u00e1s sensible a la familia.<\/p>\n<p><a href=\"mailto:ariosruiz@gmail.com\" target=\"_blank\" rel=\"noopener noreferrer\"><em>ariosruiz@gmail.com<\/em><\/a><\/p>\n","protected":false},"excerpt":{"rendered":"<p><span style=\"color: #005497;\"><strong>Armando R\u00edos Ruiz<\/strong><\/span><\/p>\n","protected":false},"author":3,"featured_media":0,"comment_status":"open","ping_status":"open","sticky":false,"template":"","format":"standard","meta":{"_monsterinsights_skip_tracking":false,"_monsterinsights_sitenote_active":false,"_monsterinsights_sitenote_note":"","_monsterinsights_sitenote_category":0,"footnotes":""},"categories":[88405],"tags":[88407,43674,91193],"class_list":["post-589371","post","type-post","status-publish","format-standard","hentry","category-armando-rios-ruiz","tag-armando-rios-ruiz","tag-opinion","tag-perfil-de-mexico"],"_links":{"self":[{"href":"https:\/\/www.diarioimagen.net\/index.php?rest_route=\/wp\/v2\/posts\/589371","targetHints":{"allow":["GET"]}}],"collection":[{"href":"https:\/\/www.diarioimagen.net\/index.php?rest_route=\/wp\/v2\/posts"}],"about":[{"href":"https:\/\/www.diarioimagen.net\/index.php?rest_route=\/wp\/v2\/types\/post"}],"author":[{"embeddable":true,"href":"https:\/\/www.diarioimagen.net\/index.php?rest_route=\/wp\/v2\/users\/3"}],"replies":[{"embeddable":true,"href":"https:\/\/www.diarioimagen.net\/index.php?rest_route=%2Fwp%2Fv2%2Fcomments&post=589371"}],"version-history":[{"count":0,"href":"https:\/\/www.diarioimagen.net\/index.php?rest_route=\/wp\/v2\/posts\/589371\/revisions"}],"wp:attachment":[{"href":"https:\/\/www.diarioimagen.net\/index.php?rest_route=%2Fwp%2Fv2%2Fmedia&parent=589371"}],"wp:term":[{"taxonomy":"category","embeddable":true,"href":"https:\/\/www.diarioimagen.net\/index.php?rest_route=%2Fwp%2Fv2%2Fcategories&post=589371"},{"taxonomy":"post_tag","embeddable":true,"href":"https:\/\/www.diarioimagen.net\/index.php?rest_route=%2Fwp%2Fv2%2Ftags&post=589371"}],"curies":[{"name":"wp","href":"https:\/\/api.w.org\/{rel}","templated":true}]}}