{"id":589374,"date":"2023-07-10T00:03:35","date_gmt":"2023-07-10T06:03:35","guid":{"rendered":"https:\/\/www.diarioimagen.net\/?p=589374"},"modified":"2023-07-10T02:25:57","modified_gmt":"2023-07-10T08:25:57","slug":"munoz-ledo-lo-que-fue-y-lo-que-no","status":"publish","type":"post","link":"https:\/\/www.diarioimagen.net\/?p=589374","title":{"rendered":"Mu\u00f1oz ledo, lo que fue y lo que no"},"content":{"rendered":"<h2>Espacio Electoral<\/h2>\n<h5>Eleazar Flores<\/h5>\n<p><strong>\u00a0<\/strong><\/p>\n<p><strong>HASTA CONDUCTOR DE TV-.<\/strong> Inteligente reconocido hasta por sus enemigos, liberal de entrada y CONSISTENTE hasta donde pudo o se lo permitieron sus \u201camigos\u201d, Porfirio Mu\u00f1oz Ledo y Lazo de la Vega deja un hueco dif\u00edcil de llenar en la pol\u00edtica mexicana, casi como el provocado por su maestro Jes\u00fas Reyes Heroles, tanto que ocuparon cargos similares entre los setenta y ochenta.<\/p>\n<p>Ambos Secretarios de Educaci\u00f3n P\u00fablica, ambos presidentes del Comit\u00e9 Ejecutivo Nacional del PRI y por ende, operadores pol\u00edticos de los presidentes Luis Echeverr\u00eda \u00c1lvarez y Jos\u00e9 L\u00f3pez Portillo y en menores responsabilidades con Miguel de la Madrid. Tambi\u00e9n secretario de Trabajo.<\/p>\n<p>Fue candidato presidencial del extinto Partido Aut\u00e9ntico de la Revoluci\u00f3n Mexicana, PARM, declinando al final en favor de Vicente Fox, quien en agradecimiento lo nombr\u00f3 representante permanente de M\u00e9xico ante la Uni\u00f3n Europea.<\/p>\n<p>A prop\u00f3sito de su vida diplom\u00e1tica, Mu\u00f1oz Ledo fue representante de M\u00e9xico ante la Organizaci\u00f3n de las Naciones Unidas, ONU, -donde se le registra un \u201cresbal\u00f3n\u201d al asistir en estado inconveniente a una sesi\u00f3n -dijeron las cr\u00f3nicas period\u00edsticas de entonces-, por lo que vinieron un poco a la baja sus bonos, pero siendo un maestro de la oratoria pronto se repuso.<\/p>\n<p>No pudo ser presidente ni gobernador de Guanajuato, pero s\u00ed quien en su calidad de presidente de la C\u00e1mara de Diputados de la flamante mayor\u00eda morena, \u00e9l impuso la BANDA PRESIDENCIAL al presidente electo Andr\u00e9s Manuel L\u00f3pez Obrador, de quien discrep\u00f3 con el tiempo, al grado de alejarse hasta de su Morena, m\u00e1xime con \u201cpensantes\u201d de la talla del gerente Mario Delgado.<\/p>\n<p>Esto porque don Porfirio fue amigo y contempor\u00e1neo en las aulas y en la pol\u00edtica, con personas de la talla de Carlos Fuentes, Mario de la Cueva, Enrique Gonz\u00e1lez Pedrero y dem\u00e1s, con quienes hab\u00eda afinidad ideol\u00f3gica y capacidad dial\u00e9ctica como para practicar el eclecticismo no solo en lo laboral, pudo haber sido hasta en la elecci\u00f3n de sus amistades.<\/p>\n<p>Todo el mundo pol\u00edtico conoce y reconoce la militancia partidista itinerante de Mu\u00f1oz Ledo que pasa del PRI al PRD, antecedente de la Corriente Democr\u00e1tica encabezada adem\u00e1s por Cuauht\u00e9moc C\u00e1rdenas e Ifigenia Mart\u00ednez de Navarrete y puerta de salida para crear el PRD en 1989, iniciando el desgajamiento del PRI que hoy \u00bfvive? su peor \u00e9poca, casi en extinci\u00f3n.<\/p>\n<p>Inquieto intelectual, Mu\u00f1oz Ledo incursion\u00f3 en el periodismo televisivo, pues por cinco a\u00f1os fue el conductor del programa Bit\u00e1cora Mexicana que por cinco a\u00f1os consecutivos se transmiti\u00f3 por Televisi\u00f3n Mexiquense, cuyos contenidos se alimentaban de opiniones y entrevistas con pol\u00edticos e intelectuales del pa\u00eds.<\/p>\n<p>Como diputado, Mu\u00f1oz Ledo fue el primer INTERPELADOR de Miguel de la Madrid en su \u00faltimo informe presidencial.<\/p>\n<p><em><a href=\"mailto:elefa44@gmail.com\" target=\"_blank\" rel=\"noopener noreferrer\">elefa44@gmail.com<\/a><\/em><\/p>\n","protected":false},"excerpt":{"rendered":"<p><span style=\"color: #005497;\"><strong>Eleazar Flores<\/strong><\/span><\/p>\n","protected":false},"author":3,"featured_media":0,"comment_status":"open","ping_status":"open","sticky":false,"template":"","format":"standard","meta":{"_monsterinsights_skip_tracking":false,"_monsterinsights_sitenote_active":false,"_monsterinsights_sitenote_note":"","_monsterinsights_sitenote_category":0,"footnotes":""},"categories":[81743],"tags":[81744,81776,43674],"class_list":["post-589374","post","type-post","status-publish","format-standard","hentry","category-eleazar-flores","tag-eleazar-flores","tag-espacio-electoral","tag-opinion"],"_links":{"self":[{"href":"https:\/\/www.diarioimagen.net\/index.php?rest_route=\/wp\/v2\/posts\/589374","targetHints":{"allow":["GET"]}}],"collection":[{"href":"https:\/\/www.diarioimagen.net\/index.php?rest_route=\/wp\/v2\/posts"}],"about":[{"href":"https:\/\/www.diarioimagen.net\/index.php?rest_route=\/wp\/v2\/types\/post"}],"author":[{"embeddable":true,"href":"https:\/\/www.diarioimagen.net\/index.php?rest_route=\/wp\/v2\/users\/3"}],"replies":[{"embeddable":true,"href":"https:\/\/www.diarioimagen.net\/index.php?rest_route=%2Fwp%2Fv2%2Fcomments&post=589374"}],"version-history":[{"count":0,"href":"https:\/\/www.diarioimagen.net\/index.php?rest_route=\/wp\/v2\/posts\/589374\/revisions"}],"wp:attachment":[{"href":"https:\/\/www.diarioimagen.net\/index.php?rest_route=%2Fwp%2Fv2%2Fmedia&parent=589374"}],"wp:term":[{"taxonomy":"category","embeddable":true,"href":"https:\/\/www.diarioimagen.net\/index.php?rest_route=%2Fwp%2Fv2%2Fcategories&post=589374"},{"taxonomy":"post_tag","embeddable":true,"href":"https:\/\/www.diarioimagen.net\/index.php?rest_route=%2Fwp%2Fv2%2Ftags&post=589374"}],"curies":[{"name":"wp","href":"https:\/\/api.w.org\/{rel}","templated":true}]}}