{"id":589413,"date":"2023-07-11T00:05:30","date_gmt":"2023-07-11T06:05:30","guid":{"rendered":"https:\/\/www.diarioimagen.net\/?p=589413"},"modified":"2023-07-12T02:04:24","modified_gmt":"2023-07-12T08:04:24","slug":"reafirma-uaemex-su-posicion-como-la-mejor-universidad-publica-estatal-del-pais-the","status":"publish","type":"post","link":"https:\/\/www.diarioimagen.net\/?p=589413","title":{"rendered":"Reafirma UAEM\u00e9x su posici\u00f3n como la mejor Universidad P\u00fablica Estatal del pa\u00eds: THE"},"content":{"rendered":"<p><em>\u00a0<\/em><\/p>\n<ul>\n<li><strong><em>A nivel Latinoam\u00e9rica escal\u00f3 ocho posiciones con respecto a la edici\u00f3n anterior, ubic\u00e1ndose en el lugar 78<\/em><\/strong><\/li>\n<\/ul>\n<p><strong>\u00a0<\/strong><\/p>\n<div id=\"attachment_589466\" style=\"width: 480px\" class=\"wp-caption aligncenter\"><a href=\"https:\/\/www.diarioimagen.net\/?attachment_id=589466\" rel=\"attachment wp-att-589466\"><img loading=\"lazy\" decoding=\"async\" aria-describedby=\"caption-attachment-589466\" class=\"wp-image-589466\" src=\"https:\/\/www.diarioimagen.net\/wp-content\/uploads\/2023\/07\/uaem-reafirma.jpg\" alt=\"\" width=\"470\" height=\"582\" \/><\/a><p id=\"caption-attachment-589466\" class=\"wp-caption-text\">De acuerdo con el Latin America University Rankings 2023 del Times Higher Education (THE), a nivel nacional, la UAEM\u00e9x se mantuvo como la quinta mejor universidad del pa\u00eds.<\/p><\/div>\n<p>&nbsp;<\/p>\n<p><strong>Toluca, Estado de M\u00e9xico.\u2014<\/strong> Por su calidad educativa, docente, de investigaci\u00f3n y con perspectiva internacional, la Universidad Aut\u00f3noma del Estado de M\u00e9xico (UAEM\u00e9x) reafirm\u00f3, por cuarto a\u00f1o consecutivo, su posici\u00f3n como la mejor Universidad P\u00fablica Estatal del pa\u00eds, de acuerdo con el Times Higher Education (THE), que realiz\u00f3 la evaluaci\u00f3n para Latin America University Rankings 2023.<\/p>\n<p>El Ranking tambi\u00e9n refiere que la UAEM\u00e9x se mantiene como la quinta mejor universidad a nivel nacional, mientras que a nivel Latinoam\u00e9rica escal\u00f3 ocho posiciones, ubic\u00e1ndose en el puesto 78.<\/p>\n<p>El THE realiza la evaluaci\u00f3n para Latin America University Rankings con la misma informaci\u00f3n del ranking mundial, pero con diferente normalizaci\u00f3n en los indicadores de investigaci\u00f3n. La metodolog\u00eda se basa en cinco variables: ense\u00f1anza, investigaci\u00f3n, transferencia de conocimientos, citas y perspectiva internacional, compuesta de 13 indicadores de desempe\u00f1o.<\/p>\n<p>Para esta edici\u00f3n del THE se enlistaron 212 Instituciones de Educaci\u00f3n Superior (IES) de 15 pa\u00edses de Latinoam\u00e9rica, solo una IES m\u00e1s que en 2022, mientras que 27 de las IES participantes se encuentran en M\u00e9xico.<\/p>\n","protected":false},"excerpt":{"rendered":"<p>Por su calidad educativa, docente, de investigaci\u00f3n y con perspectiva internacional, la Universidad Aut\u00f3noma del Estado de M\u00e9xico (UAEM\u00e9x) reafirm\u00f3, por cuarto a\u00f1o consecutivo, su posici\u00f3n como la mejor Universidad P\u00fablica Estatal del pa\u00eds, de acuerdo con el Times Higher Education (THE), que realiz\u00f3 la evaluaci\u00f3n para Latin America University Rankings 2023.<\/p>\n","protected":false},"author":3,"featured_media":589467,"comment_status":"open","ping_status":"open","sticky":false,"template":"","format":"standard","meta":{"_monsterinsights_skip_tracking":false,"_monsterinsights_sitenote_active":false,"_monsterinsights_sitenote_note":"","_monsterinsights_sitenote_category":0,"footnotes":""},"categories":[5],"tags":[98211,91568,91572],"class_list":["post-589413","post","type-post","status-publish","format-standard","has-post-thumbnail","hentry","category-estado-de-mexico","tag-reafirma-uaemex","tag-the","tag-times-higher-education"],"_links":{"self":[{"href":"https:\/\/www.diarioimagen.net\/index.php?rest_route=\/wp\/v2\/posts\/589413","targetHints":{"allow":["GET"]}}],"collection":[{"href":"https:\/\/www.diarioimagen.net\/index.php?rest_route=\/wp\/v2\/posts"}],"about":[{"href":"https:\/\/www.diarioimagen.net\/index.php?rest_route=\/wp\/v2\/types\/post"}],"author":[{"embeddable":true,"href":"https:\/\/www.diarioimagen.net\/index.php?rest_route=\/wp\/v2\/users\/3"}],"replies":[{"embeddable":true,"href":"https:\/\/www.diarioimagen.net\/index.php?rest_route=%2Fwp%2Fv2%2Fcomments&post=589413"}],"version-history":[{"count":0,"href":"https:\/\/www.diarioimagen.net\/index.php?rest_route=\/wp\/v2\/posts\/589413\/revisions"}],"wp:featuredmedia":[{"embeddable":true,"href":"https:\/\/www.diarioimagen.net\/index.php?rest_route=\/wp\/v2\/media\/589467"}],"wp:attachment":[{"href":"https:\/\/www.diarioimagen.net\/index.php?rest_route=%2Fwp%2Fv2%2Fmedia&parent=589413"}],"wp:term":[{"taxonomy":"category","embeddable":true,"href":"https:\/\/www.diarioimagen.net\/index.php?rest_route=%2Fwp%2Fv2%2Fcategories&post=589413"},{"taxonomy":"post_tag","embeddable":true,"href":"https:\/\/www.diarioimagen.net\/index.php?rest_route=%2Fwp%2Fv2%2Ftags&post=589413"}],"curies":[{"name":"wp","href":"https:\/\/api.w.org\/{rel}","templated":true}]}}