{"id":589416,"date":"2023-07-11T00:01:14","date_gmt":"2023-07-11T06:01:14","guid":{"rendered":"https:\/\/www.diarioimagen.net\/?p=589416"},"modified":"2023-07-11T02:28:52","modified_gmt":"2023-07-11T08:28:52","slug":"si-le-vamos-a-cumplir-a-los-mexiquenses-dice-delfina-gomez","status":"publish","type":"post","link":"https:\/\/www.diarioimagen.net\/?p=589416","title":{"rendered":"S\u00ed le vamos a cumplir a los mexiquenses, dice Delfina G\u00f3mez"},"content":{"rendered":"<p>&nbsp;<\/p>\n<p><a href=\"https:\/\/www.diarioimagen.net\/?attachment_id=589495\" rel=\"attachment wp-att-589495\"><img loading=\"lazy\" decoding=\"async\" class=\"aligncenter size-full wp-image-589495\" src=\"https:\/\/www.diarioimagen.net\/wp-content\/uploads\/2023\/07\/le-vamos-a-cumplir.jpg\" alt=\"\" width=\"460\" height=\"270\" \/><\/a><\/p>\n<p>&nbsp;<\/p>\n<p><strong>Toluca, Estado de M\u00ebxico.\u2014<\/strong> \u201cTrabajaremos con alma y coraz\u00f3n para cumplirle a los mexiquenses\u201d, as\u00ed se pronunci\u00f3 la maestra Delfina G\u00f3mez, luego de. recibir la Constancia de Mayor\u00eda y Validez de la Elecci\u00f3n 2023 que la acredita como la gobernadora electa del Estado de M\u00e9xico.<\/p>\n<p>\u201cEstoy llena de orgullo y quiero agradecer todo el esfuerzo y compromiso con el que logramos esta victoria. Trabajaremos con el alma y coraz\u00f3n para cumplirle a los mexiquenses el cambio que les prometimos\u201d, asegur\u00f3 la morenista.<\/p>\n<p>El Consejo General del Instituto Electoral del Estado de M\u00e9xico (IEEM), encabezado por la consejera presidenta Amalia Pulido, entreg\u00f3 el documento a la morenista luego de completar el C\u00f3mputo Final del Proceso Electoral Ordinario y declarar la validez de la Elecci\u00f3n de Gubernatura 2023.<\/p>\n","protected":false},"excerpt":{"rendered":"<p>\u201cTrabajaremos con alma y coraz\u00f3n para cumplirle a los mexiquenses\u201d, as\u00ed se pronunci\u00f3 la maestra Delfina G\u00f3mez, luego de. recibir la Constancia de Mayor\u00eda y Validez de la Elecci\u00f3n 2023 que la acredita como la gobernadora electa del Estado de M\u00e9xico.<\/p>\n","protected":false},"author":3,"featured_media":589495,"comment_status":"open","ping_status":"open","sticky":false,"template":"","format":"standard","meta":{"_monsterinsights_skip_tracking":false,"_monsterinsights_sitenote_active":false,"_monsterinsights_sitenote_note":"","_monsterinsights_sitenote_category":0,"footnotes":""},"categories":[5],"tags":[65587,57859,98206],"class_list":["post-589416","post","type-post","status-publish","format-standard","has-post-thumbnail","hentry","category-estado-de-mexico","tag-cumplir","tag-delfina-gomez-alvarez","tag-si"],"_links":{"self":[{"href":"https:\/\/www.diarioimagen.net\/index.php?rest_route=\/wp\/v2\/posts\/589416","targetHints":{"allow":["GET"]}}],"collection":[{"href":"https:\/\/www.diarioimagen.net\/index.php?rest_route=\/wp\/v2\/posts"}],"about":[{"href":"https:\/\/www.diarioimagen.net\/index.php?rest_route=\/wp\/v2\/types\/post"}],"author":[{"embeddable":true,"href":"https:\/\/www.diarioimagen.net\/index.php?rest_route=\/wp\/v2\/users\/3"}],"replies":[{"embeddable":true,"href":"https:\/\/www.diarioimagen.net\/index.php?rest_route=%2Fwp%2Fv2%2Fcomments&post=589416"}],"version-history":[{"count":0,"href":"https:\/\/www.diarioimagen.net\/index.php?rest_route=\/wp\/v2\/posts\/589416\/revisions"}],"wp:featuredmedia":[{"embeddable":true,"href":"https:\/\/www.diarioimagen.net\/index.php?rest_route=\/wp\/v2\/media\/589495"}],"wp:attachment":[{"href":"https:\/\/www.diarioimagen.net\/index.php?rest_route=%2Fwp%2Fv2%2Fmedia&parent=589416"}],"wp:term":[{"taxonomy":"category","embeddable":true,"href":"https:\/\/www.diarioimagen.net\/index.php?rest_route=%2Fwp%2Fv2%2Fcategories&post=589416"},{"taxonomy":"post_tag","embeddable":true,"href":"https:\/\/www.diarioimagen.net\/index.php?rest_route=%2Fwp%2Fv2%2Ftags&post=589416"}],"curies":[{"name":"wp","href":"https:\/\/api.w.org\/{rel}","templated":true}]}}