{"id":589419,"date":"2023-07-11T00:02:21","date_gmt":"2023-07-11T06:02:21","guid":{"rendered":"https:\/\/www.diarioimagen.net\/?p=589419"},"modified":"2023-07-11T02:28:15","modified_gmt":"2023-07-11T08:28:15","slug":"la-mujer-impulsora-del-desarrollo-economico-del-pais-edith-calzada","status":"publish","type":"post","link":"https:\/\/www.diarioimagen.net\/?p=589419","title":{"rendered":"La mujer, impulsora del desarrollo econ\u00f3mico del pa\u00eds: Edith Calzada"},"content":{"rendered":"<p>&nbsp;<\/p>\n<ul>\n<li><strong><em>Toma de protesta en la ASECEM<\/em> <\/strong><\/li>\n<\/ul>\n<p>&nbsp;<\/p>\n<div id=\"attachment_589493\" style=\"width: 470px\" class=\"wp-caption aligncenter\"><a href=\"https:\/\/www.diarioimagen.net\/?attachment_id=589493\" rel=\"attachment wp-att-589493\"><img loading=\"lazy\" decoding=\"async\" aria-describedby=\"caption-attachment-589493\" class=\"size-full wp-image-589493\" src=\"https:\/\/www.diarioimagen.net\/wp-content\/uploads\/2023\/07\/mujer-impulsora.jpg\" alt=\"\" width=\"460\" height=\"270\" \/><\/a><p id=\"caption-attachment-589493\" class=\"wp-caption-text\">Mar\u00eda Edith Calzada Mu\u00f1oz, presidenta de la Comisi\u00f3n de Mujeres Empresarias de la ASECEM.<\/p><\/div>\n<p>&nbsp;<\/p>\n<p><strong>Valle de M\u00e9xico.\u2014<\/strong> La Asociaci\u00f3n de Empresarios y Ciudadanos de M\u00e9xico ASECEM, presidida por Ra\u00fal Chaparro, reafirm\u00f3 su compromiso de reconocer a las mujeres como impulsoras de la productividad y el desarrollo econ\u00f3mico no s\u00f3lo del Estado de M\u00e9xico, sino del pa\u00eds.<\/p>\n<p>As\u00ed lo expres\u00f3, Mar\u00eda Edith Calzada Mu\u00f1oz, presidenta de la Comisi\u00f3n de Mujeres Empresarias de dicha asociaci\u00f3n, luego de que el alcalde de Atizap\u00e1n de Zaragoza, Pedro Rodr\u00edguez, tomara protesta a las integrantes; \u201cnos ha costado tanto esfuerzo, construir y poner el inter\u00e9s nacional, por encima de todo inter\u00e9s personal, ahora es un deber de todas y todos nosotros\u201d, dijo.<\/p>\n<p>A dicho evento asistieron funcionarios p\u00fablicos pol\u00edticos, empresarios, medios de comunicaci\u00f3n y sociedad civil, en donde Edith Calzada, convoc\u00f3 a todas y todos a continuar participando unidos para enaltecer a nuestro pa\u00eds. En ese sentido, manifest\u00f3 que el desarrollo de la naci\u00f3n, necesita m\u00e1s mujeres empresarias, que tengan la posibilidad de participar en todos los \u00e1mbitos de la vida p\u00fablica y privada.<\/p>\n<p>\u201cEn ASECEM, buscamos abrir los espacios para apoyar a las mujeres, para que encuentren, un terreno f\u00e9rtil, para el desarrollo de sus sue\u00f1os y aspiraciones. Esto nos debe impulsar de una manera inalcanzable, a conquistar los espacios de la econom\u00eda y el desarrollo social, y todo ello a partir de la responsabilidad, la constancia, el emprendimiento, el trabajo y la preparaci\u00f3n de todas y todos\u201d, enfatiz\u00f3.<\/p>\n<p>A su vez, el presidente de ASECEM, Ra\u00fal Chaparro, destac\u00f3 el impulso que se est\u00e1 dando a esta asociaci\u00f3n con esta nueva comisi\u00f3n encabezada por la licenciada Edith Calzada, a quien exhort\u00f3 al igual que a todos quienes la integran a enaltecer los derechos de las mujeres, como el motor que impulsa a la sociedad en su conjunto.<\/p>\n","protected":false},"excerpt":{"rendered":"<p>La Asociaci\u00f3n de Empresarios y Ciudadanos de M\u00e9xico ASECEM, presidida por Ra\u00fal Chaparro, reafirm\u00f3 su compromiso de reconocer a las mujeres como impulsoras de la productividad y el desarrollo econ\u00f3mico no s\u00f3lo del Estado de M\u00e9xico, sino del pa\u00eds.<\/p>\n","protected":false},"author":3,"featured_media":589493,"comment_status":"open","ping_status":"open","sticky":false,"template":"","format":"standard","meta":{"_monsterinsights_skip_tracking":false,"_monsterinsights_sitenote_active":false,"_monsterinsights_sitenote_note":"","_monsterinsights_sitenote_category":0,"footnotes":""},"categories":[5],"tags":[90846,98207,34],"class_list":["post-589419","post","type-post","status-publish","format-standard","has-post-thumbnail","hentry","category-estado-de-mexico","tag-asecem","tag-maria-edith-calzada-munoz","tag-valle-de-mexico"],"_links":{"self":[{"href":"https:\/\/www.diarioimagen.net\/index.php?rest_route=\/wp\/v2\/posts\/589419","targetHints":{"allow":["GET"]}}],"collection":[{"href":"https:\/\/www.diarioimagen.net\/index.php?rest_route=\/wp\/v2\/posts"}],"about":[{"href":"https:\/\/www.diarioimagen.net\/index.php?rest_route=\/wp\/v2\/types\/post"}],"author":[{"embeddable":true,"href":"https:\/\/www.diarioimagen.net\/index.php?rest_route=\/wp\/v2\/users\/3"}],"replies":[{"embeddable":true,"href":"https:\/\/www.diarioimagen.net\/index.php?rest_route=%2Fwp%2Fv2%2Fcomments&post=589419"}],"version-history":[{"count":0,"href":"https:\/\/www.diarioimagen.net\/index.php?rest_route=\/wp\/v2\/posts\/589419\/revisions"}],"wp:featuredmedia":[{"embeddable":true,"href":"https:\/\/www.diarioimagen.net\/index.php?rest_route=\/wp\/v2\/media\/589493"}],"wp:attachment":[{"href":"https:\/\/www.diarioimagen.net\/index.php?rest_route=%2Fwp%2Fv2%2Fmedia&parent=589419"}],"wp:term":[{"taxonomy":"category","embeddable":true,"href":"https:\/\/www.diarioimagen.net\/index.php?rest_route=%2Fwp%2Fv2%2Fcategories&post=589419"},{"taxonomy":"post_tag","embeddable":true,"href":"https:\/\/www.diarioimagen.net\/index.php?rest_route=%2Fwp%2Fv2%2Ftags&post=589419"}],"curies":[{"name":"wp","href":"https:\/\/api.w.org\/{rel}","templated":true}]}}