{"id":589499,"date":"2023-07-11T00:02:26","date_gmt":"2023-07-11T06:02:26","guid":{"rendered":"https:\/\/www.diarioimagen.net\/?p=589499"},"modified":"2023-07-11T02:34:12","modified_gmt":"2023-07-11T08:34:12","slug":"empieza-recoleccion-de-firmas-en-frente-amplio-por-mexico","status":"publish","type":"post","link":"https:\/\/www.diarioimagen.net\/?p=589499","title":{"rendered":"Empieza recolecci\u00f3n de firmas en Frente Amplio por M\u00e9xico"},"content":{"rendered":"<h2>La Retaguardia<\/h2>\n<h5>Adriana Moreno Cordero<\/h5>\n<p>&nbsp;<\/p>\n<ul>\n<li><strong><em>L\u00f3pez Obrador, ahora jefe de campa\u00f1a de Santiago Taboada<\/em><\/strong><\/li>\n<\/ul>\n<p>&nbsp;<\/p>\n<p>Trece de los 33 aspirantes a ser el o la candidata presidencial del Frente Amplio por M\u00e9xico quedaron como finalistas, luego de haber transcurrido la etapa de los registros, por lo que el paso siguiente ser\u00e1\u00a0 la fase de recolecci\u00f3n de firmas y todos ellos han dicho que cuentan con las capacidades para conseguirlas.<\/p>\n<p>Los elegidos son: <strong>Silvano Aureoles,<\/strong> ex gobernador de Michoac\u00e1n;<strong> Santiago Creel,<\/strong> presidente de la Mesa Directiva de la C\u00e1mara de Diputados; el ex secretario de Turismo,<strong> Enrique de la Madrid; Jos\u00e9 Jaime Enrique F\u00e9lix; <\/strong>quien ha resultado ser todo un fen\u00f3meno<strong> X\u00f3chitl G\u00e1lvez Ruiz; <\/strong>el ex gobernador de Tamaulipas, que dice ser un perseguido pol\u00edtico,<strong> Francisco Javier Garc\u00eda Cabeza de Vaca; <\/strong>el ex gobernador panista de Quer\u00e9taro que tan mal sabor de boca dej\u00f3,<strong> Ignacio Loyola Vera; <\/strong>el ex jefe de Gobierno de la CDMX y actual senador, <strong>Miguel \u00c1ngel\u00a0 Mancera; <\/strong>la ex embajadora, ex gobernadora y senadora,<strong> Beatriz Paredes Rangel; Jorge Luis Preciado Rodr\u00edguez, <\/strong>que ha querido ser gobernador de Colima y que muchas dudas y suspicacias dej\u00f3 a su paso como legislador;<strong> Gabriel Quadri,<\/strong> ex candidato presidencial de Nueva Alianza, experto en debates y atractivo visual;<strong> Israel Rivas, <\/strong>uno de los l\u00edderes del movimiento de padres y madres que luchas para que sus hijos con c\u00e1ncer tengan acceso a tratamientos y medicamentos que esta administraci\u00f3n les ha negado;\u00a0 y <strong>Sergio Iv\u00e1n Torres Bravo.<\/strong><\/p>\n<p>Hay que subrayar adem\u00e1s, que los aspirantes del Frente Amplio por M\u00e9xico firmaron una carta en donde se comprometen a no usar recursos p\u00fablicos, sin embargo, el ex consejero del INE, <strong>Marco Antonio Ba\u00f1os<\/strong>, dio a conocer que cuando el INE apruebe el convenio del frente, lo que ocurrir\u00eda en los pr\u00f3ximos d\u00edas, dado que considera que cumple todo para no ser rechazado, podr\u00e1 fiscalizar los recursos que usen los aspirantes, al tiempo que record\u00f3 que este proceso interno, afirm\u00f3, se financiar\u00e1 con dinero de los partidos.<\/p>\n<p>Y mientras en el oficialismo contin\u00faan los pleitos por la evidente propaganda que han desplegado las \u201ccorcholatas\u201d favoritas, no obstante, de nueva cuenta, el presidente <strong>Andr\u00e9s Manuel L\u00f3pez Obrador<\/strong> aprovech\u00f3 para tirar por en\u00e9sima ocasi\u00f3n \u201cl\u00ednea\u201d a sus siempre queridas y apreciables \u201ccorcholatas\u201d, para que una vez que concluya el proceso de selecci\u00f3n de quien ser\u00e1 el o la candidata presidencial de Morena, de plano, regresen al gabinete, a la voz de que: \u201cTienen las puertas abiertas,\u00a0nunca se les ha cerrado, pero va a depender de ellos y de los resultados del proceso\u201d.<\/p>\n<p>Con esta \u00faltima frase de que depender\u00e1 de las \u201ccorcholatas\u201d regresar o no al gabinete de esta errada y llamada Cuarta Transformaci\u00f3n, de alguna manera, el tabasque\u00f1o est\u00e1\u00a0 reconociendo que esta carrera no est\u00e1 siendo tan aterciopelada como \u00e9l esperaba y puede que al final, uno o dos aspirantes no regresen porque no est\u00e9n conforme con las encuestas \u201cpatito\u201d que realizar\u00e1 Morena.<\/p>\n<p>Y en este sentido, por cierto, el ex canciller Marcelo Ebrard asegura cuantas veces puede: \u201cYo soy la \u2018corcholata a vencer, voy hasta adelante\u201d.<\/p>\n<p>No se puede soslayar que las llaves de Palacio Nacional las tiene el propio L\u00f3pez Obrador y a lo mejor -en eso de sus delirios y ocurrencias-, le da por no prest\u00e1rselas a alguna de las \u201ccorcholatas\u201d que no se haya portado bien.<\/p>\n<p><strong>Municiones<\/strong><\/p>\n<p>*** Justo cuando en las diversas alcald\u00edas, incluida desde luego, Benito Ju\u00e1rez, se reparte un pasqu\u00edn llamado \u201cP4TRIOTAS. Biograf\u00edas de la Cuarta Transformaci\u00f3n\u201d, donde ni tarda ni perezosa, la alcaldesa de Iztapalapa, <strong>Clara Brugada<\/strong> se promociona como \u201cuna mujer de convicciones, compromisos, experiencia y trabajo por la ciudad\u201d, es decir, se destapa como aspirante a ser la candidata de Morena al gobierno de la Ciudad de M\u00e9xico y desde luego, no pod\u00edan faltar las encuestas donde se dice que Brugada es la mejor evaluada y va arriba en las preferencias para convertirse en la sucesora de Claudia Sheinbaum. Quiz\u00e1s la se\u00f1ora Brugada no repara en que hay otras figuras en el morenismo que la rebasan ampliamente, como es el caso ni m\u00e1s ni menos que de la secretaria del Bienestar, <strong>Ariadna Montiel<\/strong>. El caso es que la alcaldesa de Iztapalapa, acariciaba la idea de que el presidente L\u00f3pez Obrador la \u201cdestapar\u00eda\u201d como \u201ccorcholata\u201d para la CDMX, pero, cu\u00e1l ser\u00eda su sorpresa y hasta decepci\u00f3n que el tabasque\u00f1o se dio a la tarea, en su gustad\u00edsimo \u201cstand-up\u201d ma\u00f1anero de destapar ni m\u00e1s ni menos que al alcalde de Benito Ju\u00e1rez, <strong>Santiago Taboada<\/strong>, como abanderado de la oposici\u00f3n al gobierno de la capital de la Rep\u00fablica, designado, -seg\u00fan el de Tepetit\u00e1n-, por la c\u00fapula de la oligarqu\u00eda\u201d. Lo que s\u00ed reconoci\u00f3 el delirante presidente es que,\u201cese se\u00f1or Taboada fue el que\u00a0obtuvo m\u00e1s votos<strong>\u00a0<\/strong>en la pasada elecci\u00f3n en Benito Ju\u00e1rez porque ah\u00ed la mayor\u00eda apoya a los candidatos de la derecha\u201d. Vale recordar que Morena no ha podido tener esta jurisdicci\u00f3n para su causa.<\/p>\n<p>*** Y desde luego que el alcalde panista le contest\u00f3 al presidente, se\u00f1alando, \u201clos tengo muy nerviosos, qu\u00e9 mejor coordinador de campa\u00f1a (que L\u00f3pez Obrador) y a\u00f1adi\u00f3 que \u201cclaro que vamos a apoyar el proyecto opositor\u201d. Adem\u00e1s, Taboada no soslay\u00f3 la gran problem\u00e1tica que vive la Ciudad de M\u00e9xico debido a que tiene problemas de salud, transporte y desde luego seguridad.<\/p>\n<p>*** La flamante gobernadora de Guerrero, <strong>Evelyn Salgado<\/strong>, ha demostrado fehacientemente que no puede con el grave problema de inseguridad que explot\u00f3 para que miles de manifestantes, que se enfrentaron incluso con Guarda Nacional y polic\u00eda estatal, indignados y enojados, marcharan en demanda por restablecer la paz, porque poco le falta a esta crisis que se vive en la entidad guerrerense para convertirse en una guerra. Ayer, luego de m\u00e1s de 2 horas de bloqueo, una comisi\u00f3n de los manifestantes se reunieron en Chilpancingo con el secretario de Gobierno, <strong>Ludwing Marcial Reynoso<\/strong>. La gobernadora, desde luego, ausente, pero \u00bfd\u00f3nde est\u00e1 pap\u00e1?. Otro asunto que contribuy\u00f3 a que Guerrero estallara, fue la exhibida de la presidenta municipal de Chilpancingo, <strong>Norma Otilia<\/strong> <strong>Hern\u00e1dez<\/strong>, a quien \u201ccacharon\u201d desayunando con un l\u00edder del cartel de Los Ardillos y pese a ello, ya dijo que no va a renunciar. \u00a1Qu\u00e9 tal!<\/p>\n<p>*** El gobernador de Jalisco, Enrique Alfaro, anunci\u00f3 que despu\u00e9s de que concluya su gesti\u00f3n, de plano se retirar\u00e1 de la vida pol\u00edtica. \u00bfDiferencias con el partido que lo llev\u00f3 a la gubernatura?, se preguntan por aquellos lares, porque hay que recordar que el mandatario estatal, apoy\u00f3 la idea del senador Clemente Casta\u00f1eda en eso de apoyar a la oposici\u00f3n de cara al 2024.<\/p>\n<p><u><a href=\"mailto:morcora@gmail.com\" target=\"_blank\" rel=\"noopener noreferrer\"><em>morcora@gmail.com<\/em><\/a><\/u><\/p>\n","protected":false},"excerpt":{"rendered":"<p><span style=\"color: #005497;\"><strong>Adriana Moreno Cordero<\/strong><\/span><\/p>\n","protected":false},"author":3,"featured_media":0,"comment_status":"open","ping_status":"open","sticky":false,"template":"","format":"standard","meta":{"_monsterinsights_skip_tracking":false,"_monsterinsights_sitenote_active":false,"_monsterinsights_sitenote_note":"","_monsterinsights_sitenote_category":0,"footnotes":""},"categories":[69370],"tags":[69369,69368,43674],"class_list":["post-589499","post","type-post","status-publish","format-standard","hentry","category-adriana-moreno-cordero","tag-adriana-moreno-cordero","tag-la-retaguardia","tag-opinion"],"_links":{"self":[{"href":"https:\/\/www.diarioimagen.net\/index.php?rest_route=\/wp\/v2\/posts\/589499","targetHints":{"allow":["GET"]}}],"collection":[{"href":"https:\/\/www.diarioimagen.net\/index.php?rest_route=\/wp\/v2\/posts"}],"about":[{"href":"https:\/\/www.diarioimagen.net\/index.php?rest_route=\/wp\/v2\/types\/post"}],"author":[{"embeddable":true,"href":"https:\/\/www.diarioimagen.net\/index.php?rest_route=\/wp\/v2\/users\/3"}],"replies":[{"embeddable":true,"href":"https:\/\/www.diarioimagen.net\/index.php?rest_route=%2Fwp%2Fv2%2Fcomments&post=589499"}],"version-history":[{"count":0,"href":"https:\/\/www.diarioimagen.net\/index.php?rest_route=\/wp\/v2\/posts\/589499\/revisions"}],"wp:attachment":[{"href":"https:\/\/www.diarioimagen.net\/index.php?rest_route=%2Fwp%2Fv2%2Fmedia&parent=589499"}],"wp:term":[{"taxonomy":"category","embeddable":true,"href":"https:\/\/www.diarioimagen.net\/index.php?rest_route=%2Fwp%2Fv2%2Fcategories&post=589499"},{"taxonomy":"post_tag","embeddable":true,"href":"https:\/\/www.diarioimagen.net\/index.php?rest_route=%2Fwp%2Fv2%2Ftags&post=589499"}],"curies":[{"name":"wp","href":"https:\/\/api.w.org\/{rel}","templated":true}]}}