{"id":589525,"date":"2023-07-11T00:12:03","date_gmt":"2023-07-11T06:12:03","guid":{"rendered":"https:\/\/www.diarioimagen.net\/?p=589525"},"modified":"2023-07-11T02:59:22","modified_gmt":"2023-07-11T08:59:22","slug":"asociaciones-ciudadanas-inician-su-integracion-al-frente-amplio-por-mexico","status":"publish","type":"post","link":"https:\/\/www.diarioimagen.net\/?p=589525","title":{"rendered":"Asociaciones ciudadanas inician su integraci\u00f3n al Frente Amplio por M\u00e9xico"},"content":{"rendered":"<h2>Tras la puerta del poder<\/h2>\n<h5>Roberto Vizca\u00edno<\/h5>\n<p>&nbsp;<\/p>\n<p>Con ideas distintas, propuestas por sectores, visiones divergentes sobre el momento de M\u00e9xico, agrupados en ellas personajes reconocidos en diversas \u00e1reas acad\u00e9micas y profesionales, agrupaciones ciudadanas comenzaron ayer a sumarse al Frente Amplio por M\u00e9xico.<\/p>\n<p>La primera de este tipo, en la que actuaba hasta ayer el ingeniero <strong>Cuauht\u00e9moc C\u00e1rdenas<\/strong> \u2014pero que al hacerse p\u00fablicos sus planteamientos decidi\u00f3 no continuar en esa agrupaci\u00f3n\u2014, es <strong>mexicolectivo<\/strong> que se integr\u00f3 al frente opositor con un Plan de Gobierno 2024-2030, que busca sea asumido por quienes se han inscrito como aspirantes a la Presidencia y al Congreso de la Uni\u00f3n en el siguiente per\u00edodo legislativo.<\/p>\n<p>En <strong>mexicolectivo<\/strong> o <strong>Colectivo por M\u00e9xico<\/strong> figuran:<strong> Julio Frenk<\/strong>, <strong>Jos\u00e9 \u00c1ngel C\u00f3rdova<\/strong>, <strong>Ignacio Morales Lechuga<\/strong>, <strong>Ra\u00fal Plascencia<\/strong>, <strong>Diego Valad\u00e9s<\/strong>, <strong>Jos\u00e9 Ram\u00f3n Coss\u00edo<\/strong>, <strong>Francisco Labastida<\/strong>, <strong>Arturo N\u00fa\u00f1ez<\/strong>, <strong>X\u00f3chitl G\u00e1lvez<\/strong>, <strong>Dante Delgado<\/strong> y <strong>Josefina V\u00e1zquez Mota<\/strong>.<\/p>\n<p>El grupo fue inmediatamente considerado por el presidente<strong> Andr\u00e9s Manuel L\u00f3pez Obrador <\/strong>como \u201c<strong><em>ala moderada de conservadores\u201d <\/em>y por lo tanto, sus opositores<\/strong>.<\/p>\n<p>Enterado de que el ingeniero <strong>C\u00e1rdenas<\/strong> participaba ah\u00ed, <strong>AMLO<\/strong> dijo:<\/p>\n<p>\u201cEs un ala moderada de los conservadores que no est\u00e1n de acuerdo con la llamada Cuarta Transformaci\u00f3n&#8230;<\/p>\n<p>\u201cEst\u00e1n en su derecho de manifestarse, de agruparse y est\u00e1n pues en contra de nosotros, de la transformaci\u00f3n del pa\u00eds, de lo que estamos nosotros llevando a cabo con millones de mexicanos, pero est\u00e1n en todo su derecho de expresarse, de manifestarse\u201d.<\/p>\n<p>\u2014\u00bfConsidera entonces a <strong>C\u00e1rdenas<\/strong> su adversario?, se le pregunt\u00f3.<\/p>\n<p>\u201c<strong>En pol\u00edtica s\u00ed<\/strong>, si \u00e9l asume una postura de este tipo. Lo estimo mucho, lo respeto, lo consider\u00f3 precursor de este movimiento, pero estamos viviendo un momento de definiciones y esta ancheta est\u00e1 muy angosta, no hay para d\u00f3nde hacerse&#8230;<\/p>\n<p>\u201cEs estar con el pueblo o con la oligarqu\u00eda, no hay m\u00e1s, no hay justo medio. Dec\u00eda <strong>Melchor Ocampo<\/strong> que los moderados no son m\u00e1s que conservadores m\u00e1s despiertos<em>,<\/em> qu\u00e9 bien que se est\u00e1n dando estas cosas\u201d, subray\u00f3.<\/p>\n<p>Para \u00e9l eso es <strong>Colectivo por M\u00e9xico<\/strong>, integrado por pol\u00edticos, empresarios, acad\u00e9micos, m\u00e9dicos, feministas, intelectuales, ambientalistas y hasta deportistas.<\/p>\n<p>Quienes finalmente presentaron ayer las propuestas de este grupo, reconocieron que el ingeniero <strong>C\u00e1rdenas<\/strong> colabor\u00f3, desde hace un a\u00f1o en la elaboraci\u00f3n del documento \u201cPunto de Partida. Una Nueva Visi\u00f3n de Pa\u00eds\u201d, que ahora presentan al Frente Amplio por M\u00e9xico, la principal organizaci\u00f3n opositora a <strong>AMLO<\/strong>, sus \u201ccorcholatas\u201d y la 4T.<\/p>\n<p>El documento es la compilaci\u00f3n de las propuestas de 289 que forman seis ejes precisos: Prosperidad; Calidad de vida; Diversidad e inclusi\u00f3n; Paz y Estado de Derecho; Medio ambiente, energ\u00eda y sostenibilidad; y M\u00e9xico global.<\/p>\n<p>El documento, contenido en 7 libros, se entregara a los precandidatos presidenciales del Frente Amplio para que a su vez enriquezcan sus propios planes de gobierno.<\/p>\n<p style=\"text-align: center;\"><strong>Los registrados<\/strong><\/p>\n<p>Este documento fue presentado al Frente al cierre de su registro de aspirantes que qued\u00f3 con los siguientes precandidatos:<\/p>\n<p><strong>Silvano Aureoles Conejo<\/strong>, <strong>Santiago Creel Miranda<\/strong>, <strong>Enrique Octavio de la Madrid Cordero<\/strong>, <strong>X\u00f3chitl G\u00e1lvez<\/strong>, <strong>Francisco Javier Garc\u00eda Cabeza de Vaca<\/strong>, <strong>Ignacio Loyola Vera<\/strong>, <strong>Miguel \u00c1ngel Mancera Espinosa<\/strong>, <strong>Beatriz Paredes Rangel<\/strong>, <strong>Jorge Luis Preciado Rodr\u00edguez<\/strong>, <strong>Gabriel Ricardo Quadri de la Torre<\/strong>, <strong>Israel Rivas Bastida<\/strong>, <strong>Sergio Iv\u00e1n Torres Bravo<\/strong> y <strong>Jos\u00e9 Jaime Enr\u00edquez F\u00e9lix<\/strong>.<\/p>\n<p>Ellos ser\u00e1n ahora sometidos a encuestas para depurar al grupo y dejar al final s\u00f3lo tres aspirantes quienes se someter\u00e1n el primer domingo de septiembre a una interna para obtener al candidato presidencial que registrar\u00e1 el Frente Opositor.<\/p>\n<p style=\"text-align: center;\"><strong>Monreal exige a \u201ccorcholatas\u201d y Morena bajar espectaculares<\/strong><\/p>\n<p>En un uno-dos coordinado, <strong>Ricardo Monreal<\/strong> se sum\u00f3 ayer a la exigencia de <strong>Marcelo Ebrard<\/strong> de que los aspirantes presidenciales de Morena retiren sus espectaculares y las campa\u00f1as en bardas de todo el pa\u00eds ya que contravienen, no s\u00f3lo los principios de austeridad sino los acuerdos internos de equidad.<\/p>\n<p>En una carta a <strong>Mario Delgado<\/strong>, dirigente de Morena, el zacatecano dijo se debe evitar el exceso de publicidad as\u00ed como no violar los acuerdos adoptados por el Consejo Nacional de Morena.<\/p>\n<p>Indic\u00f3 que \u00e9l en sus recorridos por el pa\u00eds ha contado 720 espectaculares de las \u201ccorcholatas\u201d\u2026<\/p>\n<p>\u201cTodas y todos debemos coincidir en que la inequidad es contraria a la unidad de nuestro partido y nuestro movimiento. El derroche es contrario a la austeridad republicana que predicamos. Corresponde a la dirigencia nacional cumplir y hacer cumplir los acuerdos del Consejo Nacional de Morena\u201d, advirti\u00f3.<\/p>\n<p><em><a href=\"mailto:rvizcainoa@gmail.com\" target=\"_blank\" rel=\"noopener noreferrer\">vizcainoa@gmail.com<\/a><a href=\"mailto:rvizcainoa@gmail.com\" target=\"_blank\" rel=\"noopener noreferrer\"><br \/>\n<\/a><a href=\"http:\/\/endirecto.mx\" target=\"_blank\" rel=\"noopener noreferrer\">www.endirecto.mx<\/a><a href=\"mailto:rvizcainoa@gmail.com\" target=\"_blank\" rel=\"noopener noreferrer\"><br \/>\n<\/a><a href=\"https:\/\/twitter.com\/_rvizcaino\" target=\"_blank\" rel=\"noopener noreferrer\">@_RVizcaino<\/a><a href=\"mailto:rvizcainoa@gmail.com\" target=\"_blank\" rel=\"noopener noreferrer\"><br \/>\n<\/a><a href=\"https:\/\/www.facebook.com\/rvizcainoa\" target=\"_blank\" rel=\"noopener noreferrer\">facebook.com\/rvizcainoa<\/a><\/em><\/p>\n","protected":false},"excerpt":{"rendered":"<p><span style=\"color: #005497;\"><strong>Roberto Vizca\u00edno<\/strong><\/span><\/p>\n","protected":false},"author":3,"featured_media":0,"comment_status":"open","ping_status":"open","sticky":false,"template":"","format":"standard","meta":{"_monsterinsights_skip_tracking":false,"_monsterinsights_sitenote_active":false,"_monsterinsights_sitenote_note":"","_monsterinsights_sitenote_category":0,"footnotes":""},"categories":[136],"tags":[43674,93,94],"class_list":["post-589525","post","type-post","status-publish","format-standard","hentry","category-roberto-vizcaino-opinion","tag-opinion","tag-roberto-vizcaino","tag-tras-la-puerta-del-poder"],"_links":{"self":[{"href":"https:\/\/www.diarioimagen.net\/index.php?rest_route=\/wp\/v2\/posts\/589525","targetHints":{"allow":["GET"]}}],"collection":[{"href":"https:\/\/www.diarioimagen.net\/index.php?rest_route=\/wp\/v2\/posts"}],"about":[{"href":"https:\/\/www.diarioimagen.net\/index.php?rest_route=\/wp\/v2\/types\/post"}],"author":[{"embeddable":true,"href":"https:\/\/www.diarioimagen.net\/index.php?rest_route=\/wp\/v2\/users\/3"}],"replies":[{"embeddable":true,"href":"https:\/\/www.diarioimagen.net\/index.php?rest_route=%2Fwp%2Fv2%2Fcomments&post=589525"}],"version-history":[{"count":0,"href":"https:\/\/www.diarioimagen.net\/index.php?rest_route=\/wp\/v2\/posts\/589525\/revisions"}],"wp:attachment":[{"href":"https:\/\/www.diarioimagen.net\/index.php?rest_route=%2Fwp%2Fv2%2Fmedia&parent=589525"}],"wp:term":[{"taxonomy":"category","embeddable":true,"href":"https:\/\/www.diarioimagen.net\/index.php?rest_route=%2Fwp%2Fv2%2Fcategories&post=589525"},{"taxonomy":"post_tag","embeddable":true,"href":"https:\/\/www.diarioimagen.net\/index.php?rest_route=%2Fwp%2Fv2%2Ftags&post=589525"}],"curies":[{"name":"wp","href":"https:\/\/api.w.org\/{rel}","templated":true}]}}