{"id":589560,"date":"2023-07-12T00:02:24","date_gmt":"2023-07-12T06:02:24","guid":{"rendered":"https:\/\/www.diarioimagen.net\/?p=589560"},"modified":"2023-07-12T02:18:57","modified_gmt":"2023-07-12T08:18:57","slug":"el-prd-comenzo-trabajos-para-definir-su-estrategia-rumbo-al-2024-agustin-barrera","status":"publish","type":"post","link":"https:\/\/www.diarioimagen.net\/?p=589560","title":{"rendered":"El PRD comenz\u00f3 trabajos para definir su estrategia rumbo al 2024: Agust\u00edn Barrera"},"content":{"rendered":"<p>&nbsp;<\/p>\n<ul>\n<li><strong><em>Escuchan las voces de mexiquenses<\/em><\/strong><\/li>\n<\/ul>\n<p>&nbsp;<\/p>\n<div id=\"attachment_589631\" style=\"width: 470px\" class=\"wp-caption aligncenter\"><a href=\"https:\/\/www.diarioimagen.net\/?attachment_id=589631\" rel=\"attachment wp-att-589631\"><img loading=\"lazy\" decoding=\"async\" aria-describedby=\"caption-attachment-589631\" class=\"size-full wp-image-589631\" src=\"https:\/\/www.diarioimagen.net\/wp-content\/uploads\/2023\/07\/prd-comenzo.jpg\" alt=\"\" width=\"460\" height=\"270\" \/><\/a><p id=\"caption-attachment-589631\" class=\"wp-caption-text\">Agust\u00edn Barrera Soriano, presidente del PRD Estado de M\u00e9xico, asegur\u00f3 que se han escuchado las voces de mexiquenses que dan vida al partido.<\/p><\/div>\n<p>&nbsp;<\/p>\n<p><strong>Toluca, Estado de M\u00e9xico.\u2014<\/strong>\u00a0 \u201cEl PRD debe trazar su propia ruta rumbo al 2024, m\u00e1s all\u00e1 de la coyuntura pol\u00edtica que se vive en el pa\u00eds y en la entidad\u201d, fue el llamado de los dirigentes perredistas del Estado de M\u00e9xico al sostener un encuentro que marca fin de semana pasado, como inicio de la construcci\u00f3n de la estrategia que aplicar\u00e1n de cara a las elecciones del pr\u00f3ximo 1 de julio.<\/p>\n<p>En entrevista, Agust\u00edn Barrera Soriano, presidente del PRD Estado de M\u00e9xico, asegur\u00f3 que en las \u00faltimas semanas al interior del sol azteca se ha sostenido un di\u00e1logo horizontal, d\u00f3nde se han escuchado todas las voces que dan vida al PRD mexiquense. \u201cEl primer gran paso ser\u00e1 determinar si nos mantenemos en la coalici\u00f3n, si competimos solos o mediante otra figura el pr\u00f3ximo 2 de julio y esto ser\u00e1 posible solo con el consenso de todos los actores perredistas\u201d, dijo.<\/p>\n<p>\u201cEste fin de semana pudimos conversar con las y los dirigentes que tienen mayor representatividad en la entidad, entre otras cosas coincidimos que esta decisi\u00f3n tan importante deber\u00e1 contar con el respaldo de todas las fuerzas al interior, as\u00ed como de la militancia, para poder presentarla ante nuestro consejo estatal y posteriormente llevarla a la mesa de la direcci\u00f3n nacional\u201d, se\u00f1al\u00f3.<\/p>\n<p>\u201cSabemos de la importancia del proceso electoral 2024, estamos claros del papel que jugar\u00e1 nuestro partido el pr\u00f3ximo a\u00f1o en el Estado de M\u00e9xico y tenemos muy clara nuestra responsabilidad hist\u00f3rica con instrumento de transformaci\u00f3n a favor de los mexiquenses, por ello, estamos trabajando a marchas forzadas y con alfileres, ya que no tenemos derecho a equivocarnos, hoy no nos podemos dar ese lujo, un error estrat\u00e9gico puede ser el final de nuestro partido, estamos obligados a evitarlo\u201d, concluy\u00f3 el dirigente del sol azteca.<\/p>\n<p>En el encuentro participaron los integrantes de la direcci\u00f3n estatal, encabezada por Agust\u00edn Barrera Soriano, presidente; Javier Rivera Escalona, secretario general; por los integrantes de las diferentes secretarias integradas por X\u00f3chitl Lim\u00f3n, Tom\u00e1s Octaviano, Claudia Bautista, Julieta Bautista y Juan Olvera;\u00a0 adem\u00e1s de los diputados Omar Ortega \u00c1lvarez, Elida Castel\u00e1n y Viridiana Fuentes; as\u00ed como de los presidentes municipales Arturo Pi\u00f1a, de Villa de Allende; Javier Lujano, de Texcaltitl\u00e1n, Ra\u00fal Navarro, de Atlautla; Chayo Mat\u00edas, de Santo Tom\u00e1s; Sara Mora, de San Sim\u00f3n de Guerrero; tambi\u00e9n estuvieron presentes H\u00e9ctor Bautista, dirigente nacional de ADN y \u00c1ngel \u00c1vila, representante del PRD ante el INE.<\/p>\n","protected":false},"excerpt":{"rendered":"<p>\u201cEl PRD debe trazar su propia ruta rumbo al 2024, m\u00e1s all\u00e1 de la coyuntura pol\u00edtica que se vive en el pa\u00eds y en la entidad\u201d, fue el llamado de los dirigentes perredistas del Estado de M\u00e9xico al sostener un encuentro que marca fin de semana pasado, como inicio de la construcci\u00f3n de la estrategia que aplicar\u00e1n de cara a las elecciones del pr\u00f3ximo 1 de julio.<\/p>\n","protected":false},"author":3,"featured_media":589631,"comment_status":"open","ping_status":"open","sticky":false,"template":"","format":"standard","meta":{"_monsterinsights_skip_tracking":false,"_monsterinsights_sitenote_active":false,"_monsterinsights_sitenote_note":"","_monsterinsights_sitenote_category":0,"footnotes":""},"categories":[5],"tags":[43675,211,452],"class_list":["post-589560","post","type-post","status-publish","format-standard","has-post-thumbnail","hentry","category-estado-de-mexico","tag-estado-de-mexico","tag-prd","tag-toluca"],"_links":{"self":[{"href":"https:\/\/www.diarioimagen.net\/index.php?rest_route=\/wp\/v2\/posts\/589560","targetHints":{"allow":["GET"]}}],"collection":[{"href":"https:\/\/www.diarioimagen.net\/index.php?rest_route=\/wp\/v2\/posts"}],"about":[{"href":"https:\/\/www.diarioimagen.net\/index.php?rest_route=\/wp\/v2\/types\/post"}],"author":[{"embeddable":true,"href":"https:\/\/www.diarioimagen.net\/index.php?rest_route=\/wp\/v2\/users\/3"}],"replies":[{"embeddable":true,"href":"https:\/\/www.diarioimagen.net\/index.php?rest_route=%2Fwp%2Fv2%2Fcomments&post=589560"}],"version-history":[{"count":0,"href":"https:\/\/www.diarioimagen.net\/index.php?rest_route=\/wp\/v2\/posts\/589560\/revisions"}],"wp:featuredmedia":[{"embeddable":true,"href":"https:\/\/www.diarioimagen.net\/index.php?rest_route=\/wp\/v2\/media\/589631"}],"wp:attachment":[{"href":"https:\/\/www.diarioimagen.net\/index.php?rest_route=%2Fwp%2Fv2%2Fmedia&parent=589560"}],"wp:term":[{"taxonomy":"category","embeddable":true,"href":"https:\/\/www.diarioimagen.net\/index.php?rest_route=%2Fwp%2Fv2%2Fcategories&post=589560"},{"taxonomy":"post_tag","embeddable":true,"href":"https:\/\/www.diarioimagen.net\/index.php?rest_route=%2Fwp%2Fv2%2Ftags&post=589560"}],"curies":[{"name":"wp","href":"https:\/\/api.w.org\/{rel}","templated":true}]}}