{"id":589562,"date":"2023-07-12T00:03:44","date_gmt":"2023-07-12T06:03:44","guid":{"rendered":"https:\/\/www.diarioimagen.net\/?p=589562"},"modified":"2023-07-12T02:18:20","modified_gmt":"2023-07-12T08:18:20","slug":"propondra-diputado-a-delfina-gomez-crear-la-secretaria-del-agua-en-edomex","status":"publish","type":"post","link":"https:\/\/www.diarioimagen.net\/?p=589562","title":{"rendered":"Propondr\u00e1 diputado a Delfina G\u00f3mez crear la Secretar\u00eda del Agua en Edomex"},"content":{"rendered":"<p>&nbsp;<\/p>\n<ul>\n<li><strong><em>Presentar\u00e1 Daniel Sibaja proyecto<\/em><\/strong><\/li>\n<\/ul>\n<p>&nbsp;<\/p>\n<div id=\"attachment_589629\" style=\"width: 470px\" class=\"wp-caption aligncenter\"><a href=\"https:\/\/www.diarioimagen.net\/?attachment_id=589629\" rel=\"attachment wp-att-589629\"><img loading=\"lazy\" decoding=\"async\" aria-describedby=\"caption-attachment-589629\" class=\"size-full wp-image-589629\" src=\"https:\/\/www.diarioimagen.net\/wp-content\/uploads\/2023\/07\/propondra-diputado.jpg\" alt=\"\" width=\"460\" height=\"270\" \/><\/a><p id=\"caption-attachment-589629\" class=\"wp-caption-text\">El diputado Daniel Sibaja plantear\u00e1 a la gobernadora electa Delfina G\u00f3mez \u00c1lvarez, crear la Secretar\u00eda del Agua y que se ubique en la zona oriente de la entidad.<\/p><\/div>\n<p>&nbsp;<\/p>\n<p><strong>Toluca, Estado de M\u00e9xico.\u2014<\/strong> Debido a que el problema de escasez de agua en el Estado de M\u00e9xico se intensifica cada vez m\u00e1s y al menos tres millones de personas carecen de suministro por la red en sus hogares, el diputado Daniel Sibaja plantear\u00e1 a la gobernadora electa Delfina G\u00f3mez \u00c1lvarez, crear la Secretar\u00eda del Agua y que se ubique en la zona oriente de la entidad.<\/p>\n<p>\u201cEn los pr\u00f3ximos d\u00edas buscar\u00e9 presentar a la maestra Delfina G\u00f3mez un proyecto para solucionar entre todos el problema del agua, le voy a proponer que ya no haya Comisi\u00f3n de Aguas del Estado de M\u00e9xico (CAEM) sino que sea la Secretar\u00eda del Agua, y que radique en el oriente del Estado de M\u00e9xico donde el problema del agua es cada vez m\u00e1s y m\u00e1s dif\u00edcil\u201d, apunt\u00f3.<\/p>\n<p>Adem\u00e1s, el legislador de Ecatepec consider\u00f3 que la \u00fanica forma de hacer frente a la crisis h\u00eddrica en la entidad mexiquense ser\u00e1 con la suma de esfuerzos entre Federaci\u00f3n, gobierno estatal y los 125 municipios para generar un proyecto transformador que atienda este tema.<\/p>\n<p>De acuerdo con datos de la Comisi\u00f3n Nacional del Agua, las presas del Sistema Cutzamala se encuentran en conjunto, al 31 por ciento de su capacidad, y el almacenaje es 10 por ciento menor que el registrado en el mismo periodo del a\u00f1o pasado, cuando las presas de El Bosque, Valle de Bravo y Villa Victoria alcanzaron el 41 por ciento.<\/p>\n<p>Adicionalmente, Daniel Sibaja subray\u00f3, que desde la Legislatura local, el Grupo Parlamentario de Morena va a impulsar todo lo que la gobernadora electa requiera para atender el tema del agua, y buscar soluciones con el respaldo de los tres poderes, ya que es una de las principales exigencias de la gente, y tan solo en Ecatepec cada semana se registran numerosos bloqueos viales por falta de agua.<\/p>\n<p>Tambi\u00e9n dijo que llevar\u00e1 en la agenda del agua para el nuevo gobierno estatal, que se pongan en operaci\u00f3n los siete pozos nuevos que se perforaron en Ecatepec, y fueron construidos con inversi\u00f3n superior a los 86 millones de pesos, recursos etiquetados por las y los diputados locales, y que no han sido entregados para su operaci\u00f3n, por una disputa entre autoridades estatales y municipales, los cuales permitir\u00e1n aminorar la escasez del vital l\u00edquido sobre todo en la Quinta Zona del municipio.<\/p>\n","protected":false},"excerpt":{"rendered":"<p>Debido a que el problema de escasez de agua en el Estado de M\u00e9xico se intensifica cada vez m\u00e1s y al menos tres millones de personas carecen de suministro por la red en sus hogares, el diputado Daniel Sibaja plantear\u00e1 a la gobernadora electa Delfina G\u00f3mez \u00c1lvarez, crear la Secretar\u00eda del Agua y que se ubique en la zona oriente de la entidad.<\/p>\n","protected":false},"author":3,"featured_media":589629,"comment_status":"open","ping_status":"open","sticky":false,"template":"","format":"standard","meta":{"_monsterinsights_skip_tracking":false,"_monsterinsights_sitenote_active":false,"_monsterinsights_sitenote_note":"","_monsterinsights_sitenote_category":0,"footnotes":""},"categories":[5],"tags":[43675,98214,452],"class_list":["post-589562","post","type-post","status-publish","format-standard","has-post-thumbnail","hentry","category-estado-de-mexico","tag-estado-de-mexico","tag-secretaria-del-agua","tag-toluca"],"_links":{"self":[{"href":"https:\/\/www.diarioimagen.net\/index.php?rest_route=\/wp\/v2\/posts\/589562","targetHints":{"allow":["GET"]}}],"collection":[{"href":"https:\/\/www.diarioimagen.net\/index.php?rest_route=\/wp\/v2\/posts"}],"about":[{"href":"https:\/\/www.diarioimagen.net\/index.php?rest_route=\/wp\/v2\/types\/post"}],"author":[{"embeddable":true,"href":"https:\/\/www.diarioimagen.net\/index.php?rest_route=\/wp\/v2\/users\/3"}],"replies":[{"embeddable":true,"href":"https:\/\/www.diarioimagen.net\/index.php?rest_route=%2Fwp%2Fv2%2Fcomments&post=589562"}],"version-history":[{"count":0,"href":"https:\/\/www.diarioimagen.net\/index.php?rest_route=\/wp\/v2\/posts\/589562\/revisions"}],"wp:featuredmedia":[{"embeddable":true,"href":"https:\/\/www.diarioimagen.net\/index.php?rest_route=\/wp\/v2\/media\/589629"}],"wp:attachment":[{"href":"https:\/\/www.diarioimagen.net\/index.php?rest_route=%2Fwp%2Fv2%2Fmedia&parent=589562"}],"wp:term":[{"taxonomy":"category","embeddable":true,"href":"https:\/\/www.diarioimagen.net\/index.php?rest_route=%2Fwp%2Fv2%2Fcategories&post=589562"},{"taxonomy":"post_tag","embeddable":true,"href":"https:\/\/www.diarioimagen.net\/index.php?rest_route=%2Fwp%2Fv2%2Ftags&post=589562"}],"curies":[{"name":"wp","href":"https:\/\/api.w.org\/{rel}","templated":true}]}}