{"id":589570,"date":"2023-07-12T00:01:47","date_gmt":"2023-07-12T06:01:47","guid":{"rendered":"https:\/\/www.diarioimagen.net\/?p=589570"},"modified":"2023-07-13T00:21:19","modified_gmt":"2023-07-13T06:21:19","slug":"se-busca-construir-un-quintana-roo-de-paz-para-las-mujeres-mara-lezama","status":"publish","type":"post","link":"https:\/\/www.diarioimagen.net\/?p=589570","title":{"rendered":"Se busca construir un Quintana Roo de paz para las mujeres: Mara Lezama"},"content":{"rendered":"<h2>Derecho de r\u00e9plica<\/h2>\n<h5>Jos\u00e9 Luis Monta\u00f1ez<\/h5>\n<p>&nbsp;<\/p>\n<ul>\n<li><strong><em>La CROC se adhiere al Nuevo Acuerdo que impulsa la gobernadora<\/em><\/strong><\/li>\n<\/ul>\n<p>&nbsp;<\/p>\n<div id=\"attachment_589621\" style=\"width: 470px\" class=\"wp-caption aligncenter\"><a href=\"https:\/\/www.diarioimagen.net\/?attachment_id=589621\" rel=\"attachment wp-att-589621\"><img loading=\"lazy\" decoding=\"async\" aria-describedby=\"caption-attachment-589621\" class=\"size-full wp-image-589621\" src=\"https:\/\/www.diarioimagen.net\/wp-content\/uploads\/2023\/07\/derecho.jpg\" alt=\"\" width=\"460\" height=\"270\" \/><\/a><p id=\"caption-attachment-589621\" class=\"wp-caption-text\">Mara Lezama y el secretario nacional de la CROC, Isa\u00edas Gonz\u00e1lez Cuevas, firmaron el Nuevo Acuerdo para construir un Quintana Roo de paz para las mujeres.<\/p><\/div>\n<p>&nbsp;<\/p>\n<p>La gobernadora Mara Lezama Espinosa y el secretario nacional de la Confederaci\u00f3n Revolucionaria de Obreros y Campesinos (CROC), Isa\u00edas Gonz\u00e1lez Cuevas, firmaron un acuerdo solidario en materia de colaboraci\u00f3n sindical para tener espacios laborales seguros e incluyentes, contribuir en reducir la impunidad en violencia familiar y de g\u00e9nero, acoso sexual y hostigamiento, sin discriminaciones por g\u00e9nero. Por ello convoc\u00f3 a fortalecer la cultura de la denuncia.<\/p>\n<p>En el marco de la suma de la CROC al Nuevo Acuerdo, Lezama Espinosa insisti\u00f3 en la importancia de la construcci\u00f3n del estado como destino 100% seguro, a trav\u00e9s del fortalecimiento y promoci\u00f3n de la cultura de la denuncia y la participaci\u00f3n ciudadana.<\/p>\n<p>\u201cHoy las y los integrantes de la CROC Quintana Roo se sumaron al Nuevo Acuerdo, para trabajar de la mano en la construcci\u00f3n del estado como un destino 100% seguro\u201d, precis\u00f3 Mara Lezama al a\u00f1adir que en su gobierno se habr\u00e1 de saldar una deuda hist\u00f3rica con un sector cuyos derechos hab\u00edan sido de los m\u00e1s vulnerados.<\/p>\n<p>\u201cDe esto se trata justamente el Nuevo Acuerdo por el Bienestar y Desarrollo de Quintana Roo, de que todos los sectores sociales y productivos avancemos juntos en materia de g\u00e9nero, pero sobre todo en el cuidado y respeto a las mujeres. No se queden calladas, alcemos la voz, tomadas de la mano, no est\u00e1n solas\u201d, expres\u00f3.<\/p>\n<p>Con la firma de este convenio, la CROC, a trav\u00e9s de Avanzamos Red de Mujeres Sindicalistas, fortalecer\u00e1 el bienestar de mujeres y hombres trabajadores con la conformaci\u00f3n de los Comit\u00e9s de Procuraci\u00f3n de Justicia en el sector hotelero, garantizando el respeto a la v\u00edctima a su derecho a una vida libre de violencia.<\/p>\n<p>Para ello, ha impulsado el programa de capacitaci\u00f3n en l\u00ednea \u201cPor un Quintana Roo de Paz para las Mujeres\u201d que ha sido tomado por todos los trabajadores de la administraci\u00f3n estatal y es ejemplo nacional, \u00fanico en su tipo, de tal forma que Inmujeres quiere replicarlo en todo el pa\u00eds.<\/p>\n<p>Mencion\u00f3 que en este gobierno se hacen las cosas de forma diferente para tener resultados distintos, y el convenio es una forma de materializar la estrategia estatal \u201cMujer es Poder\u201d, con la que se da a las mujeres herramientas para su desarrollo personal y profesional.<\/p>\n<p>Dej\u00f3 muy en claro que en Quintana Roo se trabaja 24\/7 para tener espacios laborales libres de violencia, para prevenir la discriminaci\u00f3n por raz\u00f3n de g\u00e9nero, la atenci\u00f3n de casos de violencia, acoso, hostigamiento sexual en los centros de trabajo.<\/p>\n<p>Al respecto, el secretario general de la CROC nacional, Isa\u00edas Gonz\u00e1lez, expres\u00f3 que en el pasado consejo nacional acordaron trabajar por la igualdad, por el bienestar de la gente y se respalda desde la Confederaci\u00f3n. Manifest\u00f3 su satisfacci\u00f3n de trabajar con la gobernadora Mara Lezama.<\/p>\n<p style=\"text-align: center;\"><strong>Hoteleros de Canc\u00fan buscan recuperar al turismo de Estados Unidos<\/strong><\/p>\n<p>Tras haberse dado a conocer que el turismo originario de los Estados Unidos ha tenido un desplome en los destinos de Quintana Roo durante los \u00faltimos tres a\u00f1os, empresarios dedicados a este sector han decidido emprender acciones para que no siga cayendo este mercado, es decir que van a poner en marcha diversas campa\u00f1as de promoci\u00f3n a fin de recuperar a este tipo de viajeros.<\/p>\n<p>La desaceleraci\u00f3n del mercado estadounidense puede deberse a diversos factores, entre ellos el fortalecimiento del peso frente al d\u00f3lar, asimismo, la inseguridad y la apertura de otros destinos despu\u00e9s de la pandemia por Covid-19, no obstante, autoridades y turisteros ya emprenden acciones a fin de revertir la situaci\u00f3n.<\/p>\n<p>Y es que, no s\u00f3lo el Caribe mexicano, sino el pa\u00eds entero est\u00e1 enfrentando una desaceleraci\u00f3n del turismo receptivo por cuenta de cuatro factores como la valoraci\u00f3n del peso mexicano, la falta de promoci\u00f3n tur\u00edstica, la competencia de destinos a nivel mundial y la percepci\u00f3n de inseguridad.<\/p>\n<p>De acuerdo con el Instituto Nacional de Estad\u00edstica y Geograf\u00eda (Inegi) durante abril ha bajado el ingreso de viajeros internacionales.<\/p>\n<p>En este sentido, los hoteleros de Canc\u00fan, Puerto Morelos e Isla Mujeres anunciaron una gira de promoci\u00f3n hacia los Estados Unidos, con lo que esperan contrarrestar la ca\u00edda del turismo norteamericano y atraer compradores para el pr\u00f3ximo Canc\u00fan Travel Mart 2023, en el que se reunir\u00e1n todos los l\u00edderes de este sector.<\/p>\n<p>El presidente de la Asociaci\u00f3n de Hoteles en estos tres municipios, Jes\u00fas Almaguer, declar\u00f3 que existe un incremento en el inter\u00e9s de compradores para el principal evento de promoci\u00f3n tur\u00edstica del destino, al que denominan \u201cuna de las vitrinas tur\u00edsticas m\u00e1s importantes de Am\u00e9rica Latina\u201d.<\/p>\n<p>\u201cEste incremento ha sido, sobre todo, entre compradores de Estados Unidos y Canad\u00e1, sin embargo, tambi\u00e9n buscaremos atraer otros mercados. Tenemos que ir a Brasil, a Argentina, a Chile, a Per\u00fa, a Londres, tenemos que ir a buscar turistas donde sea\u201d, manifest\u00f3, y es que la competencia ya retom\u00f3 la promoci\u00f3n de sus destinos en el Caribe una vez que fue declarada por terminada la pandemia.<\/p>\n<p>Almaguer refiere que existe una probabilidad muy grande de que durante la 35 edici\u00f3n del Canc\u00fan Travel Mart 2023, que se realizar\u00e1 en octubre, haya un incremento en las tarifas hoteleras de cara al 2024, pues est\u00e1n preparando ofertas bastante atractivas para cada mercado en el que est\u00e1n interesados.<\/p>\n<p>Hay que recordar que, durante la edici\u00f3n de 2022, el Canc\u00fan Travel Mart logr\u00f3 la participaci\u00f3n de 234 compradores y 446 proveedores, as\u00ed como ventas por hasta 4,500 millones de d\u00f3lares.<\/p>\n<p style=\"text-align: center;\"><strong>Tren Maya ser\u00eda inaugurado sin terminar obras <\/strong><\/p>\n<p>A decir de algunos trabajadores del Tren Maya, este mega proyecto federal podr\u00eda ser inaugurado en diciembre de este a\u00f1o, pero sin que hayan concluido en su totalidad las obras, y es que, sobre todo, en los \u00faltimos tramos de su recorrido, a\u00fan el porcentaje de avance es reducido.<\/p>\n<p>Por ejemplo, a 43 kil\u00f3metros al sur de Canc\u00fan, en Playa del Carmen, los trabajadores estiman que para la fecha de inauguraci\u00f3n del Tren Maya, la obra estar\u00e1 incompleta, y es que, es muy poco probable que para entonces, al menos el Tramo 5, de Canc\u00fan hasta Tulum, pasando por Playa del Carmen, haya sido finalizado.<\/p>\n<p>El conductor de un cami\u00f3n que sacaba la madera de miles de \u00e1rboles derribados, entre la comunidad de Cristo Rey y Nuevo Noh Neb declar\u00f3: \u201cDicen que para enero debe de estar todo listo, pero falta mucho m\u00e1s\u201d.<\/p>\n<p>Hay que recordar que el Tramo 5 Norte, de Canc\u00fan a Playa del Carmen, es una tira en medio de la selva, donde actualmente hay tierra levantada, pilotes redondos de m\u00e1s de 25 metros de extensi\u00f3n tirados sobre la tierra suelta sin colar y algunas m\u00e1quinas operadas por militares que hacen agujeros, asimismo, impiden que se tomen fotograf\u00edas.<\/p>\n<p><em>Escr\u00edbame a mi mail: <a href=\"mailto:montanezaguilar@gmail.com\" target=\"_blank\" rel=\"noopener noreferrer\">montanezaguilar@gmail.com<\/a><\/em><\/p>\n","protected":false},"excerpt":{"rendered":"<p><span style=\"color: #005497;\"><strong>Jos\u00e9 Luis Monta\u00f1ez<\/strong><\/span><br \/>\n<br \/>\nLa gobernadora Mara Lezama Espinosa y el secretario nacional de la Confederaci\u00f3n Revolucionaria de Obreros y Campesinos (CROC), Isa\u00edas Gonz\u00e1lez Cuevas, firmaron un acuerdo solidario en materia de colaboraci\u00f3n sindical para tener espacios laborales seguros e incluyentes, contribuir en reducir la impunidad en violencia familiar y de g\u00e9nero, acoso sexual y hostigamiento, sin discriminaciones por g\u00e9nero. Por ello convoc\u00f3 a fortalecer la cultura de la denuncia.<\/p>\n","protected":false},"author":3,"featured_media":589621,"comment_status":"open","ping_status":"open","sticky":false,"template":"","format":"standard","meta":{"_monsterinsights_skip_tracking":false,"_monsterinsights_sitenote_active":false,"_monsterinsights_sitenote_note":"","_monsterinsights_sitenote_category":0,"footnotes":""},"categories":[11622,25512],"tags":[47840,54579,43674],"class_list":["post-589570","post","type-post","status-publish","format-standard","has-post-thumbnail","hentry","category-jose-luis-montanez-aguilar","category-nacional-nacional","tag-derecho-de-replica","tag-jose-luis-montanez","tag-opinion"],"_links":{"self":[{"href":"https:\/\/www.diarioimagen.net\/index.php?rest_route=\/wp\/v2\/posts\/589570","targetHints":{"allow":["GET"]}}],"collection":[{"href":"https:\/\/www.diarioimagen.net\/index.php?rest_route=\/wp\/v2\/posts"}],"about":[{"href":"https:\/\/www.diarioimagen.net\/index.php?rest_route=\/wp\/v2\/types\/post"}],"author":[{"embeddable":true,"href":"https:\/\/www.diarioimagen.net\/index.php?rest_route=\/wp\/v2\/users\/3"}],"replies":[{"embeddable":true,"href":"https:\/\/www.diarioimagen.net\/index.php?rest_route=%2Fwp%2Fv2%2Fcomments&post=589570"}],"version-history":[{"count":0,"href":"https:\/\/www.diarioimagen.net\/index.php?rest_route=\/wp\/v2\/posts\/589570\/revisions"}],"wp:featuredmedia":[{"embeddable":true,"href":"https:\/\/www.diarioimagen.net\/index.php?rest_route=\/wp\/v2\/media\/589621"}],"wp:attachment":[{"href":"https:\/\/www.diarioimagen.net\/index.php?rest_route=%2Fwp%2Fv2%2Fmedia&parent=589570"}],"wp:term":[{"taxonomy":"category","embeddable":true,"href":"https:\/\/www.diarioimagen.net\/index.php?rest_route=%2Fwp%2Fv2%2Fcategories&post=589570"},{"taxonomy":"post_tag","embeddable":true,"href":"https:\/\/www.diarioimagen.net\/index.php?rest_route=%2Fwp%2Fv2%2Ftags&post=589570"}],"curies":[{"name":"wp","href":"https:\/\/api.w.org\/{rel}","templated":true}]}}