{"id":589638,"date":"2023-07-12T00:01:43","date_gmt":"2023-07-12T06:01:43","guid":{"rendered":"https:\/\/www.diarioimagen.net\/?p=589638"},"modified":"2023-07-12T02:40:04","modified_gmt":"2023-07-12T08:40:04","slug":"venenos-politicos","status":"publish","type":"post","link":"https:\/\/www.diarioimagen.net\/?p=589638","title":{"rendered":"Venenos pol\u00edticos"},"content":{"rendered":"<h2>De pe a pa<\/h2>\n<h5>Alberto Vieyra G.<\/h5>\n<p>&nbsp;<\/p>\n<p>La partidocracia azteca se ha convertido en veneno puro para ostentar el monopolio del gran poder pol\u00edtico en M\u00e9xico, reduciendo a los ciudadanos a potenciales pagadores de impuestos y viles objetos de uso electoral.<\/p>\n<p>La mayor\u00eda de esas lacras sociales representan solamente a poderosas oligarqu\u00edas pol\u00edticas y econ\u00f3micas o a familias que buscan ostentar el poder a perpetuidad. Hay venenos m\u00e1s letales que otros, pero todos usan el poder para sus fines personales y de grupos.<\/p>\n<p>Falsamente encarcelado durante a\u00f1o y medio en el penal de Pacho Viejo, Veracruz, por un supuesto desv\u00edo de 450 millones de pesos cuando fue gobernador veracruzano, Dante Delgado Ranauro a quien se atribuye ser due\u00f1o de una flotilla de cientos de tr\u00e1ileres y camiones transportistas le ganar\u00eda al gobierno una millonaria demanda por difamaci\u00f3n y de pil\u00f3n el gobierno que encabezaba Ernesto Zedillo le regalar\u00eda algo as\u00ed como 80 millones de pesos para que 1999, conformar\u00e1 una franquicia pol\u00edtica llamada Convergencia, partido que en la chiquillada no tuvo jale y a punto estuvo de perder su registro nacional, raz\u00f3n por la cual su due\u00f1o le cambiar\u00eda el nombre a Movimiento Ciudadano que muy pronto enga\u00f1\u00f3 a millones de incautos ciudadanos que lo encaramaron a las gubernaturas de Jalisco y Nuevo Le\u00f3n, am\u00e9n de otras posiciones pol\u00edticas en ambos estados de la Rep\u00fablica. En las elecciones federales del 2021, Movimiento Ciudadano obtuvo el 7.01% de la votaci\u00f3n nacional. Semejante hecho infl\u00f3 el ego de su due\u00f1o, Dante Delgado, quien se exhibe como un pavo real hecho a mano y bordado en oro, que sue\u00f1a ilusamente con colocar en la Presidencia de M\u00e9xico para 2024 a un militante de esa lacra social. Ese desmedido ego ya provoc\u00f3 un divisionismo que podr\u00eda mandar al museo a Movimiento Ciudadano. La semana pasada, el gobernador de Jalisco, Enrique Alfaro, habl\u00f3 de asegunes entre \u00e9l y Dante Delgado y rechaz\u00f3 categ\u00f3ricamente que vaya a convertirse en candidato presidencial, al tiempo que anunci\u00f3 su retiro de la pol\u00edtica.<\/p>\n<p>Por otro lado, Samuel Garc\u00eda est\u00e1 como las reci\u00e9n casadas. \u00bfYa sabe usted c\u00f3mo est\u00e1n las reci\u00e9n casadas? Bueno, pues con ganas de todo y sin ganas de nada. Un d\u00eda dice que s\u00ed, otro d\u00eda dice que no ser\u00e1 candidato presidencial, luego, sale con que quiz\u00e1 o qu\u00e9 qui\u00e9n sabe y no faltan los malos observadores y analistas pol\u00edticos que dicen que, si no es Samuel Garc\u00eda el gobernador de Nuevo Le\u00f3n, seguramente ser\u00e1 el joven Luis Dolando Colosio Riojas, quien por cierto no milita en el partido de Dante Delgado, pues \u00e9l llego como candidato ciudadano a la alcald\u00eda de Monterrey.<\/p>\n<p>Pero, adem\u00e1s Luis Donaldo cuando ten\u00eda 9 a\u00f1os le hizo un juramento a su madre dici\u00e9ndole que no aceptar\u00eda ninguna d\u00e1diva de poder sobre todo que viniera del PRI, partido en el que militaba su padre Luis Donaldo Colosio cuando fue asesinado, siendo candidato presidencial en marzo 1994.<\/p>\n<p>En julio 1994, el peque\u00f1o Luis Donaldo en compa\u00f1\u00eda de su madre y su hermanita Mariana visitaron al papa Juan Pablo II, quien le hecho la bendici\u00f3n al chiquillo de la siguiente manera: \u201cTu padre fue un gran hombre, un gran mexicano y t\u00fa tambi\u00e9n vas a ser grande\u201d.<\/p>\n<p>No hay duda, que el joven Donaldo ser\u00eda Presidente de M\u00e9xico por el voto de la nostalgia, pero por ahora, todo parece indicar que Dante Delgado quiere para \u00e9l los laureles como candidato presidencial con lo cual se convertir\u00eda en el sepulturero de Movimiento Ciudadano.<\/p>\n<p>Ya lo dec\u00eda el ilustre Mario Benedetti \u201cpor lo regular, las bestias terminan devor\u00e1ndose a s\u00ed mismas\u201d.<\/p>\n<p><em><a href=\"mailto:info@agenciamn.com\" target=\"_blank\" rel=\"noopener noreferrer\">info@agenciamn.com<\/a><\/em><\/p>\n","protected":false},"excerpt":{"rendered":"<p><span style=\"color: #005497;\"><strong>Alberto Vieyra G.<\/strong><\/span><\/p>\n","protected":false},"author":3,"featured_media":0,"comment_status":"open","ping_status":"open","sticky":false,"template":"","format":"standard","meta":{"_monsterinsights_skip_tracking":false,"_monsterinsights_sitenote_active":false,"_monsterinsights_sitenote_note":"","_monsterinsights_sitenote_category":0,"footnotes":""},"categories":[4596],"tags":[43697,4597,43674],"class_list":["post-589638","post","type-post","status-publish","format-standard","hentry","category-alberto-vieyra-g","tag-alberto-vieyra-g","tag-de-pe-a-pa","tag-opinion"],"_links":{"self":[{"href":"https:\/\/www.diarioimagen.net\/index.php?rest_route=\/wp\/v2\/posts\/589638","targetHints":{"allow":["GET"]}}],"collection":[{"href":"https:\/\/www.diarioimagen.net\/index.php?rest_route=\/wp\/v2\/posts"}],"about":[{"href":"https:\/\/www.diarioimagen.net\/index.php?rest_route=\/wp\/v2\/types\/post"}],"author":[{"embeddable":true,"href":"https:\/\/www.diarioimagen.net\/index.php?rest_route=\/wp\/v2\/users\/3"}],"replies":[{"embeddable":true,"href":"https:\/\/www.diarioimagen.net\/index.php?rest_route=%2Fwp%2Fv2%2Fcomments&post=589638"}],"version-history":[{"count":0,"href":"https:\/\/www.diarioimagen.net\/index.php?rest_route=\/wp\/v2\/posts\/589638\/revisions"}],"wp:attachment":[{"href":"https:\/\/www.diarioimagen.net\/index.php?rest_route=%2Fwp%2Fv2%2Fmedia&parent=589638"}],"wp:term":[{"taxonomy":"category","embeddable":true,"href":"https:\/\/www.diarioimagen.net\/index.php?rest_route=%2Fwp%2Fv2%2Fcategories&post=589638"},{"taxonomy":"post_tag","embeddable":true,"href":"https:\/\/www.diarioimagen.net\/index.php?rest_route=%2Fwp%2Fv2%2Ftags&post=589638"}],"curies":[{"name":"wp","href":"https:\/\/api.w.org\/{rel}","templated":true}]}}