{"id":589694,"date":"2023-07-13T00:01:12","date_gmt":"2023-07-13T06:01:12","guid":{"rendered":"https:\/\/www.diarioimagen.net\/?p=589694"},"modified":"2023-07-13T02:32:51","modified_gmt":"2023-07-13T08:32:51","slug":"no-dejo-el-pri-sigo-leal-al-partido-asegura-froylan-santana","status":"publish","type":"post","link":"https:\/\/www.diarioimagen.net\/?p=589694","title":{"rendered":"\u201cNo dejo el PRI, sigo leal al partido\u201d, asegura Froyl\u00e1n Santana"},"content":{"rendered":"<p>&nbsp;<\/p>\n<p><a href=\"https:\/\/www.diarioimagen.net\/?attachment_id=589746\" rel=\"attachment wp-att-589746\"><img loading=\"lazy\" decoding=\"async\" class=\"aligncenter size-full wp-image-589746\" src=\"https:\/\/www.diarioimagen.net\/wp-content\/uploads\/2023\/07\/no-dejo-el-pri.jpg\" alt=\"\" width=\"460\" height=\"270\" \/><\/a><\/p>\n<p>&nbsp;<\/p>\n<p><strong>Valle de M\u00e9xico.\u2014 <\/strong>Ante la reciente salida de unos 320 priistas, acompa\u00f1ados por Claudia Ruiz Massieu, Nuvia Mayorga y el ex gobernador del Estado de M\u00e9xico, Eruviel \u00c1vila, se siguen generando m\u00e1s rumores de renuncias al Revolucionario Institucional.<\/p>\n<p>Tal es el caso del presidente de Unidad Revolucionaria (UR) en el Estado de M\u00e9xico, Froyl\u00e1n Santana, quien inmediatamente, desminti\u00f3 y rechaz\u00f3 los rumores en sus redes sociales. \u201cLeal y comprometido con la causa de nuestra militancia, ratifico mi postura e ideolog\u00eda. Ante esta ola de circunstancias permanezco firme, recto y confiado en mis principios\u201d, public\u00f3.<\/p>\n","protected":false},"excerpt":{"rendered":"<p>Ante la reciente salida de unos 320 priistas, acompa\u00f1ados por Claudia Ruiz Massieu, Nuvia Mayorga y el ex gobernador del Estado de M\u00e9xico, Eruviel \u00c1vila, se siguen generando m\u00e1s rumores de renuncias al Revolucionario Institucional.<\/p>\n","protected":false},"author":3,"featured_media":589746,"comment_status":"open","ping_status":"open","sticky":false,"template":"","format":"standard","meta":{"_monsterinsights_skip_tracking":false,"_monsterinsights_sitenote_active":false,"_monsterinsights_sitenote_note":"","_monsterinsights_sitenote_category":0,"footnotes":""},"categories":[5],"tags":[95700,362],"class_list":["post-589694","post","type-post","status-publish","format-standard","has-post-thumbnail","hentry","category-estado-de-mexico","tag-froylan-santana","tag-pri"],"_links":{"self":[{"href":"https:\/\/www.diarioimagen.net\/index.php?rest_route=\/wp\/v2\/posts\/589694","targetHints":{"allow":["GET"]}}],"collection":[{"href":"https:\/\/www.diarioimagen.net\/index.php?rest_route=\/wp\/v2\/posts"}],"about":[{"href":"https:\/\/www.diarioimagen.net\/index.php?rest_route=\/wp\/v2\/types\/post"}],"author":[{"embeddable":true,"href":"https:\/\/www.diarioimagen.net\/index.php?rest_route=\/wp\/v2\/users\/3"}],"replies":[{"embeddable":true,"href":"https:\/\/www.diarioimagen.net\/index.php?rest_route=%2Fwp%2Fv2%2Fcomments&post=589694"}],"version-history":[{"count":0,"href":"https:\/\/www.diarioimagen.net\/index.php?rest_route=\/wp\/v2\/posts\/589694\/revisions"}],"wp:featuredmedia":[{"embeddable":true,"href":"https:\/\/www.diarioimagen.net\/index.php?rest_route=\/wp\/v2\/media\/589746"}],"wp:attachment":[{"href":"https:\/\/www.diarioimagen.net\/index.php?rest_route=%2Fwp%2Fv2%2Fmedia&parent=589694"}],"wp:term":[{"taxonomy":"category","embeddable":true,"href":"https:\/\/www.diarioimagen.net\/index.php?rest_route=%2Fwp%2Fv2%2Fcategories&post=589694"},{"taxonomy":"post_tag","embeddable":true,"href":"https:\/\/www.diarioimagen.net\/index.php?rest_route=%2Fwp%2Fv2%2Ftags&post=589694"}],"curies":[{"name":"wp","href":"https:\/\/api.w.org\/{rel}","templated":true}]}}