{"id":589697,"date":"2023-07-13T00:03:43","date_gmt":"2023-07-13T06:03:43","guid":{"rendered":"https:\/\/www.diarioimagen.net\/?p=589697"},"modified":"2023-07-13T02:31:49","modified_gmt":"2023-07-13T08:31:49","slug":"integrantes-del-sindicato-de-maestros-se-reunen-con-estudiantes-normalistas","status":"publish","type":"post","link":"https:\/\/www.diarioimagen.net\/?p=589697","title":{"rendered":"Integrantes del sindicato de maestros se re\u00fanen con estudiantes normalistas"},"content":{"rendered":"<p>&nbsp;<\/p>\n<ul>\n<li><strong><em>Ofrecen asesor\u00edas<\/em><\/strong><\/li>\n<\/ul>\n<p>&nbsp;<\/p>\n<div id=\"attachment_589742\" style=\"width: 470px\" class=\"wp-caption aligncenter\"><a href=\"https:\/\/www.diarioimagen.net\/?attachment_id=589742\" rel=\"attachment wp-att-589742\"><img loading=\"lazy\" decoding=\"async\" aria-describedby=\"caption-attachment-589742\" class=\"size-full wp-image-589742\" src=\"https:\/\/www.diarioimagen.net\/wp-content\/uploads\/2023\/07\/integrantes-del-sindicato.jpg\" alt=\"\" width=\"460\" height=\"270\" \/><\/a><p id=\"caption-attachment-589742\" class=\"wp-caption-text\">Integrantes de\u00a0la dirigencia del SMSEM, encabezados por Marco Aurelio Carbajal Leyva, interactuaron con los alumnos de las 23 escuelas normales del Estado de M\u00e9xico.<\/p><\/div>\n<p>&nbsp;<\/p>\n<p><strong>Toluca, Estado de M\u00e9xico.\u2014<\/strong> En un esfuerzo por promover la identidad y fortalecer la unidad magisterial entre los docentes en formaci\u00f3n, el Sindicato de Maestros al Servicio del Estado de M\u00e9xico (SMSEM) llev\u00f3 a cabo encuentros entre integrantes del Comit\u00e9 Ejecutivo Estatal 2021-2024 y estudiantes de las 36 escuelas normales del estado.<\/p>\n<p>Esta iniciativa, encabezada por el secretario general del SMSEM, Marco Aurelio Carbajal Leyva, en colaboraci\u00f3n con Edgar Alfonso Orozco Mendoza, director general de Educaci\u00f3n Normal y Fortalecimiento Profesional, busca brindar orientaci\u00f3n e informaci\u00f3n relevante sobre la historia y logros de la organizaci\u00f3n sindical.<\/p>\n<p>Durante la jornada, que tuvo lugar del 4 al 11 de julio en diferentes auditorios y normales, los integrantes de la dirigencia del SMSEM, encabezados por Carbajal Leyva, interactuaron con los alumnos de las escuelas normales para ofrecerles la asesor\u00eda titulada \u201cEl SMSEM: Historia de una lucha permanente\u201d.\u00a0 Este encuentro tuvo como objetivo principal acercar a los futuros docentes a la historia y los logros alcanzados por el sindicato, con el fin de fomentar un sentido de identidad y pertenencia en el gremio magisterial. En el marco de esta asesor\u00eda sindical informativa, los estudiantes de las nueve normales visitadas expresaron su agradecimiento por la presencia del secretario general y el director general de Educaci\u00f3n Normal.<\/p>\n<p>Adem\u00e1s de la asesor\u00eda, los integrantes del Comit\u00e9 entregaron una constancia del curso \u201cEstrategias, m\u00e9todos y perspectivas para el fortalecimiento del perfil docente\u201d, impartido a los normalistas en los meses anteriores. Este curso, dise\u00f1ado por Marco Aurelio Carbajal Leyva y su equipo, tuvo como objetivo preparar a los futuros maestros para su ingreso al Subsistema Educativo Estatal.<\/p>\n","protected":false},"excerpt":{"rendered":"<p>En un esfuerzo por promover la identidad y fortalecer la unidad magisterial entre los docentes en formaci\u00f3n, el Sindicato de Maestros al Servicio del Estado de M\u00e9xico (SMSEM) llev\u00f3 a cabo encuentros entre integrantes del Comit\u00e9 Ejecutivo Estatal 2021-2024 y estudiantes de las 36 escuelas normales del estado.<\/p>\n","protected":false},"author":3,"featured_media":589742,"comment_status":"open","ping_status":"open","sticky":false,"template":"","format":"standard","meta":{"_monsterinsights_skip_tracking":false,"_monsterinsights_sitenote_active":false,"_monsterinsights_sitenote_note":"","_monsterinsights_sitenote_category":0,"footnotes":""},"categories":[5],"tags":[66631,98220],"class_list":["post-589697","post","type-post","status-publish","format-standard","has-post-thumbnail","hentry","category-estado-de-mexico","tag-estudiante","tag-normalista"],"_links":{"self":[{"href":"https:\/\/www.diarioimagen.net\/index.php?rest_route=\/wp\/v2\/posts\/589697","targetHints":{"allow":["GET"]}}],"collection":[{"href":"https:\/\/www.diarioimagen.net\/index.php?rest_route=\/wp\/v2\/posts"}],"about":[{"href":"https:\/\/www.diarioimagen.net\/index.php?rest_route=\/wp\/v2\/types\/post"}],"author":[{"embeddable":true,"href":"https:\/\/www.diarioimagen.net\/index.php?rest_route=\/wp\/v2\/users\/3"}],"replies":[{"embeddable":true,"href":"https:\/\/www.diarioimagen.net\/index.php?rest_route=%2Fwp%2Fv2%2Fcomments&post=589697"}],"version-history":[{"count":0,"href":"https:\/\/www.diarioimagen.net\/index.php?rest_route=\/wp\/v2\/posts\/589697\/revisions"}],"wp:featuredmedia":[{"embeddable":true,"href":"https:\/\/www.diarioimagen.net\/index.php?rest_route=\/wp\/v2\/media\/589742"}],"wp:attachment":[{"href":"https:\/\/www.diarioimagen.net\/index.php?rest_route=%2Fwp%2Fv2%2Fmedia&parent=589697"}],"wp:term":[{"taxonomy":"category","embeddable":true,"href":"https:\/\/www.diarioimagen.net\/index.php?rest_route=%2Fwp%2Fv2%2Fcategories&post=589697"},{"taxonomy":"post_tag","embeddable":true,"href":"https:\/\/www.diarioimagen.net\/index.php?rest_route=%2Fwp%2Fv2%2Ftags&post=589697"}],"curies":[{"name":"wp","href":"https:\/\/api.w.org\/{rel}","templated":true}]}}