{"id":589788,"date":"2023-07-13T00:12:30","date_gmt":"2023-07-13T06:12:30","guid":{"rendered":"https:\/\/www.diarioimagen.net\/?p=589788"},"modified":"2023-07-13T03:09:32","modified_gmt":"2023-07-13T09:09:32","slug":"el-pleito-es-de-amlo-vs-xochitl-no-de-sus-corcholatas-contra-la-senadora","status":"publish","type":"post","link":"https:\/\/www.diarioimagen.net\/?p=589788","title":{"rendered":"El pleito es de AMLO vs X\u00f3chitl, no de sus \u201ccorcholatas\u201d contra la senadora"},"content":{"rendered":"<h2>Tras la puerta del poder<\/h2>\n<h5>Roberto Vizca\u00edno<\/h5>\n<p>&nbsp;<\/p>\n<p>Si algo ha quedado claro es que el pleito electoral de 2024 es entre el presidente <strong>Andr\u00e9s Manuel L\u00f3pez Obrador <\/strong>contra <strong>X\u00f3chitl G\u00e1lvez<\/strong>, <strong>Claudio X. Gonz\u00e1lez<\/strong> y los que integran el Frente Amplio por M\u00e9xico hasta llegar a los ex presidentes <strong>Salinas, Zedillo, Fox y Calder\u00f3n<\/strong>, en ese orden.<\/p>\n<p>De la contienda han quedado fuera las 4 \u201ccorcholatas\u201d y sus 2 adicionales \u2014<strong>Claudia Sheinbaum, Marcelo Ebrard, Ad\u00e1n Augusto L\u00f3pez y Ricardo Monreal, <\/strong>as\u00ed como los adjuntos <strong>Gerardo Fern\u00e1ndez Noro\u00f1a y Manuel Velasco<\/strong>\u2014, c\u00f3mo si ellos no tuvieran vela en este entierro. Quiz\u00e1 no la tengan.<\/p>\n<p>As\u00ed, al ataque de <strong>AMLO<\/strong> en su ma\u00f1anera ayer en su intento de desprestigiarla como sea y a toda costa a <strong>X\u00f3chitl<\/strong>, esta r\u00e1pido le revir\u00f3 sonriendo:<\/p>\n<p>\u201c\u00a1Nuestra empresa es \u2018tan chingona\u2019 que hasta su gobierno nos contrata!\u201d<\/p>\n<p>Y es que <strong>AMLO<\/strong> la acus\u00f3 de que su empresa se benefici\u00f3 con contratos durante las administraciones de <strong>Fox<\/strong> y cuando fue delegada en la Miguel Hidalgo.<\/p>\n<p>Como suele hacerlo, de dicho, sin prueba alguna, el mandatario pidi\u00f3 que Mexicanos contra la Corrupci\u00f3n y la Impunidad creada por el empresario <strong>Claudio X. Gonz\u00e1lez<\/strong>, indague esas <em>supuestas irregularidades<\/em> cometidas por la empresa de la ahora aspirante presidencial del frente.<\/p>\n<p>\u201cVamos a darle un tiempo, a ella y a \u00e9l, y a la se\u00f1ora, \u00bfC\u00f3mo se llama?&#8230; <strong>Mar\u00eda Amparo Casar <\/strong>(quien tambi\u00e9n participa en Mexicanos contra la Corrupci\u00f3n), y a ese grupo\u201d.<\/p>\n<p>Su petici\u00f3n la extendi\u00f3 al INAI -inactivo por su decisi\u00f3n de no permitirle al Senado designar los consejeros que le faltan-, para que este instituto informe, adem\u00e1s, sobre los supuestos contratos otorgados a la empresa de <strong>X\u00f3chitl G\u00e1lvez<\/strong>.<\/p>\n<p>Preguntado por las denuncias presentadas por la senadora ante el INE en su contra por ejercer violencia pol\u00edtica, <strong>AMLO<\/strong> intent\u00f3 evadir su respuesta y hacerse el chistoso pidiendo le pusieran una viej\u00edsima canci\u00f3n que habla del respeto a las mujeres.<\/p>\n<p style=\"text-align: center;\"><strong>\u00bfViolencia, inseguridad? \u00a1eso es campa\u00f1a de medios!<\/strong><\/p>\n<p>En cuanto a los hechos en Chilpancingo donde van ya 3 d\u00edas de asaltos a instalaciones del gobierno estatal y bloqueos carreteros, y los ocurridos en otras regiones y estados, desde\u00f1oso dijo que eso era parte de una campa\u00f1a de medios contra su gobierno.<\/p>\n<p>Lo que sigue son apenas unos encabezados de varias informaciones aparecidas ayer en s\u00f3lo 2 diarios de distribuci\u00f3n nacional:<\/p>\n<p>\u00bfQu\u00e9 le dijo la alcaldesa a l\u00edder de Los Ardillos?&#8230; Esto es una parte de lo que la alcaldesa de Chilpancingo, <strong>Norma Otilia Hern\u00e1ndez<\/strong>, le dijo a <strong>Celso Ortega<\/strong>, capo de Los Ardillos, en su reuni\u00f3n\u201d.<\/p>\n<p>\u201cLos jueces se refugian en sus casas: Un tribunal federal en Colima instaura el teletrabajo para protegerse de la violencia\u2026 ello porque el fallo de un juez desata una ola de asesinatos y actos de intimidaci\u00f3n en esa entidad\u201d.<\/p>\n<p>\u201cCaen 5 por masacre en Central de Abasto de Toluca; Cinco integrantes de la Mesa Directiva de Central de Abasto de Toluca fueron detenidos por presuntamente orquestar asesinato de 9 personas\u201d.<\/p>\n<p>\u201cUn atentado con explosivos durante una emboscada mata a cuatro funcionarios y dos civiles en Jalisco\u201d.<\/p>\n<p>\u201cLas madres buscadoras que negocian con el narco para encontrar a sus desaparecidos en M\u00e9xico\u2026 Los colectivos de familiares de desaparecidos omiten al Estado en su reivindicaci\u00f3n y piden permiso a la delincuencia organizada para desenterrar a sus muertos\u201d.<\/p>\n<p>\u201cLos c\u00e1rteles tambi\u00e9n viven su cuarta transformaci\u00f3n No se trata de una mera intensificaci\u00f3n de la presencia de \u201clos malosos\u201d en la vida p\u00fablica, sino de cambios cualitativos que dan lugar a otros procesos cuyos alcances anticipan escenarios dist\u00f3picos\u201d.<\/p>\n<p>Los hechos son hechos, no inventos de nadie. Los medios informativos s\u00f3lo informan sobre ellos.<\/p>\n<p style=\"text-align: center;\"><strong>Piden una ley que los proteja<\/strong><\/p>\n<p>La Asociaci\u00f3n Mexicana de Empresas de Seguridad Privada, la AMESP, presidida por <strong>Gabriel Bernal G\u00f3mez,<\/strong> indic\u00f3 ayer que ha iniciado una serie de trabajos con senadores y diputados en busca de que se emita una Ley que regule e imponga obligaciones a este sector en M\u00e9xico.<\/p>\n<p>Indic\u00f3 que su organizaci\u00f3n representa a 240 empresas de seguridad privada que tienen en n\u00f3mina a 450 mil empleados dedicados a proteger bienes, servicios y actividades de industrias, empresas y miles de comercios en M\u00e9xico.<\/p>\n<p>Sin embargo, esta actividad se limita a la disuasi\u00f3n y no al combate del crimen y desde ese punto de vista su actividad es ajena a la persecuci\u00f3n del narco o del crimen organizado.<\/p>\n<p>Sin embargo, unos y otros comienzan a rozarse. Un caso grave, dijo, es el creciente robo y asaltos en carreteras, esencialmente en las de Veracruz, Estado de M\u00e9xico y Puebla.<\/p>\n<p>Mayo, dijo, ha sido hasta hoy el mes con mayores incidentes carreteros con 313 robos y asaltos y febrero con 253.<\/p>\n<p>Esto ha obligado a que las aseguradoras comiencen a exigir mayores medidas de seguridad para el transporte de sus productos entre ciudades.<\/p>\n<p>Ahora algunas aseguradoras, se\u00f1al\u00f3, piden por ejemplo que el traslado de dom\u00e9sticos como televisiones sean acompa\u00f1adas por equipos de resguardo armado y sistemas de comunicaci\u00f3n de alta gama.<\/p>\n<p>Otro caso es el de la creciente investigaci\u00f3n y vigilancia de empleados dentro de las empresas porque es entre ellos donde se da la vinculaci\u00f3n para el asalto y robo de mercanc\u00edas y productos.<\/p>\n<p><em><a href=\"mailto:rvizcainoa@gmail.com\" target=\"_blank\" rel=\"noopener noreferrer\">vizcainoa@gmail.com<\/a><a href=\"mailto:rvizcainoa@gmail.com\" target=\"_blank\" rel=\"noopener noreferrer\"><br \/>\n<\/a><a href=\"http:\/\/endirecto.mx\" target=\"_blank\" rel=\"noopener noreferrer\">www.endirecto.mx<\/a><a href=\"mailto:rvizcainoa@gmail.com\" target=\"_blank\" rel=\"noopener noreferrer\"><br \/>\n<\/a><a href=\"https:\/\/twitter.com\/_rvizcaino\" target=\"_blank\" rel=\"noopener noreferrer\">@_RVizcaino<\/a><a href=\"mailto:rvizcainoa@gmail.com\" target=\"_blank\" rel=\"noopener noreferrer\"><br \/>\n<\/a><a href=\"https:\/\/www.facebook.com\/rvizcainoa\" target=\"_blank\" rel=\"noopener noreferrer\">facebook.com\/rvizcainoa<\/a><\/em><\/p>\n","protected":false},"excerpt":{"rendered":"<p><span style=\"color: #005497;\"><strong>Roberto Vizca\u00edno<\/strong><\/span><\/p>\n","protected":false},"author":3,"featured_media":0,"comment_status":"open","ping_status":"open","sticky":false,"template":"","format":"standard","meta":{"_monsterinsights_skip_tracking":false,"_monsterinsights_sitenote_active":false,"_monsterinsights_sitenote_note":"","_monsterinsights_sitenote_category":0,"footnotes":""},"categories":[136],"tags":[43674,93,94],"class_list":["post-589788","post","type-post","status-publish","format-standard","hentry","category-roberto-vizcaino-opinion","tag-opinion","tag-roberto-vizcaino","tag-tras-la-puerta-del-poder"],"_links":{"self":[{"href":"https:\/\/www.diarioimagen.net\/index.php?rest_route=\/wp\/v2\/posts\/589788","targetHints":{"allow":["GET"]}}],"collection":[{"href":"https:\/\/www.diarioimagen.net\/index.php?rest_route=\/wp\/v2\/posts"}],"about":[{"href":"https:\/\/www.diarioimagen.net\/index.php?rest_route=\/wp\/v2\/types\/post"}],"author":[{"embeddable":true,"href":"https:\/\/www.diarioimagen.net\/index.php?rest_route=\/wp\/v2\/users\/3"}],"replies":[{"embeddable":true,"href":"https:\/\/www.diarioimagen.net\/index.php?rest_route=%2Fwp%2Fv2%2Fcomments&post=589788"}],"version-history":[{"count":0,"href":"https:\/\/www.diarioimagen.net\/index.php?rest_route=\/wp\/v2\/posts\/589788\/revisions"}],"wp:attachment":[{"href":"https:\/\/www.diarioimagen.net\/index.php?rest_route=%2Fwp%2Fv2%2Fmedia&parent=589788"}],"wp:term":[{"taxonomy":"category","embeddable":true,"href":"https:\/\/www.diarioimagen.net\/index.php?rest_route=%2Fwp%2Fv2%2Fcategories&post=589788"},{"taxonomy":"post_tag","embeddable":true,"href":"https:\/\/www.diarioimagen.net\/index.php?rest_route=%2Fwp%2Fv2%2Ftags&post=589788"}],"curies":[{"name":"wp","href":"https:\/\/api.w.org\/{rel}","templated":true}]}}