{"id":589818,"date":"2023-07-14T00:03:00","date_gmt":"2023-07-14T06:03:00","guid":{"rendered":"https:\/\/www.diarioimagen.net\/?p=589818"},"modified":"2023-07-14T02:57:41","modified_gmt":"2023-07-14T08:57:41","slug":"nombra-cabildo-en-atizapan-a-nuevo-director-de-educacion","status":"publish","type":"post","link":"https:\/\/www.diarioimagen.net\/?p=589818","title":{"rendered":"Nombra Cabildo en Atizap\u00e1n a nuevo director de Educaci\u00f3n"},"content":{"rendered":"<p>&nbsp;<\/p>\n<p><a href=\"https:\/\/www.diarioimagen.net\/?attachment_id=589889\" rel=\"attachment wp-att-589889\"><img loading=\"lazy\" decoding=\"async\" class=\"aligncenter size-full wp-image-589889\" src=\"https:\/\/www.diarioimagen.net\/wp-content\/uploads\/2023\/07\/nombra-cabildo.jpg\" alt=\"\" width=\"460\" height=\"270\" \/><\/a><\/p>\n<p>&nbsp;<\/p>\n<p><strong>Atizap\u00e1n de Zaragoza, Estado de M\u00e9xico.\u2014 <\/strong>Por unanimidad, el Cabildo de Atizap\u00e1n de Zaragoza aprob\u00f3 el nombramiento de Eleazar Gonz\u00e1lez Ord\u00f3\u00f1ez como director de Educaci\u00f3n, quien releva a Fredy Hern\u00e1ndez B\u00e1rcenas. Durante la Sexag\u00e9sima Tercera Sesi\u00f3n Ordinaria del Cabildo, el presidente municipal, Pedro Rodr\u00edguez Villegas tom\u00f3 protesta al funcionario.<\/p>\n<p>\u201cQuiero hacer del conocimiento de todos ustedes que fue presentada y acept\u00e9 la renuncia con car\u00e1cter de irrevocable del ciudadano Fredy Hern\u00e1ndez B\u00e1rcenas al cargo que ven\u00eda desempe\u00f1ando como director de Educaci\u00f3n.<\/p>\n","protected":false},"excerpt":{"rendered":"<p>&nbsp; &nbsp; Atizap\u00e1n de Zaragoza, Estado de M\u00e9xico.\u2014 Por unanimidad, el Cabildo de Atizap\u00e1n de Zaragoza aprob\u00f3 el nombramiento de Eleazar Gonz\u00e1lez Ord\u00f3\u00f1ez como director de Educaci\u00f3n, quien releva a Fredy Hern\u00e1ndez B\u00e1rcenas. Durante la Sexag\u00e9sima Tercera Sesi\u00f3n Ordinaria del Cabildo, el presidente municipal, Pedro Rodr\u00edguez Villegas tom\u00f3 protesta al funcionario. \u201cQuiero hacer del conocimiento [&hellip;]<\/p>\n","protected":false},"author":3,"featured_media":589889,"comment_status":"open","ping_status":"open","sticky":false,"template":"","format":"standard","meta":{"_monsterinsights_skip_tracking":false,"_monsterinsights_sitenote_active":false,"_monsterinsights_sitenote_note":"","_monsterinsights_sitenote_category":0,"footnotes":""},"categories":[5],"tags":[3561,43675,74164],"class_list":["post-589818","post","type-post","status-publish","format-standard","has-post-thumbnail","hentry","category-estado-de-mexico","tag-atizapan-de-zaragoza","tag-estado-de-mexico","tag-pedro-rodriguez-villegas"],"_links":{"self":[{"href":"https:\/\/www.diarioimagen.net\/index.php?rest_route=\/wp\/v2\/posts\/589818","targetHints":{"allow":["GET"]}}],"collection":[{"href":"https:\/\/www.diarioimagen.net\/index.php?rest_route=\/wp\/v2\/posts"}],"about":[{"href":"https:\/\/www.diarioimagen.net\/index.php?rest_route=\/wp\/v2\/types\/post"}],"author":[{"embeddable":true,"href":"https:\/\/www.diarioimagen.net\/index.php?rest_route=\/wp\/v2\/users\/3"}],"replies":[{"embeddable":true,"href":"https:\/\/www.diarioimagen.net\/index.php?rest_route=%2Fwp%2Fv2%2Fcomments&post=589818"}],"version-history":[{"count":0,"href":"https:\/\/www.diarioimagen.net\/index.php?rest_route=\/wp\/v2\/posts\/589818\/revisions"}],"wp:featuredmedia":[{"embeddable":true,"href":"https:\/\/www.diarioimagen.net\/index.php?rest_route=\/wp\/v2\/media\/589889"}],"wp:attachment":[{"href":"https:\/\/www.diarioimagen.net\/index.php?rest_route=%2Fwp%2Fv2%2Fmedia&parent=589818"}],"wp:term":[{"taxonomy":"category","embeddable":true,"href":"https:\/\/www.diarioimagen.net\/index.php?rest_route=%2Fwp%2Fv2%2Fcategories&post=589818"},{"taxonomy":"post_tag","embeddable":true,"href":"https:\/\/www.diarioimagen.net\/index.php?rest_route=%2Fwp%2Fv2%2Ftags&post=589818"}],"curies":[{"name":"wp","href":"https:\/\/api.w.org\/{rel}","templated":true}]}}