{"id":590062,"date":"2023-07-17T00:05:47","date_gmt":"2023-07-17T06:05:47","guid":{"rendered":"https:\/\/www.diarioimagen.net\/?p=590062"},"modified":"2023-07-17T02:14:00","modified_gmt":"2023-07-17T08:14:00","slug":"amnistia-a-delincuentes","status":"publish","type":"post","link":"https:\/\/www.diarioimagen.net\/?p=590062","title":{"rendered":"Amnist\u00eda a delincuentes"},"content":{"rendered":"<h2>Perfil de M\u00e9xico<\/h2>\n<h5>Armando R\u00edos Ruiz<\/h5>\n<p>&nbsp;<\/p>\n<p>Lo que se ve no se juzga, reza el dicho popular y lo que muchos vemos es que el actual gobierno pretende incorporar a la delincuencia a la vida normal de los mexicanos. Pero a diferencia de \u00e9stos, con el poder brutal que da la conciencia delictiva investida de armamento poderoso y organizada en agrupaciones con un poder casi ilimitado para hacer el mayor da\u00f1o posible.<\/p>\n<p>En campa\u00f1a, el entonces candidato, y hoy Presidente de M\u00e9xico, ofreci\u00f3 en Guerrero, uno de los estados m\u00e1s asediados por las hordas del narcotr\u00e1fico y en aras de extender la creciente ola de simpatizantes, amnist\u00eda para \u00e9stos y por extensi\u00f3n, para cualquier infractor de la ley. Seguramente ya hab\u00eda pensado en su frase puesta en marcha a inicios de su administraci\u00f3n: abrazos, no balazos, que para la ciudadan\u00eda signific\u00f3 un rev\u00e9s sonoro a su tranquilidad.<\/p>\n<p>Su iniciativa fue aprobada, aunque no era siquiera necesario, debido a la mente del mandatario, violador compulsivo de cualquier precepto legal asentado en nuestras leyes, desde la Constituci\u00f3n hacia abajo. El\u00a0 informe de la Unidad de Defensa Penal del Instituto Federal de Defensor\u00eda P\u00fablica (IFDP) avala lo anterior: \u201cen m\u00e1s de un a\u00f1o de operaci\u00f3n de la ley de amnist\u00eda, impulsada por el presidente Andr\u00e9s Manuel L\u00f3pez Obrador, s\u00f3lo ha procedido en 39 casos.\u00a0\u00a0\u00a0\u00a0\u00a0\u00a0\u00a0\u00a0\u00a0 \u201cSin embargo, aunque sin el beneficio de ese nuevo mecanismo, se han detonado las liberaciones anticipadas, ya que entre 2020 y 2021 se liber\u00f3 a mil 985 personas, en 2019-2020 hubo mil 22 libres y mil 592 m\u00e1s entre 2018-2019\u201d. Una m\u00e1s de tantas veces, la ley fue violada por su voluntad.<\/p>\n<p>Hace apenas unos d\u00edas \u2013el problema a\u00fan persiste\u2013 el grupo delictivo denominado Los Ardillos, incit\u00f3 a sus simpatizantes en el estado de Guerrero, a realizar una paralizaci\u00f3n del tr\u00e1nsito en la carretera M\u00e9xico-Acapulco, en protesta por la detenci\u00f3n de compinches suyos y, seg\u00fan trascendi\u00f3 en las redes sociales, porque la alcaldesa de Chilpancingo incumpli\u00f3 acuerdos tomados durante una comida con el jefe del grupo criminal. Se habl\u00f3 inclusive de que la misma gobernadora, Evelyn Salgado, invirti\u00f3 con ellos varias camionetas\u00a0 y m\u00e1s de 300 millones de pesos para negocios conjuntos.<\/p>\n<p>Debido a la trascendencia del asunto, la autoridad competente inici\u00f3 una supuesta cacer\u00eda de los jefes, encabezados por Celso Ortega Jim\u00e9nez. Su hermano, Bernardo Ortega Jim\u00e9nez, se dedica a la actividad pol\u00edtica y ha logrado retener para \u00e9l y su grupo, durante seis procesos electorales, la diputaci\u00f3n local del distrito 24, con cabecera en Tixtla.<\/p>\n<p>\u00bfC\u00f3mo ven? \u00bfEs muy carism\u00e1tico?<\/p>\n<p>O simplemente, como muchos han observado y resulta obvio, \u00bfse vale del poder ejercido por el grupo, cuya capacidad de movilizaci\u00f3n qued\u00f3 demostrada con el cierre de la carretera y con el uso de las poderosas armas en su poder? \u00bfAlg\u00fan pueblerino amenazado se atrever\u00eda a negarle el voto?<\/p>\n<p>\u00bfY mientras, la autoridad que hace? Pues se hace de la vista gorda. La gobernadora s\u00f3lo se ha limitado a declarar a los medios que no tiene compromisos con ning\u00fan grupo. Pero los hechos y los dichos demuestran exactamente lo contrario. Guerrero ha sido tradicionalmente un pueblo dif\u00edcil. Agresivo y pistolero. Hoy, ese coraje es utilizado por muchas organizaciones.<\/p>\n<p>El hermano. El pol\u00edtico, Bernardo Ortega, quien busca la presidencia del PRD en la entidad suriana, declar\u00f3 apenas que no permitir\u00e1 que la alianza Va por M\u00e9xico prospere. Seguramente tiene planeado utilizar a Los Ardillos para impedirlo. Lamentable es que ser\u00eda apoyado desde la cumbre de Morena.<\/p>\n<p>Este se\u00f1or habla como si la asociaci\u00f3n delictiva fuera una entidad normal, que puede desplazarse con toda tranquilidad por donde le plazca, aunque siempre armada hasta los dientes. Reflejo indudable de la tolerancia de las autoridades encabezadas desde el m\u00e1s alto pelda\u00f1o pol\u00edtico, que alienta sus actividades como las de otros grupos, con sus felicitaciones y reconocimiento a la ayuda que prestan durante las \u00e9pocas de elecciones.<\/p>\n<p><a href=\"mailto:ariosruiz@gmail.com\" target=\"_blank\" rel=\"noopener noreferrer\"><em>ariosruiz@gmail.com<\/em><\/a><\/p>\n","protected":false},"excerpt":{"rendered":"<p><span style=\"color: #005497;\"><strong>Armando R\u00edos Ruiz<\/strong><\/span><\/p>\n","protected":false},"author":3,"featured_media":0,"comment_status":"open","ping_status":"open","sticky":false,"template":"","format":"standard","meta":{"_monsterinsights_skip_tracking":false,"_monsterinsights_sitenote_active":false,"_monsterinsights_sitenote_note":"","_monsterinsights_sitenote_category":0,"footnotes":""},"categories":[88405],"tags":[88407,43674,91193],"class_list":["post-590062","post","type-post","status-publish","format-standard","hentry","category-armando-rios-ruiz","tag-armando-rios-ruiz","tag-opinion","tag-perfil-de-mexico"],"_links":{"self":[{"href":"https:\/\/www.diarioimagen.net\/index.php?rest_route=\/wp\/v2\/posts\/590062","targetHints":{"allow":["GET"]}}],"collection":[{"href":"https:\/\/www.diarioimagen.net\/index.php?rest_route=\/wp\/v2\/posts"}],"about":[{"href":"https:\/\/www.diarioimagen.net\/index.php?rest_route=\/wp\/v2\/types\/post"}],"author":[{"embeddable":true,"href":"https:\/\/www.diarioimagen.net\/index.php?rest_route=\/wp\/v2\/users\/3"}],"replies":[{"embeddable":true,"href":"https:\/\/www.diarioimagen.net\/index.php?rest_route=%2Fwp%2Fv2%2Fcomments&post=590062"}],"version-history":[{"count":0,"href":"https:\/\/www.diarioimagen.net\/index.php?rest_route=\/wp\/v2\/posts\/590062\/revisions"}],"wp:attachment":[{"href":"https:\/\/www.diarioimagen.net\/index.php?rest_route=%2Fwp%2Fv2%2Fmedia&parent=590062"}],"wp:term":[{"taxonomy":"category","embeddable":true,"href":"https:\/\/www.diarioimagen.net\/index.php?rest_route=%2Fwp%2Fv2%2Fcategories&post=590062"},{"taxonomy":"post_tag","embeddable":true,"href":"https:\/\/www.diarioimagen.net\/index.php?rest_route=%2Fwp%2Fv2%2Ftags&post=590062"}],"curies":[{"name":"wp","href":"https:\/\/api.w.org\/{rel}","templated":true}]}}