{"id":590070,"date":"2023-07-17T00:11:50","date_gmt":"2023-07-17T06:11:50","guid":{"rendered":"https:\/\/www.diarioimagen.net\/?p=590070"},"modified":"2023-07-17T02:03:32","modified_gmt":"2023-07-17T08:03:32","slug":"amlo-como-el-nica-daniel-ortega","status":"publish","type":"post","link":"https:\/\/www.diarioimagen.net\/?p=590070","title":{"rendered":"AMLO, como el \u201cnica\u201d Daniel Ortega"},"content":{"rendered":"<h2>\u00cdndice pol\u00edtico<\/h2>\n<h5>Francisco Rodr\u00edguez<\/h5>\n<p><strong>\u00a0<\/strong><\/p>\n<p>Los caudillos latinoamericanos del Siglo XXI est\u00e1n cortados por la misma tijera.<\/p>\n<p>Vea usted si no es as\u00ed:<\/p>\n<p><strong>Andr\u00e9s Manuel L\u00f3pez Obrador<\/strong> no s\u00f3lo es adorador del fallido r\u00e9gimen cubano, al que apoya con recursos p\u00fablicos \u2014pago a \u201cm\u00e9dicos\u201d, compra de piedras, regalo de combustibles, etc.\u2014 de nosotros, los pagaimpuestos\u2026<\/p>\n<p>\u2026no nada m\u00e1s invita a <strong>Nicol\u00e1s Maduro<\/strong> a su toma de posesi\u00f3n\u2026<\/p>\n<p>\u2026da refugio al boliviano <strong>Evo Morales<\/strong>, y asilo a la familia del peruano <strong>Pedro Castilllo<\/strong>\u2026<\/p>\n<p>\u2026sino que, tambi\u00e9n, trae al dictador isle\u00f1o <strong>Miguel D\u00edaz-Canel<\/strong>, para que sea \u00e9l quien pronuncie la pieza conmemorativa de \u00a1nuestra Independencia!<\/p>\n<p>L\u00f3pez Obrador sigue ahora los pasos de otros de sus pares.<\/p>\n<p>Ni m\u00e1s ni menos que los que ha dado la dupla <strong>Daniel Ortega-Rosario Murillo<\/strong>, quienes ya se han perpetuado en el poder presidencial de Nicaragua, llev\u00e1ndose entre los pies a la tan tra\u00edda y siempre vapuleada democracia.<\/p>\n<p>Ortega y esposa, recuerde usted, acus\u00f3 de \u201ctraici\u00f3n a la Patria\u201d, en febrero de este a\u00f1o, a 94 disidentes \u2014entre ellos el obispo auxiliar de Managua, <strong>Silvio B\u00e1ez<\/strong>\u2014, quienes perdieron \u201csus derechos ciudadanos de forma perpetua\u201d por una decisi\u00f3n judicial tras la cual, evidentemente, estaba \u201cla pareja presidencial\u201d nica.<\/p>\n<p>No s\u00f3lo eso. A esos 94 ciudadanos tambi\u00e9n los despojaron de la nacionalidad nicarag\u00fcense y les confiscaron sus bienes en el pa\u00eds centroamericano. D\u00edas antes, 222 opositores que estaban en la c\u00e1rcel tambi\u00e9n fueron declarados ap\u00e1tridas y deportados a Estados Unidos.<\/p>\n<p>Con el camino desbrozado, no obstante los cuatro a\u00f1os de protestas callejeras reprimidas hasta con tanques y que cobraron la vida de muchos j\u00f3venes, los esposos Ortega y Murillo se mantienen como Presidente y Vicepresidente desde hace ya 16 a\u00f1os.<\/p>\n<p>\u00bfSon esos los pasos que ahora sigue L\u00f3pez Obrador en el caso de la senadora y aspirante a una candidatura presidencial <strong>X\u00f3chitl G\u00e1lvez<\/strong>, a quien, una ma\u00f1ana s\u00ed y otra tambi\u00e9n, ataca con denuedo y pas\u00e1ndose las leyes por en medio de las piernas?<\/p>\n<p>Todo indicar\u00eda que as\u00ed es.<\/p>\n<p>Porque nada hay que lo haga distinto <strong>a Fidel Castro<\/strong>, a <strong>Hugo Ch\u00e1vez<\/strong>, a <strong>Luiz In\u00e1cio Lula da Silva<\/strong>, a <strong>Gustavo Petro<\/strong>, a <strong>Rafael Correa<\/strong>, a los <strong>Kirchner-Fern\u00e1ndez<\/strong>, a Evo Morales \u2026 a los caudillos latinoamericanos del Siglo XXI.<\/p>\n<p>\u00bfNo cree usted?<\/p>\n<p style=\"text-align: center;\"><strong>X\u00f3chitl, \u00bfhorma o piedra en el zapato?<\/strong><\/p>\n<p>Es cierto. AMLO est\u00e1 desesperado, ansioso, paranoico ante el fracaso de su experimento \u201ccorcholatero\u201d y ante la irrupci\u00f3n de una posible candidatura presidencial, encarnada en la senadora G\u00e1lvez, que se oponga exitosamente a quien \u00e9l \u201cdestape\u201d.<\/p>\n<p>Y es que si hasta hace tres semanas se ve\u00eda remota la posibilidad de que sus opositores, constituidos por ahora en Alianza, siquiera hicieran un buen papel en los comicios de junio del pr\u00f3ximo a\u00f1o, hoy la ciudadan\u00eda est\u00e1 animada, apoya a la hidalguense frente a tantos est\u00fapidos e ilegales ataques del tabasque\u00f1o, en tanto ella est\u00e1 abriendo al PAN, PRI y PRD las puertas del Congreso de la Uni\u00f3n que, tambi\u00e9n, hasta hace unas semanas eran apenas una rendija por la cual podr\u00edan pasar s\u00f3lo algunos de sus militantes.<\/p>\n<p>Ya le dije a usted aqu\u00ed hace unos d\u00edas que a AMLO s\u00f3lo le faltaba alentar un proceso de desafuero \u2014como el que \u00e9l sufri\u00f3 durante el foxiato\u2014 en contra de la senadora inc\u00f3moda, pero fue m\u00e1s all\u00e1.<\/p>\n<p>En su matin\u00e9 del viernes divulg\u00f3 documentos fiscales de las empresas de \u201cla se\u00f1ora X\u00f3chitl\u201d, como \u00e9l se refiere a ella, que s\u00f3lo pudieron ser extra\u00eddos del SAT, ahora en manos de uno m\u00e1s de los amigos de su hijo <strong><em>Andy<\/em><\/strong> L\u00f3pez. Y ello, se\u00f1or Presidente, no s\u00f3lo no es digno de un Jefe de Estado, tambi\u00e9n es ilegal y por ello es que la aludida va a demandarlo penalmente.<\/p>\n<p>Porque la senadora respondi\u00f3 de inmediato a aquello de que durante los \u00faltimos nueve a\u00f1os, \u201csus\u201d empresas \u2014ahora dirigidas por el c\u00f3nyuge y la hija de G\u00e1lvez, desde que ella se lanz\u00f3 por la candidatura de la que fuese delegaci\u00f3n Miguel Hidalgo de CDMX\u2014 han facturado mil 400 millones de pesos, lo que evidentemente fue un discurso para la <strong><em>cahiriza,<\/em><\/strong> los <strong><em>Amlovers<\/em><\/strong> y fauna que se le parezca.<\/p>\n<p>V\u00eda Twitter, ella respondi\u00f3 que cuando hiciera uso de su nombre en sus mensajes por esa red le colocara la arroba correspondiente, y adem\u00e1s que AMLO acababa de acometer un \u201cperro oso\u201d.<\/p>\n<p>Explic\u00f3 la legisladora y aspirante presidencial que, con ello, el de Macuspana \u201cdeja evidencia de que est\u00e1 usando todo el aparato de inteligencia para investigarme dolosamente por mi aspiraci\u00f3n. S\u00edgale, no le tengo miedo. No hay nada que ocultar.<\/p>\n<p>\u201cHa violado una serie de leyes y, por ello, proceder\u00e9 legalmente contra usted y quien resulte responsable.<\/p>\n<p>\u201cMe queda claro que ni contar sabe. Eso explica el porqu\u00e9 de los sobrecostos de sus obras. Dijo que mi empresa recibi\u00f3 m\u00e1s de mil 400 millones de pesos y, seg\u00fan su propio documento, no llegan ni a 80.<\/p>\n<p>\u201cConfirma que prefiere las empresas patito de los elevadores del IMSS, los contratos de su prima Felipa, los sobres amarillos de sus hermanos y las casas prestadas a su familia\u201d, concluy\u00f3.<\/p>\n<p>\u00bfEs X\u00f3chitl G\u00e1lvez la horma del calzado de L\u00f3pez Obrador?<\/p>\n<p>\u00bfO una piedra en su zapato?<\/p>\n<p style=\"text-align: center;\"><strong>Indicios<\/strong><\/p>\n<p>Y a prop\u00f3sito de contratos: Circula en redes una imagen, bajo el rubro \u201c\u00bfAhora s\u00ed les importan los contratos\u201d, en la que se enlistan los que diversos cuatroteros han recibido de la fallida administraci\u00f3n AMLO: El monero <strong>Hern\u00e1ndez<\/strong>, 3 millones de pesos en tan s\u00f3lo tres meses; las empresas de X\u00f3chitl G\u00e1lvez, 9 millones en cinco a\u00f1os; las publicaciones <strong><em>Gur\u00fa Pol\u00edtico<\/em><\/strong> y <strong><em>Noticias ZMG<\/em><\/strong>, 18 millones en tres a\u00f1os; los amigos de <strong><em>Andy<\/em><\/strong>, 100 millones en s\u00f3lo un a\u00f1o; el hijo de <strong>Manuel Bartlett<\/strong>, 424 millones en cinco a\u00f1os; <strong>Felipa Obrador<\/strong>, 904 millones en el mismo lapso, y desde 2019 a 2022 el diario <strong><em>La Jornada<\/em><\/strong>, 919 millones de pesos. Unos cuantos entre muchos que este espacio y muchos m\u00e1s no alcanzar\u00edan a enlistar. Son los fieles de la 4T que ya salieron de pobres. \u00bfUsted cu\u00e1ndo? * * * Pues resulta que, seg\u00fan sus \u201cotros datos\u201d L\u00f3pez Obrador ya no s\u00f3lo es \u201cel Presidente m\u00e1s atacado desde la \u00e9poca de Madero\u201d, ahora tambi\u00e9n ya es \u2014datos propios\u2014 el que m\u00e1s demandas judiciales ha recibido en contra, por los diversos delitos \u2014incluso penales\u2014 que todos los d\u00edas comete. Va a tener un \u201cs\u00e9ptimo a\u00f1o de sexenio\u201d muy ajetreado. Y es que a las ya presentadas y las que presentar\u00e1 en breve la senadora G\u00e1lvez, se suma ahora la del diputado de MC <strong>Jorge \u00c1lvarez M\u00e1ynez<\/strong>, por los ataques que desde su matin\u00e9 ha lanzado a candidaturas de la oposici\u00f3n. * * * Primero, un grupo de j\u00f3venes tabasque\u00f1as denunci\u00f3 que <strong>Ad\u00e1n L\u00f3pez<\/strong> no les pag\u00f3 mil 500 pesos por dejarse \u201cacarrear\u201d a uno de sus sosos m\u00edtines. Ahora tambi\u00e9n se sabe que las promotoras de <strong>Claudia Sheinbaum Tambi\u00e9n<\/strong> incumplen con el compromiso que adquieren al subir a camiones a quienes le lanzan porras \u201cde a mentiritas\u201d y con costo, a la ex jefa del gobierno de la capital nacional. * * * Y la Comisi\u00f3n de Quejas del INE cuatrotero, encabezado por la sonorense <strong>Guadalupe Taddei<\/strong>, dio tr\u00e1mite a las quejas de los partidos opositores al Movimiento de un solo hombre por los m\u00edtines, los escandalosos acarreos de personas y concluy\u00f3 recomend\u00e1ndoles, suplic\u00e1ndoles casi de rodillas que, en la medida de lo posible, por favor no vayan a violar la ley. \u00a1El colmo!, \u00bfno cree usted? * * * Disculpe se\u00f1ora <strong>Ernestina Godoy<\/strong>, pero deje de contar sus billetes producto de los \u201ccateos\u201d, s\u00f3lo para que responda: \u00bfYa pag\u00f3 a los polic\u00edas ministeriales de su dependencia el bono trimestral que, desde 2019, les prometi\u00f3 Claudia Sheinbaum? \u00bfSer\u00e1 que se desvi\u00f3 hacia alguna precampa\u00f1a? * * * Por hoy es todo. Le deseo, como siempre, \u00a1buenas gracias y muchos, muchos d\u00edas!<\/p>\n<p><em><u><a href=\"http:\/\/www.indicepolitico.com\" target=\"_blank\" rel=\"noopener noreferrer\">www.indicepolitico.com<\/a><\/u><u><br \/>\n<\/u><a href=\"mailto:indicepolitico@gmail.com\" target=\"_blank\" rel=\"noopener noreferrer\">indicepolitico@gmail.com<\/a><\/em><br \/>\n<em><a href=\"https:\/\/twitter.com\/indicepolitico?lang=es\" target=\"_blank\" rel=\"noopener noreferrer\">@IndicePolitico<\/a><\/em><br \/>\n<em><u><a href=\"https:\/\/twitter.com\/pacorodriguez\" target=\"_blank\" rel=\"noopener noreferrer\">@pacorodriguez<\/a><\/u><\/em><\/p>\n","protected":false},"excerpt":{"rendered":"<p><span style=\"color: #005497;\"><strong>Francisco Rodr\u00edguez<\/strong><\/span><\/p>\n","protected":false},"author":3,"featured_media":0,"comment_status":"open","ping_status":"open","sticky":false,"template":"","format":"standard","meta":{"_monsterinsights_skip_tracking":false,"_monsterinsights_sitenote_active":false,"_monsterinsights_sitenote_note":"","_monsterinsights_sitenote_category":0,"footnotes":""},"categories":[549],"tags":[43689,550,43674],"class_list":["post-590070","post","type-post","status-publish","format-standard","hentry","category-francisco-rodriguez","tag-francisco-rodriguez","tag-indice-politico","tag-opinion"],"_links":{"self":[{"href":"https:\/\/www.diarioimagen.net\/index.php?rest_route=\/wp\/v2\/posts\/590070","targetHints":{"allow":["GET"]}}],"collection":[{"href":"https:\/\/www.diarioimagen.net\/index.php?rest_route=\/wp\/v2\/posts"}],"about":[{"href":"https:\/\/www.diarioimagen.net\/index.php?rest_route=\/wp\/v2\/types\/post"}],"author":[{"embeddable":true,"href":"https:\/\/www.diarioimagen.net\/index.php?rest_route=\/wp\/v2\/users\/3"}],"replies":[{"embeddable":true,"href":"https:\/\/www.diarioimagen.net\/index.php?rest_route=%2Fwp%2Fv2%2Fcomments&post=590070"}],"version-history":[{"count":0,"href":"https:\/\/www.diarioimagen.net\/index.php?rest_route=\/wp\/v2\/posts\/590070\/revisions"}],"wp:attachment":[{"href":"https:\/\/www.diarioimagen.net\/index.php?rest_route=%2Fwp%2Fv2%2Fmedia&parent=590070"}],"wp:term":[{"taxonomy":"category","embeddable":true,"href":"https:\/\/www.diarioimagen.net\/index.php?rest_route=%2Fwp%2Fv2%2Fcategories&post=590070"},{"taxonomy":"post_tag","embeddable":true,"href":"https:\/\/www.diarioimagen.net\/index.php?rest_route=%2Fwp%2Fv2%2Ftags&post=590070"}],"curies":[{"name":"wp","href":"https:\/\/api.w.org\/{rel}","templated":true}]}}