{"id":590100,"date":"2023-07-18T00:02:30","date_gmt":"2023-07-18T06:02:30","guid":{"rendered":"https:\/\/www.diarioimagen.net\/?p=590100"},"modified":"2023-07-19T04:00:38","modified_gmt":"2023-07-19T10:00:38","slug":"estudiantes-uaemex-consiguen-primer-lugar-en-competencia-internacional-de-porrismo","status":"publish","type":"post","link":"https:\/\/www.diarioimagen.net\/?p=590100","title":{"rendered":"Estudiantes UAEM\u00e9x consiguen primer lugar en competencia internacional de porrismo"},"content":{"rendered":"<p>&nbsp;<\/p>\n<div id=\"attachment_590191\" style=\"width: 470px\" class=\"wp-caption aligncenter\"><a href=\"https:\/\/www.diarioimagen.net\/?attachment_id=590191\" rel=\"attachment wp-att-590191\"><img loading=\"lazy\" decoding=\"async\" aria-describedby=\"caption-attachment-590191\" class=\"size-full wp-image-590191\" src=\"https:\/\/www.diarioimagen.net\/wp-content\/uploads\/2023\/07\/uaem-estudiantes.jpg\" alt=\"\" width=\"460\" height=\"270\" \/><\/a><p id=\"caption-attachment-590191\" class=\"wp-caption-text\">Alejandro Lara Gonz\u00e1lez y Fabi\u00e1n Estrada Arroyo forman parte del equipo que representa a la Academia Stars Royalty y que recientemente consigui\u00f3 el primer lugar en The Magical Championship of the World 2023, que se llev\u00f3 a cabo en Puerto Vallarta, Jalisco.<\/p><\/div>\n<p>&nbsp;<\/p>\n<p><strong>Toluca, Estado de M\u00e9xico.\u2014<\/strong> Alejandro Lara Gonz\u00e1lez y Fabi\u00e1n Estrada Arroyo, estudiantes de la Universidad Aut\u00f3noma del Estado de M\u00e9xico (UAEM\u00e9x), tienen como meta com\u00fan formar parte de Team M\u00e9xico, el equipo de porristas representativo de nuestro pa\u00eds.<\/p>\n<p>Ambos forman parte del equipo que representa a la Academia Stars Royalty en competencias nacionales e internacionales y que recientemente consigui\u00f3 el primer lugar en The Magical Championship of the World 2023, que se llev\u00f3 a cabo en Puerto Vallarta.<\/p>\n<p>En la justa internacional, llevada a cabo en el estado de Jalisco, el equipo del cual forman parte los universitarios compiti\u00f3, en la categor\u00eda Grand Spirit COED 3, con representativos de Colombia, Canad\u00e1, Puerto Rico y M\u00e9xico.<\/p>\n<p>Alejandro, estudiante del octavo semestre de Ingenier\u00eda en Pl\u00e1sticos de la Unidad Acad\u00e9mica Profesional Tianguistenco, explic\u00f3 que la competencia estuvo sumamente re\u00f1ida y se consigui\u00f3 el primer lugar apenas por unas d\u00e9cimas.<\/p>\n<p>Por su parte, Fabi\u00e1n, estudiante del octavo semestre de la Licenciatura en Arte Digital de la Facultad de Artes, asever\u00f3 que \u00e9ste fue un gran reto, pero se logr\u00f3 el triunfo. \u201cEstaba muy emocionado, ya que la vibra de los competidores era muy especial, algo que no hab\u00eda visto en M\u00e9xico, donde la pr\u00e1ctica de esta disciplina est\u00e1 cambiando para bien\u201d, afirm\u00f3.<\/p>\n<p>Abund\u00f3 que el porrismo o cheerleading, como se conoce en Estados Unidos, se enfoca en tres aspectos: las cargadas, la gimnasia y el baile, cada uno con su debida importancia.<\/p>\n<p>Adem\u00e1s, detall\u00f3, hay diversas categor\u00edas, determinadas a partir de las edades de los participantes, que van de los tres a\u00f1os en adelante. \u201cPara competencia manejamos rutinas de dos minutos y medio, tiempo en el que tenemos que presentar los elementos del nivel apropiado en gimnasia, baile y cargadas\u201d.<\/p>\n<p>Alejandro indic\u00f3 que, a trav\u00e9s del baile, lleg\u00f3 a este deporte hace a\u00f1o y medio. \u201cProb\u00e9 y me fascin\u00f3, por la adrenalina y las sensaciones que despierta su pr\u00e1ctica, que en s\u00ed misma es muy emocionante, gratificante. Compaginar la escuela y el cheerleading a veces es agobiante, ya que hay que entregar trabajos, hacer tareas, estudiar y dar el 100 en los entrenamientos, adem\u00e1s de comer y dormir bien. Exige mucha disciplina, pero al final es gratificante en muchos sentidos\u201d.<\/p>\n<p>Fabi\u00e1n inici\u00f3 con la pr\u00e1ctica del deporte hace ocho a\u00f1os, cuando realizaba sus estudios de preparatoria. \u201cDesde el primer momento me enamor\u00e9 y en la actualidad cuento, incluso, con certificaciones de coach. Sin duda, combinar el deporte con la escuela no es sencillo, pero siempre hay tiempo, d\u00e1ndole la debida importancia a todo. Adem\u00e1s, siempre cuento con el apoyo de mis profesores\u201d, dijo.<\/p>\n<p>Adem\u00e1s de concluir sus estudios de licenciatura, Alejandro y Fabi\u00e1n tienen como objetivo, en el mediano plazo, integrarse al Team M\u00e9xico y representar a nuestro pa\u00eds en competencias internacionales, aunque saben que para ello requieren una estricta disciplina.<\/p>\n","protected":false},"excerpt":{"rendered":"<p>Alejandro Lara Gonz\u00e1lez y Fabi\u00e1n Estrada Arroyo, estudiantes de la Universidad Aut\u00f3noma del Estado de M\u00e9xico (UAEM\u00e9x), tienen como meta com\u00fan formar parte de Team M\u00e9xico, el equipo de porristas representativo de nuestro pa\u00eds.<\/p>\n","protected":false},"author":3,"featured_media":590191,"comment_status":"open","ping_status":"open","sticky":false,"template":"","format":"standard","meta":{"_monsterinsights_skip_tracking":false,"_monsterinsights_sitenote_active":false,"_monsterinsights_sitenote_note":"","_monsterinsights_sitenote_category":0,"footnotes":""},"categories":[5],"tags":[21382,98010,43675,452],"class_list":["post-590100","post","type-post","status-publish","format-standard","has-post-thumbnail","hentry","category-estado-de-mexico","tag-competencia","tag-consigue","tag-estado-de-mexico","tag-toluca"],"_links":{"self":[{"href":"https:\/\/www.diarioimagen.net\/index.php?rest_route=\/wp\/v2\/posts\/590100","targetHints":{"allow":["GET"]}}],"collection":[{"href":"https:\/\/www.diarioimagen.net\/index.php?rest_route=\/wp\/v2\/posts"}],"about":[{"href":"https:\/\/www.diarioimagen.net\/index.php?rest_route=\/wp\/v2\/types\/post"}],"author":[{"embeddable":true,"href":"https:\/\/www.diarioimagen.net\/index.php?rest_route=\/wp\/v2\/users\/3"}],"replies":[{"embeddable":true,"href":"https:\/\/www.diarioimagen.net\/index.php?rest_route=%2Fwp%2Fv2%2Fcomments&post=590100"}],"version-history":[{"count":0,"href":"https:\/\/www.diarioimagen.net\/index.php?rest_route=\/wp\/v2\/posts\/590100\/revisions"}],"wp:featuredmedia":[{"embeddable":true,"href":"https:\/\/www.diarioimagen.net\/index.php?rest_route=\/wp\/v2\/media\/590191"}],"wp:attachment":[{"href":"https:\/\/www.diarioimagen.net\/index.php?rest_route=%2Fwp%2Fv2%2Fmedia&parent=590100"}],"wp:term":[{"taxonomy":"category","embeddable":true,"href":"https:\/\/www.diarioimagen.net\/index.php?rest_route=%2Fwp%2Fv2%2Fcategories&post=590100"},{"taxonomy":"post_tag","embeddable":true,"href":"https:\/\/www.diarioimagen.net\/index.php?rest_route=%2Fwp%2Fv2%2Ftags&post=590100"}],"curies":[{"name":"wp","href":"https:\/\/api.w.org\/{rel}","templated":true}]}}