{"id":590115,"date":"2023-07-18T00:02:19","date_gmt":"2023-07-18T06:02:19","guid":{"rendered":"https:\/\/www.diarioimagen.net\/?p=590115"},"modified":"2023-07-18T03:16:04","modified_gmt":"2023-07-18T09:16:04","slug":"acusan-a-diputado-de-organizar-protesta-magisterial-que-causo-caos-en-edomex","status":"publish","type":"post","link":"https:\/\/www.diarioimagen.net\/?p=590115","title":{"rendered":"Acusan a diputado de organizar protesta magisterial que caus\u00f3 caos en Edomex"},"content":{"rendered":"<p>&nbsp;<\/p>\n<ul>\n<li><strong><em>Se\u00f1alan a Abraham Saron\u00e9 Campos<\/em><\/strong><\/li>\n<\/ul>\n<p>&nbsp;<\/p>\n<h6>Arturo Baena<\/h6>\n<p>&nbsp;<\/p>\n<div id=\"attachment_590240\" style=\"width: 470px\" class=\"wp-caption aligncenter\"><a href=\"https:\/\/www.diarioimagen.net\/?attachment_id=590240\" rel=\"attachment wp-att-590240\"><img loading=\"lazy\" decoding=\"async\" aria-describedby=\"caption-attachment-590240\" class=\"size-full wp-image-590240\" src=\"https:\/\/www.diarioimagen.net\/wp-content\/uploads\/2023\/07\/acusan-a-diputados.jpg\" alt=\"\" width=\"460\" height=\"270\" \/><\/a><p id=\"caption-attachment-590240\" class=\"wp-caption-text\">Se\u00f1alan a Abraham Saron\u00e9 Campos de estar implicado en la reciente protesta de maestros en Edomex.<\/p><\/div>\n<p>&nbsp;<\/p>\n<p><strong>Valle de M\u00e9xico.\u2014<\/strong> Diversos sectores de la sociedad y Organizaciones no Gubernamentales (ONG) exigieron a las autoridades competentes investigar a Abraham Saron\u00e9 Campos, ex secretario general del Sindicato de Maestros del Estado de M\u00e9xico, por su posible implicaci\u00f3n en el paro que realizaron el pasado 29 de junio que dej\u00f3 p\u00e9rdidas millonarias y el fallecimiento de una persona<\/p>\n<p>\u201cHay que recordar que maestros mexiquenses ocasionaron un caos en las principales carreteras del Estado de M\u00e9xico durante varias horas que desquiciaron el tr\u00e1nsito y generaron p\u00e9rdidas econ\u00f3micas incalculables a millones de mexicanos de diariamente transitan esta parte del pa\u00eds entre del Edomex y la CDMX y que fueron incitados por el ahora diputado de MORENA y eso no puede quedar impune\u201d, dijeron integrantes de la Central Unitaria de Trabajadores (CUT)<\/p>\n<p>Por su parte, l\u00edderes sociales encabezadas por Azucena Reyes, demandaron de la Fiscal\u00eda General de Justicia del Estado de M\u00e9xico (FGJEM) abrir una carpeta de investigaci\u00f3n contra el ex dirigente del magisterio \u201cpara saber qu\u00e9 intereses hubo detr\u00e1s de dichos paros que fueron, supuestamente, convocados por Saron\u00e9 Campos\u201d.<\/p>\n<p>Mientras tanto, l\u00edderes partidistas locales del PRI, PAN y PRD en Naucalpan, Tlalnepantla y Atizap\u00e1n, afirmaron que \u201chacemos un respetuoso llamado al diputado morenista Abraham Saron\u00e9, para que d\u00e9 la cara y explique qu\u00e9 intereses lo llevaron a convocar a una manifestaci\u00f3n de tal magnitud\u201d.<\/p>\n<p>Asimismo, delegados y Copacis del Valle de M\u00e9xico, coincidieron en se\u00f1alar que \u201cla criminalizaci\u00f3n del magisterio disidente en el Estado de M\u00e9xico, entr\u00f3 en una nueva fase: que no puede permitirse y aunque est\u00e1n en su leg\u00edtimo derecho a manifestarse, no se vale qu\u00e9 por intereses de personales o familiares de un s\u00f3lo hombre, se deslegitime a todo el magisterio, por ello el ex dirigente del sindicato de maestros mexiquense, debe ser investigado y en su caso sancionarlo\u201d.<\/p>\n","protected":false},"excerpt":{"rendered":"<p>Diversos sectores de la sociedad y Organizaciones no Gubernamentales (ONG) exigieron a las autoridades competentes investigar a Abraham Saron\u00e9 Campos, ex secretario general del Sindicato de Maestros del Estado de M\u00e9xico, por su posible implicaci\u00f3n en el paro que realizaron el pasado 29 de junio que dej\u00f3 p\u00e9rdidas millonarias y el fallecimiento de una persona<\/p>\n","protected":false},"author":3,"featured_media":590240,"comment_status":"open","ping_status":"open","sticky":false,"template":"","format":"standard","meta":{"_monsterinsights_skip_tracking":false,"_monsterinsights_sitenote_active":false,"_monsterinsights_sitenote_note":"","_monsterinsights_sitenote_category":0,"footnotes":""},"categories":[5],"tags":[48610,68,95901],"class_list":["post-590115","post","type-post","status-publish","format-standard","has-post-thumbnail","hentry","category-estado-de-mexico","tag-casos","tag-edomex","tag-magisterial"],"_links":{"self":[{"href":"https:\/\/www.diarioimagen.net\/index.php?rest_route=\/wp\/v2\/posts\/590115","targetHints":{"allow":["GET"]}}],"collection":[{"href":"https:\/\/www.diarioimagen.net\/index.php?rest_route=\/wp\/v2\/posts"}],"about":[{"href":"https:\/\/www.diarioimagen.net\/index.php?rest_route=\/wp\/v2\/types\/post"}],"author":[{"embeddable":true,"href":"https:\/\/www.diarioimagen.net\/index.php?rest_route=\/wp\/v2\/users\/3"}],"replies":[{"embeddable":true,"href":"https:\/\/www.diarioimagen.net\/index.php?rest_route=%2Fwp%2Fv2%2Fcomments&post=590115"}],"version-history":[{"count":0,"href":"https:\/\/www.diarioimagen.net\/index.php?rest_route=\/wp\/v2\/posts\/590115\/revisions"}],"wp:featuredmedia":[{"embeddable":true,"href":"https:\/\/www.diarioimagen.net\/index.php?rest_route=\/wp\/v2\/media\/590240"}],"wp:attachment":[{"href":"https:\/\/www.diarioimagen.net\/index.php?rest_route=%2Fwp%2Fv2%2Fmedia&parent=590115"}],"wp:term":[{"taxonomy":"category","embeddable":true,"href":"https:\/\/www.diarioimagen.net\/index.php?rest_route=%2Fwp%2Fv2%2Fcategories&post=590115"},{"taxonomy":"post_tag","embeddable":true,"href":"https:\/\/www.diarioimagen.net\/index.php?rest_route=%2Fwp%2Fv2%2Ftags&post=590115"}],"curies":[{"name":"wp","href":"https:\/\/api.w.org\/{rel}","templated":true}]}}