{"id":590161,"date":"2023-07-18T00:03:24","date_gmt":"2023-07-18T06:03:24","guid":{"rendered":"https:\/\/www.diarioimagen.net\/?p=590161"},"modified":"2023-07-19T04:34:24","modified_gmt":"2023-07-19T10:34:24","slug":"mexico-salpica-sangre-obispo-de-cuernavaca","status":"publish","type":"post","link":"https:\/\/www.diarioimagen.net\/?p=590161","title":{"rendered":"M\u00e9xico salpica sangre: obispo de Cuernavaca"},"content":{"rendered":"<h2>Espacio Electoral<\/h2>\n<h5>Eleazar Flores<\/h5>\n<p>&nbsp;<\/p>\n<p><strong>\u00bfY LAS AUTORIDADES DE SEGURIDAD?-.<\/strong> En su novena caminata por la paz celebrada en Cuernavaca el pasado fin de semana, el obispo de esta di\u00f3cesis, Ram\u00f3n Castro Castro, dijo en su homil\u00eda que \u201cM\u00e9xico est\u00e1 salpicado de sangre por todos lados, por los altos \u00edndices de violencia\u201d.<\/p>\n<p>El prelado fue m\u00e1s all\u00e1 al advertir que \u201clos grupos delincuenciales ya se preparan para influir en las elecciones presidenciales de 2024, obligando a las poblaciones a votar por aquellos con los cuales ya est\u00e1 haciendo pactos\u201d. Qu\u00e9 delicado y se supone que no habla de memoria.<\/p>\n<p>Y abund\u00f3 el presidente de la Confederaci\u00f3n del Episcopado Mexicano, Castro Castro, cuando dijo que \u201ccuriosamente todas lo saben incluyendo las autoridades de seguridad,\u00a0 que parecen ausentes o que est\u00e1n rebasadas. Todav\u00eda m\u00e1s delicado.<\/p>\n<p>Esta apreciaci\u00f3n es de lo m\u00e1s preocupante que usted pueda imaginarse, pero parece ser que quienes tienen OTROS DATOS toda va REQUETEBI\u00c9N, aumentando esta \u00f3ptica para la poblaci\u00f3n que es la que recorre calles en los medio urbanos o rural, enter\u00e1ndose que hubo bloqueos de grupos delincuenciales para asaltar a uniformados federales, estatales o municipales y\u2026<\/p>\n<p>Curiosamente la denuncia del obispo de Cuernavaca Ram\u00f3n Castro tuvo muy poca atenci\u00f3n medi\u00e1tica nacional, si acaso destacada por el diario <em>unom\u00e1suno<\/em> llev\u00e1ndola como nota principal y el \u201cT\u00cdCHER\u201d Joaqu\u00edn L\u00f3pez-D\u00f3riga en las distintas plataformas que dirige o participa, empezando por su noticiero vespertino de Radio F\u00f3rmula. \u00bfSer\u00eda para no hacer enojar a quien usted ya sabe?, \u201cvir\u00edgualo Vargas\u201d.<\/p>\n<p>Incluso algunos diarios, radiodifusoras y hasta noticieros televisivos han disminuido espacios y tiempos de difusi\u00f3n, no forzosamente para criticar acciones de gobierno, justificadas para unos e injustas para otros; sino para estar atentos y publicar las sentidas p\u00e9rdidas de vidas de periodistas que en lo que va del a\u00f1o suman ya siete.<\/p>\n<p><strong>M\u00c1S PERIODISTAS ASESINADOS-.<\/strong> Simult\u00e1neamente a la novena caminata por la paz, celebrada no s\u00f3lo en Cuernavaca sino en otras ciudades m\u00e1s, que tampoco fueron muy difundidas, han sido asesinados dos periodistas m\u00e1s, el \u00faltimo de la semana en Acapulco, Guerrero. El nombre del reportero es Nelson Matus Pe\u00f1a y para variar ninguna autoridad ha tomado en serio investigar.<\/p>\n<p>Lo peor que pudiera pasar al gremio ser\u00eda ver como normal el atentado contra la vida de un periodista, pero al gobierno no le disgustar\u00eda, a cambio de atacar a los \u201cMEDIOS CONSERVADORES\u201d, como califica el jefe del comando guinda a todos quienes escriben contenidos no adversos pero s\u00ed cr\u00edticos al desempe\u00f1o gubernamental.<\/p>\n<p>Equilibrio es lo que falta para todos, sobre todo quienes han escogido la pol\u00edtica como su tarea primordial,\u00a0 y para todos los dem\u00e1s, CRITERIO, tan dif\u00edcil como el SENTIDO COM\u00daN.<\/p>\n<p><em><a href=\"mailto:elefa44@gmail.com\" target=\"_blank\" rel=\"noopener noreferrer\">elefa44@gmail.com<\/a><\/em><\/p>\n","protected":false},"excerpt":{"rendered":"<p><span style=\"color: #005497;\"><strong>Eleazar Flores<\/strong><\/span><\/p>\n","protected":false},"author":3,"featured_media":0,"comment_status":"open","ping_status":"open","sticky":false,"template":"","format":"standard","meta":{"_monsterinsights_skip_tracking":false,"_monsterinsights_sitenote_active":false,"_monsterinsights_sitenote_note":"","_monsterinsights_sitenote_category":0,"footnotes":""},"categories":[81743],"tags":[81744,81776,43674],"class_list":["post-590161","post","type-post","status-publish","format-standard","hentry","category-eleazar-flores","tag-eleazar-flores","tag-espacio-electoral","tag-opinion"],"_links":{"self":[{"href":"https:\/\/www.diarioimagen.net\/index.php?rest_route=\/wp\/v2\/posts\/590161","targetHints":{"allow":["GET"]}}],"collection":[{"href":"https:\/\/www.diarioimagen.net\/index.php?rest_route=\/wp\/v2\/posts"}],"about":[{"href":"https:\/\/www.diarioimagen.net\/index.php?rest_route=\/wp\/v2\/types\/post"}],"author":[{"embeddable":true,"href":"https:\/\/www.diarioimagen.net\/index.php?rest_route=\/wp\/v2\/users\/3"}],"replies":[{"embeddable":true,"href":"https:\/\/www.diarioimagen.net\/index.php?rest_route=%2Fwp%2Fv2%2Fcomments&post=590161"}],"version-history":[{"count":0,"href":"https:\/\/www.diarioimagen.net\/index.php?rest_route=\/wp\/v2\/posts\/590161\/revisions"}],"wp:attachment":[{"href":"https:\/\/www.diarioimagen.net\/index.php?rest_route=%2Fwp%2Fv2%2Fmedia&parent=590161"}],"wp:term":[{"taxonomy":"category","embeddable":true,"href":"https:\/\/www.diarioimagen.net\/index.php?rest_route=%2Fwp%2Fv2%2Fcategories&post=590161"},{"taxonomy":"post_tag","embeddable":true,"href":"https:\/\/www.diarioimagen.net\/index.php?rest_route=%2Fwp%2Fv2%2Ftags&post=590161"}],"curies":[{"name":"wp","href":"https:\/\/api.w.org\/{rel}","templated":true}]}}