{"id":590257,"date":"2023-07-19T00:01:56","date_gmt":"2023-07-19T06:01:56","guid":{"rendered":"https:\/\/www.diarioimagen.net\/?p=590257"},"modified":"2023-07-19T04:04:51","modified_gmt":"2023-07-19T10:04:51","slug":"el-presidente-lopez-obrador-acata-orden-del-ine-que-le-prohibe-hablar-sobre-el-proceso-electoral","status":"publish","type":"post","link":"https:\/\/www.diarioimagen.net\/?p=590257","title":{"rendered":"El presidente L\u00f3pez Obrador acata orden del INE que le proh\u00edbe hablar sobre el proceso electoral\u00a0"},"content":{"rendered":"<p>&nbsp;<\/p>\n<ul>\n<li><em><strong>\u201cPor lo pronto, pausa\u201d<\/strong><\/em><\/li>\n<\/ul>\n<p>&nbsp;<\/p>\n<div id=\"attachment_590315\" style=\"width: 470px\" class=\"wp-caption aligncenter\"><a href=\"https:\/\/www.diarioimagen.net\/?attachment_id=590315\" rel=\"attachment wp-att-590315\"><img loading=\"lazy\" decoding=\"async\" aria-describedby=\"caption-attachment-590315\" class=\"size-full wp-image-590315\" src=\"https:\/\/www.diarioimagen.net\/wp-content\/uploads\/2023\/07\/amlo-6.jpg\" alt=\"\" width=\"460\" height=\"270\" \/><\/a><p id=\"caption-attachment-590315\" class=\"wp-caption-text\">Andr\u00e9s Manuel L\u00f3pez Obrador acat\u00f3 la medida cautelar del Instituto Nacional Electoral que le impide hablar sobre el actual proceso electoral.<\/p><\/div>\n<p>&nbsp;<\/p>\n<p>Luego que el Instituto Nacional Electoral (INE) emitiera medidas que proh\u00edben al titular del Ejecutivo federal hacer menciones sobre el proceso electoral de 2024, el presidente Andr\u00e9s Manuel L\u00f3pez Obrador se\u00f1al\u00f3 que acatar\u00e1 la orden.<\/p>\n<p>\u201cYa no puedo mencionar a las personas. (&#8230;) Vamos a esperarnos, por lo pronto, pausa\u201d, dijo el mandatario federal en su ma\u00f1anera de este martes, tras la queja interpuesta por la senadora X\u00f3chitl G\u00e1lvez, que busca encabezar la candidatura del Frente Amplio por M\u00e9xico, por exhibir nombres y contratos de sus empresas.<\/p>\n<p>\u201cVamos a esperarnos, ayer hable de que iba a acatar bajo protesta, adem\u00e1s de la libertad, me impide informarle al pueblo de que hay un grupo de que est\u00e1 acechando porque quiere regresar al gobierno para robar, para quitarle al pueblo el futuro, que esa es una obligaci\u00f3n que tengo, luchar por la justicia y la democracia.\u00a0 \u00bfC\u00f3mo es que no voy yo a advertirle a la gente que hay una pandilla de rufianes que quieren de nuevo tomar al gobierno para saquear y tener en el abandono a la mayor\u00eda de los mexicanos?, \u00bfPor qu\u00e9 no lo voy a decir?\u201d, cuestion\u00f3 ayer\u00a0\u00a0en Palacio Nacional.<\/p>\n<p>Se\u00f1al\u00f3 que los pronunciamientos contra los aspirantes de la oposici\u00f3n no tienen que ver con el origen, si no con su desempe\u00f1o en la vida pol\u00edtica. \u201cVamos a esperarnos, hay que tenerle confianza a la gente. No es de d\u00f3nde venimos, sino si hemos sido consecuentes en la vida, si hemos actuado con honestidad, eso es lo que el pueblo necesita, gobernantes honestos, no falsarios, no gente hip\u00f3crita, no ambiciosos vulgares, no gente que tiene como Dios al dinero\u201d, critic\u00f3.<\/p>\n<p style=\"text-align: center;\"><strong>AMLO agradece a Biden por posponer<br \/>\nsanciones comerciales por la vaquita marina<\/strong><\/p>\n<p>El presidente L\u00f3pez Obrador agradeci\u00f3 este martes a su hom\u00f3logo estadounidense, Joe Biden, por posponer las sanciones comerciales contra M\u00e9xico por los esfuerzos de conservaci\u00f3n de la vaquita marina y la totoaba, especies en peligro de extinci\u00f3n del Alto Golfo de California, ala vez que defendi\u00f3 la estrategia que ha implementado su administraci\u00f3n en ese sentido. \u201cAgradecer al presidente Biden porque de \u00e9l depend\u00eda que se aplicaran aranceles o medidas contrarias a nuestro comercio, embargos debido a que hab\u00eda una denuncia que supuestamente hablaba de que no se cuidaba a la vaquita marina\u201d, dijo L\u00f3pez Obrador durante su conferencia ma\u00f1anera de este martes desde Palacio Nacional.<\/p>\n<p>El lunes, el presidente Biden dio un plazo de un a\u00f1o para conocer los resultados de las acciones que M\u00e9xico implementa para la protecci\u00f3n de la vaquita marina y la totoaba. Tras lo cual solicitar\u00e1 un informe en julio de 2024 a sus departamentos de Estado, Comercio e Interior para determinar posibles sanciones. Sin hacer menci\u00f3n de este plazo de un a\u00f1o, que llegar\u00eda en sus \u00faltimos meses de Gobierno, L\u00f3pez Obrador agradeci\u00f3 la decisi\u00f3n comunicada por la Casa Blanca. Limit\u00e1ndose a exponer que \u201cel presidente Biden ayer resolvi\u00f3 no implementar ninguna medida en contra de M\u00e9xico porque, entre otras cosas, se est\u00e1 cuidando a la vaquita marina\u201d.<\/p>\n<p>Ante esto, el primer mandatario argument\u00f3 que su administraci\u00f3n s\u00ed lleva a cabo programas para proteger a estas especies en peligro de extinci\u00f3n. Destacando que la Secretar\u00eda de Marina (Semar), junto con otras dependencias del Gobierno federal, resguarda el mar de Cort\u00e9z para evitar la pesca ilegal.<\/p>\n<p>En ese sentido, L\u00f3pez Obrador insisti\u00f3 en que hay constancia de que se est\u00e1 resguardando a la vaquita marina. Incluso argumentando que, en fechas recientes, se han registrado casos de que estos animales se est\u00e1n reproduciendo. Si bien sus espec\u00edmenes no han incrementado lo suficiente como para salir del listado de especies amenazadas.<\/p>\n<p style=\"text-align: center;\"><strong>Confirma AMLO que viajar\u00e1 a Colombia y Chile en septiembre<\/strong><\/p>\n<p>En otro tema, el mandatario federal confirm\u00f3 que el 8 y el 9 de septiembre pr\u00f3ximo viajar\u00e1 a Colombia y que el 10 y el 11 de ese mismo mes ir\u00e1 a Chile.<\/p>\n<p>A\u00f1adi\u00f3 que en Colombia, donde est\u00e1 previsto que se re\u00fana con su hom\u00f3logo Gustavo Petro, abordar\u00e1 las estrategias de cooperaci\u00f3n para enfrentar al crimen organizado y la violencia.<\/p>\n<p>\u201cUno de los temas a tratar es la cooperaci\u00f3n para enfrentar el problema del narcotr\u00e1fico y tambi\u00e9n la aplicaci\u00f3n de programas para el bienestar, porque hay que atender las causas de la violencia\u201d, afirm\u00f3.Cuestionado sobre la eficacia de estrategias de seguridad implementadas en el pasado como el Plan Colombia o la Iniciativa M\u00e9rida, L\u00f3pez Obrador asegur\u00f3 que \u201ccada vez que aplican esos planes,se violan derechos humanos, porque son licencias para rematar heridos, masacres, torturas, todo eso no resuelve, porque no se puede enfrentar el mal con el mal, la paz es producto de la justicia\u201d.<\/p>\n<p>L\u00f3pez Obrador ha informado en distintos momentos que estar\u00e1 en Chile, donde se reunir\u00e1 con el presidente Gabriel Boric y participar\u00e1 en las ceremonias de conmemoraci\u00f3n del 50 aniversario del golpe de Estado contra el gobierno de Salvador Allende.<\/p>\n<p>Tambi\u00e9n ha se\u00f1alado que su gira podr\u00eda incluir visitas a Brasil y Argentina, pero no lo ha confirmado.<\/p>\n","protected":false},"excerpt":{"rendered":"<p>Luego que el Instituto Nacional Electoral (INE) emitiera medidas que proh\u00edben al titular del Ejecutivo federal hacer menciones sobre el proceso electoral de 2024, el presidente Andr\u00e9s Manuel L\u00f3pez Obrador se\u00f1al\u00f3 que acatar\u00e1 la orden.<\/p>\n","protected":false},"author":3,"featured_media":590315,"comment_status":"open","ping_status":"open","sticky":false,"template":"","format":"standard","meta":{"_monsterinsights_skip_tracking":false,"_monsterinsights_sitenote_active":false,"_monsterinsights_sitenote_note":"","_monsterinsights_sitenote_category":0,"footnotes":""},"categories":[3],"tags":[2545,1628,2967],"class_list":["post-590257","post","type-post","status-publish","format-standard","has-post-thumbnail","hentry","category-nacional","tag-amlo","tag-proceso-electoral","tag-sanciones"],"_links":{"self":[{"href":"https:\/\/www.diarioimagen.net\/index.php?rest_route=\/wp\/v2\/posts\/590257","targetHints":{"allow":["GET"]}}],"collection":[{"href":"https:\/\/www.diarioimagen.net\/index.php?rest_route=\/wp\/v2\/posts"}],"about":[{"href":"https:\/\/www.diarioimagen.net\/index.php?rest_route=\/wp\/v2\/types\/post"}],"author":[{"embeddable":true,"href":"https:\/\/www.diarioimagen.net\/index.php?rest_route=\/wp\/v2\/users\/3"}],"replies":[{"embeddable":true,"href":"https:\/\/www.diarioimagen.net\/index.php?rest_route=%2Fwp%2Fv2%2Fcomments&post=590257"}],"version-history":[{"count":0,"href":"https:\/\/www.diarioimagen.net\/index.php?rest_route=\/wp\/v2\/posts\/590257\/revisions"}],"wp:featuredmedia":[{"embeddable":true,"href":"https:\/\/www.diarioimagen.net\/index.php?rest_route=\/wp\/v2\/media\/590315"}],"wp:attachment":[{"href":"https:\/\/www.diarioimagen.net\/index.php?rest_route=%2Fwp%2Fv2%2Fmedia&parent=590257"}],"wp:term":[{"taxonomy":"category","embeddable":true,"href":"https:\/\/www.diarioimagen.net\/index.php?rest_route=%2Fwp%2Fv2%2Fcategories&post=590257"},{"taxonomy":"post_tag","embeddable":true,"href":"https:\/\/www.diarioimagen.net\/index.php?rest_route=%2Fwp%2Fv2%2Ftags&post=590257"}],"curies":[{"name":"wp","href":"https:\/\/api.w.org\/{rel}","templated":true}]}}