{"id":590277,"date":"2023-07-19T00:13:25","date_gmt":"2023-07-19T06:13:25","guid":{"rendered":"https:\/\/www.diarioimagen.net\/?p=590277"},"modified":"2023-07-19T04:18:46","modified_gmt":"2023-07-19T10:18:46","slug":"cndh-investiga-caso-de-la-nina-prensada-en-un-hospital-en-playa-del-carmen","status":"publish","type":"post","link":"https:\/\/www.diarioimagen.net\/?p=590277","title":{"rendered":"CNDH investiga caso de la ni\u00f1a prensada en un hospital en Playa del Carmen"},"content":{"rendered":"<p>&nbsp;<\/p>\n<h3 style=\"text-align: center;\">A m\u00e1s de una semana de la tragedia<\/h3>\n<p>&nbsp;<\/p>\n<ul>\n<li><strong><em>Piden informaci\u00f3n al Seguro Social y a la Fiscal\u00eda General del Estado en Quintana Roo<\/em><\/strong><\/li>\n<\/ul>\n<p><strong>\u00a0<\/strong><\/p>\n<div id=\"attachment_590326\" style=\"width: 470px\" class=\"wp-caption aligncenter\"><a href=\"https:\/\/www.diarioimagen.net\/?attachment_id=590326\" rel=\"attachment wp-att-590326\"><img loading=\"lazy\" decoding=\"async\" aria-describedby=\"caption-attachment-590326\" class=\"size-full wp-image-590326\" src=\"https:\/\/www.diarioimagen.net\/wp-content\/uploads\/2023\/07\/INVESTIGACION01.jpg\" alt=\"\" width=\"460\" height=\"270\" \/><\/a><p id=\"caption-attachment-590326\" class=\"wp-caption-text\">La CNDH inform\u00f3 que desde que se dio a conocer la muerte de una menor en un elevador del IMSS Playa del Carmen; han comenzado con una investigaci\u00f3n.<\/p><\/div>\n<p>&nbsp;<\/p>\n<p><strong>Playa del Carmen.\u2014<\/strong> La Comisi\u00f3n Nacional de los Derechos Humanos (CNDH) dio a conocer que, desde que se dio a conocer la muerte de una menor de 6 a\u00f1os identificada como Aitana en un elevador del Hospital General de Zona n\u00famero 18 en Playa del Carmen, el personal de este organismo p\u00fablico ha comenzado con una investigaci\u00f3n coordinada con otras autoridades para esclarecer lo ocurrido.<\/p>\n<p>De tal manera, que la coordinaci\u00f3n se ha dado con el prop\u00f3sito de brindar el apoyo necesario a los familiares de la menor fallecida, quien fue prensada por uno de los elevadores del hospital que no funcionaba correctamente.<\/p>\n<p>Tambi\u00e9n se inform\u00f3 que la CNDH inici\u00f3 los trabajos de investigaci\u00f3n y documentaci\u00f3n del caso, por lo que solicit\u00f3 informaci\u00f3n a la Direcci\u00f3n de Derechos Humanos de la Fiscal\u00eda General del Estado de Quintana Roo (FGE) a efecto de indagar respecto a las carpetas iniciadas en el fuero com\u00fan.\u00a0 Del mismo modo, mantendr\u00e1 comunicaci\u00f3n con la FGE para continuar con el proceso de investigaci\u00f3n y se han enviado solicitudes de informaci\u00f3n tanto a la Coordinaci\u00f3n de Atenci\u00f3n a Quejas y Casos Especiales en el IMSS, como al director general de ese instituto en el estado.<\/p>\n<p>La Comisi\u00f3n asegur\u00f3 que se mantendr\u00e1 atenta a la actuaci\u00f3n de las autoridades involucradas y realizar\u00e1 todas las labores para las que est\u00e1 legalmente facultada hasta la conclusi\u00f3n del expediente que tiene en su poder.<\/p>\n<p>De acuerdo con las primeras investigaciones, el IMSS inform\u00f3 a la empresa encargada de dar mantenimiento al elevador que no estaba funcionando. Sin embargo, a pesar de que fueron a revisarlo, no lo arreglaron ni dejaron se\u00f1alamientos de que no se pod\u00eda utilizar.<\/p>\n<p>Por su parte, el presidente Andr\u00e9s Manuel L\u00f3pez Obrador asegur\u00f3 que se va a revisar todo lo relacionado a la operaci\u00f3n y mantenimiento de los elevadores del IMSS. La semana pasada, una menor de edad muri\u00f3 prensada por las puertas de un elevador tras una falla mec\u00e1nica del mismo en el Hospital General de Zona 18 del Instituto Mexicano del Seguro Social (IMSS) en Playa del Carmen.<\/p>\n","protected":false},"excerpt":{"rendered":"<p>La Comisi\u00f3n Nacional de los Derechos Humanos (CNDH) dio a conocer que, desde que se dio a conocer la muerte de una menor de 6 a\u00f1os identificada como Aitana en un elevador del Hospital General de Zona n\u00famero 18 en Playa del Carmen, el personal de este organismo p\u00fablico ha comenzado con una investigaci\u00f3n coordinada con otras autoridades para esclarecer lo ocurrido.<\/p>\n","protected":false},"author":3,"featured_media":590326,"comment_status":"open","ping_status":"open","sticky":false,"template":"","format":"standard","meta":{"_monsterinsights_skip_tracking":false,"_monsterinsights_sitenote_active":false,"_monsterinsights_sitenote_note":"","_monsterinsights_sitenote_category":0,"footnotes":""},"categories":[17,877],"tags":[1630,12935,2771,98254],"class_list":["post-590277","post","type-post","status-publish","format-standard","has-post-thumbnail","hentry","category-especiales","category-salud","tag-cndh","tag-menor","tag-playa-del-carmen","tag-prensada"],"_links":{"self":[{"href":"https:\/\/www.diarioimagen.net\/index.php?rest_route=\/wp\/v2\/posts\/590277","targetHints":{"allow":["GET"]}}],"collection":[{"href":"https:\/\/www.diarioimagen.net\/index.php?rest_route=\/wp\/v2\/posts"}],"about":[{"href":"https:\/\/www.diarioimagen.net\/index.php?rest_route=\/wp\/v2\/types\/post"}],"author":[{"embeddable":true,"href":"https:\/\/www.diarioimagen.net\/index.php?rest_route=\/wp\/v2\/users\/3"}],"replies":[{"embeddable":true,"href":"https:\/\/www.diarioimagen.net\/index.php?rest_route=%2Fwp%2Fv2%2Fcomments&post=590277"}],"version-history":[{"count":0,"href":"https:\/\/www.diarioimagen.net\/index.php?rest_route=\/wp\/v2\/posts\/590277\/revisions"}],"wp:featuredmedia":[{"embeddable":true,"href":"https:\/\/www.diarioimagen.net\/index.php?rest_route=\/wp\/v2\/media\/590326"}],"wp:attachment":[{"href":"https:\/\/www.diarioimagen.net\/index.php?rest_route=%2Fwp%2Fv2%2Fmedia&parent=590277"}],"wp:term":[{"taxonomy":"category","embeddable":true,"href":"https:\/\/www.diarioimagen.net\/index.php?rest_route=%2Fwp%2Fv2%2Fcategories&post=590277"},{"taxonomy":"post_tag","embeddable":true,"href":"https:\/\/www.diarioimagen.net\/index.php?rest_route=%2Fwp%2Fv2%2Ftags&post=590277"}],"curies":[{"name":"wp","href":"https:\/\/api.w.org\/{rel}","templated":true}]}}