{"id":590372,"date":"2023-07-20T00:01:10","date_gmt":"2023-07-20T06:01:10","guid":{"rendered":"https:\/\/www.diarioimagen.net\/?p=590372"},"modified":"2023-07-21T00:18:55","modified_gmt":"2023-07-21T06:18:55","slug":"se-pronuncia-pjcdmx-por-mantener-en-poderes-judiciales-la-justicia-alternativa","status":"publish","type":"post","link":"https:\/\/www.diarioimagen.net\/?p=590372","title":{"rendered":"Se pronuncia PJCDMX por mantener en poderes judiciales la justicia alternativa"},"content":{"rendered":"<p>&nbsp;<\/p>\n<ul>\n<li><strong><em>As\u00ed lo sostiene el \u00f3rgano judicial capitalino en el marco de los foros organizados por el Senado como parte del proceso para construir la iniciativa de la Ley General de Mecanismos Alternativos de Soluci\u00f3n de Controversias<\/em><\/strong><\/li>\n<li><strong><em>El eventual Centro Nacional de Justicia Alternativa debe ser parte del Poder Judicial y el registro y certificaci\u00f3n de los mediadores privados debe estar <\/em><\/strong><br \/>\n<strong><em>en el mismo \u00e1mbito de los poderes judiciales<\/em><\/strong><\/li>\n<\/ul>\n<p>&nbsp;<\/p>\n<div id=\"attachment_590467\" style=\"width: 470px\" class=\"wp-caption aligncenter\"><a href=\"https:\/\/www.diarioimagen.net\/?attachment_id=590467\" rel=\"attachment wp-att-590467\"><img loading=\"lazy\" decoding=\"async\" aria-describedby=\"caption-attachment-590467\" class=\"wp-image-590467 size-full\" src=\"https:\/\/www.diarioimagen.net\/wp-content\/uploads\/2023\/07\/tribunal-7.jpg\" alt=\"\" width=\"460\" height=\"270\" \/><\/a><p id=\"caption-attachment-590467\" class=\"wp-caption-text\">En el marco de los foros organizados por el Senado de la Rep\u00fablica como parte del proceso para construir la citada legislaci\u00f3n, el \u00f3rgano judicial capitalino ha sostenido que precisamente los mecanismos alternativos forman parte integral de los poderes judiciales, como autoridades que imparten y administran justicia.<\/p><\/div>\n<p>&nbsp;<\/p>\n<p>El Poder Judicial de la Ciudad de M\u00e9xico (PJCDMX), que encabeza el magistrado Rafael Guerra \u00c1lvarez, se manifiesta a favor de que en la iniciativa de la Ley General de Mecanismos Alternativos de Soluci\u00f3n de Controversias, el eventual Centro Nacional de Justicia Alternativa sea parte del Poder Judicial, acorde a lo que estipula el art\u00edculo 17 constitucional, en el sentido de que la justicia es administrada por los tribunales y que se deber\u00e1 privilegiar la soluci\u00f3n de los conflictos por encima de formalismos procedimentales.<\/p>\n<p>En el marco de los foros organizados por el Senado de la Rep\u00fablica como parte del proceso para construir la citada legislaci\u00f3n, el \u00f3rgano judicial capitalino ha sostenido que precisamente los mecanismos alternativos forman parte integral de los poderes judiciales, como autoridades que imparten y administran justicia.<\/p>\n<p>Contra algunas posturas en esa discusi\u00f3n que plantean sacar del \u00e1mbito judicial algunos aspectos como la certificaci\u00f3n de mediadores privados para trasladarlos a entes del Ejecutivo, el PJCDMX enfatiza que los mecanismos alternativos de soluci\u00f3n de controversias, de acuerdo a la Constituci\u00f3n, recaen en el poder judicial, de ah\u00ed que desde \u00e9stos surgieron los centros de justicia alternativa.<\/p>\n<p>Esto, con el prop\u00f3sito de administrar y sustanciar los medios alternativos para la atenci\u00f3n de los conflictos de diversa naturaleza, lo que los ha convertido en parte fundamental y privilegiada del sistema integral de justicia en el pa\u00eds.<\/p>\n<p>En ese sentido, el \u00f3rgano judicial capitalino subraya la necesidad de que la Ley General de Medios Alternativos de Soluci\u00f3n de Controversias, que actualmente se formula con la opini\u00f3n de los sectores involucrados, conserve la naturaleza que marca la Constituci\u00f3n, a fin de que, una vez aprobada, aporte al desarrollo de la materia y se evite que la negociaci\u00f3n, mediaci\u00f3n, conciliaci\u00f3n, evaluaci\u00f3n neutral, amigable composici\u00f3n y el arbitraje se corrompan o presten a malas pr\u00e1cticas.<\/p>\n<p>El PJCDMX tambi\u00e9n pugnar\u00e1 porque la funci\u00f3n y actividad de la figura de los mediadores privados sea supervisada y monitoreada por el Centro Nacional de Justicia Alternativa, para que desde ese ente se garantice no s\u00f3lo los altos \u00edndices de competencia, sino verificar la buena pr\u00e1ctica y desarrollo de los medios alternativos de soluci\u00f3n de controversias.<\/p>\n<p>Esto, porque los mediadores p\u00fablicos ejercen una funci\u00f3n p\u00fablica complementaria a la administraci\u00f3n de justicia bajo el esquema de descentralizaci\u00f3n por colaboraci\u00f3n, cuya \u00fanica intenci\u00f3n es la de contar con mayor apoyo para extender los servicios a la poblaci\u00f3n, pero siempre certificados y registrados por los tribunales.<\/p>\n","protected":false},"excerpt":{"rendered":"<p>El Poder Judicial de la Ciudad de M\u00e9xico (PJCDMX), que encabeza el magistrado Rafael Guerra \u00c1lvarez, se manifiesta a favor de que en la iniciativa de la Ley General de Mecanismos Alternativos de Soluci\u00f3n de Controversias, el eventual Centro Nacional de Justicia Alternativa sea parte del Poder Judicial, acorde a lo que estipula el art\u00edculo 17 constitucional, en el sentido de que la justicia es administrada por los tribunales y que se deber\u00e1 privilegiar la soluci\u00f3n de los conflictos por encima de formalismos procedimentales.<\/p>\n","protected":false},"author":3,"featured_media":590467,"comment_status":"open","ping_status":"open","sticky":false,"template":"","format":"standard","meta":{"_monsterinsights_skip_tracking":false,"_monsterinsights_sitenote_active":false,"_monsterinsights_sitenote_note":"","_monsterinsights_sitenote_category":0,"footnotes":""},"categories":[6],"tags":[69298,4696,87379],"class_list":["post-590372","post","type-post","status-publish","format-standard","has-post-thumbnail","hentry","category-cd-de-mexico","tag-alternativa","tag-justicia","tag-pjcdmx"],"_links":{"self":[{"href":"https:\/\/www.diarioimagen.net\/index.php?rest_route=\/wp\/v2\/posts\/590372","targetHints":{"allow":["GET"]}}],"collection":[{"href":"https:\/\/www.diarioimagen.net\/index.php?rest_route=\/wp\/v2\/posts"}],"about":[{"href":"https:\/\/www.diarioimagen.net\/index.php?rest_route=\/wp\/v2\/types\/post"}],"author":[{"embeddable":true,"href":"https:\/\/www.diarioimagen.net\/index.php?rest_route=\/wp\/v2\/users\/3"}],"replies":[{"embeddable":true,"href":"https:\/\/www.diarioimagen.net\/index.php?rest_route=%2Fwp%2Fv2%2Fcomments&post=590372"}],"version-history":[{"count":0,"href":"https:\/\/www.diarioimagen.net\/index.php?rest_route=\/wp\/v2\/posts\/590372\/revisions"}],"wp:featuredmedia":[{"embeddable":true,"href":"https:\/\/www.diarioimagen.net\/index.php?rest_route=\/wp\/v2\/media\/590467"}],"wp:attachment":[{"href":"https:\/\/www.diarioimagen.net\/index.php?rest_route=%2Fwp%2Fv2%2Fmedia&parent=590372"}],"wp:term":[{"taxonomy":"category","embeddable":true,"href":"https:\/\/www.diarioimagen.net\/index.php?rest_route=%2Fwp%2Fv2%2Fcategories&post=590372"},{"taxonomy":"post_tag","embeddable":true,"href":"https:\/\/www.diarioimagen.net\/index.php?rest_route=%2Fwp%2Fv2%2Ftags&post=590372"}],"curies":[{"name":"wp","href":"https:\/\/api.w.org\/{rel}","templated":true}]}}