{"id":590380,"date":"2023-07-20T00:01:05","date_gmt":"2023-07-20T06:01:05","guid":{"rendered":"https:\/\/www.diarioimagen.net\/?p=590380"},"modified":"2023-07-20T01:58:55","modified_gmt":"2023-07-20T07:58:55","slug":"amlo-estrena-seccion-no-lo-dije-yo-en-mananera-para-hablar-del-proceso-electoral","status":"publish","type":"post","link":"https:\/\/www.diarioimagen.net\/?p=590380","title":{"rendered":"AMLO estrena secci\u00f3n \u201cNo lo dije yo\u201d en ma\u00f1anera para hablar del proceso electoral\u00a0"},"content":{"rendered":"<p>&nbsp;<\/p>\n<ul>\n<li><strong><em>Evade medidas del INE<\/em><\/strong><\/li>\n<\/ul>\n<p>&nbsp;<\/p>\n<div id=\"attachment_590474\" style=\"width: 470px\" class=\"wp-caption aligncenter\"><a href=\"https:\/\/www.diarioimagen.net\/?attachment_id=590474\" rel=\"attachment wp-att-590474\"><img loading=\"lazy\" decoding=\"async\" aria-describedby=\"caption-attachment-590474\" class=\"size-full wp-image-590474\" src=\"https:\/\/www.diarioimagen.net\/wp-content\/uploads\/2023\/07\/amlo-7.jpg\" alt=\"\" width=\"460\" height=\"270\" \/><\/a><p id=\"caption-attachment-590474\" class=\"wp-caption-text\">El presidente Andr\u00e9s Manuel L\u00f3pez Obrador abri\u00f3 una nueva secci\u00f3n en su ma\u00f1anera, denominada \u201cNo lo dije yo\u201d, la que aprovech\u00f3 para hacer referencia de X\u00f3chitl G\u00e1lvez.<\/p><\/div>\n<p>&nbsp;<\/p>\n<p>Ante las restricciones del Instituto Nacional Electoral (INE) para hablar sobre proceso electoral, el presidente Andr\u00e9s Manuel L\u00f3pez Obrador abri\u00f3 una nueva secci\u00f3n en su ma\u00f1anera, denominada \u201cNo lo dije yo\u201d, la que aprovech\u00f3 para hacer referencia de X\u00f3chitl G\u00e1lvez, aspirante del PRI, PAN y PRD a la candidatura presidencial Presidencia y as\u00ed evadir medidas.<\/p>\n<p>El titular del Ejecutivo federal inaugur\u00f3 esta secci\u00f3n con una entrevista con el ex presidente Vicente Fox, que fue difundida esta semana. En ella, Fox asegura que se deben desaparecer los programas sociales porque \u201clos huevones no caben en este pa\u00eds\u201d y pide que se restablezcan las pensiones vitalicias para los ex presidentes.<\/p>\n<p>\u201cOjal\u00e1 y X\u00f3chitl (G\u00e1lvez) nos cubra esto, que los huevones no caben en el gobierno, y tampoco en el pa\u00eds ya se acab\u00f3 que est\u00e9n recibiendo programas sociales. \u00a1A trabajar, cabrones!, como dice X\u00f3chitl\u201d, declar\u00f3 Fox.<\/p>\n<p>\u201cINE, IFE, ya me di por notificado, No voy a decirlo yo\u201d, dijo L\u00f3pez Obrador luego de la proyecci\u00f3n del video de la entrevista de Fox y de pedir a su equipo que repitiera la parte en la que el guanajuatense se pronunci\u00f3 en contra de los programas sociales. L\u00f3pez Obrador afirm\u00f3 que lo dicho por Fox \u201ces el meollo del asunto\u201d entre las diferencias entre el gobierno de la 4T y los anteriores, as\u00ed como el centro de la campa\u00f1a medi\u00e1tica en contra de su gesti\u00f3n. \u201cEsto ayuda a comprender el fondo de nuestras diferencias, el por qu\u00e9 somos distintos, c\u00f3mo existen dos corrientes de pensamiento, dos maneras distintas de concebir a M\u00e9xico y al mundo, dos proyectos distintos y contrapuestos de naci\u00f3n. Esto es lo que est\u00e1 en el fondo de todo el debate y qu\u00e9 bueno que haya definiciones, que no haya simulaci\u00f3n\u201d, dijo el jefe del Ejecutivo. Afirm\u00f3 que lo mejor es que \u201ctodos nos definamos, como se define Fox\u201d.<\/p>\n<p>\u201cLo que est\u00e1 mal es la hipocres\u00eda, el decir una cosa y hacer otra, el no ser consecuente\u201d, se\u00f1al\u00f3 y sostuvo que \u201cel finado Fidel Velazquez del PRI dec\u00eda \u201csoy charro y qu\u00e9\u201d, en cambio los del PAN se dan ba\u00f1os de pureza y su verdadera doctrina es la hipocres\u00eda\u201d.<\/p>\n<p>L\u00f3pez Obrador dijo que hay una \u201cguerra medi\u00e1tica\u201d en contra de su gobierno, pero asegur\u00f3 que hoy \u201cse puede hacer periodismo en M\u00e9xico y no hay que irse a Estados Unidos, al menos porque el Estado no persigue a periodistas, no hay represi\u00f3n del Estado hacia la prensa, hay libertad absoluta\u201d.<\/p>\n<p>\u201cPor eso es esta campa\u00f1a, porque a nadie se le molesta o se le amenaza. Se garantiza el derecho a disentir, pero es importante que la gente sepa que estamos enfrentando esta guerra sucia instrumentada por la mayor\u00eda de los medios de comunicaci\u00f3n\u201d.<\/p>\n<p>Asegur\u00f3 que el objetivo de su nueva secci\u00f3n en la ma\u00f1anera \u201ces decirle a la gente: \u201cOjo, mucho ojo, no te dejes enga\u00f1ar, no te dejes manipular, que no logren que te comas diariamente un plato de mentiras\u201d.<\/p>\n<p style=\"text-align: center;\"><strong>Se pronuncia a favor de que se regule<br \/>\nla especulaci\u00f3n inmobiliaria en CDMX<\/strong><\/p>\n<p>En otro tema, el presidente L\u00f3pez Obrador se pronunci\u00f3 porque el gobierno de la Ciudad de M\u00e9xico tome medidas para regular la especulaci\u00f3n inmobiliaria y el crecimiento desordenado de las alcald\u00edas centrales de la Ciudad de M\u00e9xico y llam\u00f3 a que no se permita nunca m\u00e1s que las autoridades incurran en actos de corrupci\u00f3n como los detectados en la alcald\u00eda Benito Ju\u00e1rez, donde se investiga al llamado c\u00e1rtel inmobiliario.<\/p>\n<p>El mandatario federal critic\u00f3 que las autoridades otorgan permisos, pero las constructoras rebasan el n\u00famero de pisos permitidos y es raro que se ordene que estos sean demolidos.<\/p>\n<p>\u201cSe autoriza un edificio de cinco pisos, pero construyen siete, ocho, y luego qu\u00e9 se le hace. Puede haber la orden de echar abajo dos o tres pisos, pero es muy dif\u00edcil, siempre lo que hacen es una multa o se repara el da\u00f1o, pero en lo material, pero imag\u00ednense en lo que tiene que ver con la falta de servicios\u201d, expres\u00f3 al jefe del Ejecutivo.<\/p>\n<p>Pidi\u00f3 \u201cno permitir nunca m\u00e1s eso, que las autoridades trafiquen\u201d con permisos a especuladores inmobiliarios y constructoras.<\/p>\n<p>Record\u00f3 que cuando \u00e9l fue jefe de Gobierno en la capital, emiti\u00f3 un bando para fomentar el desarrollo de unidades habitacionales en las cuatro alcald\u00edas del centro de la Ciudad de M\u00e9xico, pues dijo que a pesar de que en ellas se concentraba la infraestructura urbana y los servicios, estaban perdiendo poblaci\u00f3n.<\/p>\n<p>\u201cYo tengo que ver con eso, confieso que fui corresponsable. Cuando llegu\u00e9 a ser jefe de Gobierno, me encontr\u00e9 precisamente que por la especulaci\u00f3n financiera los desarrolladores constru\u00edan sus unidades delegacionales en las delegaciones de la ciudad donde hab\u00eda terrenos bald\u00edos, o terrenos rurales o inclusive bosques\u201d, dijo, y explic\u00f3 que mientras el crecimiento de la ciudad se dispar\u00f3 en lugares como Iztapalapa, alcald\u00edas como Cuauht\u00e9moc, y Benito Ju\u00e1rez estaban abandonadas y perd\u00edan poblaci\u00f3n.<\/p>\n<p>Subray\u00f3 que como jefe de Gobierno dio prohibi\u00f3 la construcci\u00f3n de unidades habitacionales en 12 alcald\u00edas y dio facilidades para que se erigieran en las cuatro con m\u00e1s infraestructura y menos poblaci\u00f3n. \u201cEntonces se empiezan a dar facilidades, pero se desata la construcci\u00f3n en el centro pero m\u00e1s all\u00e1 de lo necesario. Ahora falta otro bando, pero ya para poner orden\u201d, afirm\u00f3.<\/p>\n<p>Aprovech\u00f3 para hacer un llamado al gobernador de Veracruz, Cuitl\u00e1huac Garc\u00eda, y al Instituto Nacional de Antropolog\u00eda e Historia (INAH) para que no dejen de prestar atenci\u00f3n al caso de la Torre Centro en el puerto de Veracruz, que el presidente L\u00f3pez Obrador ha se\u00f1alado que fue construido con corrupci\u00f3n y que da\u00f1a la imagen del centro veracruzano.<\/p>\n","protected":false},"excerpt":{"rendered":"<p>Ante las restricciones del Instituto Nacional Electoral (INE) para hablar sobre proceso electoral, el presidente Andr\u00e9s Manuel L\u00f3pez Obrador abri\u00f3 una nueva secci\u00f3n en su ma\u00f1anera, denominada \u201cNo lo dije yo\u201d, la que aprovech\u00f3 para hacer referencia de X\u00f3chitl G\u00e1lvez, aspirante del PRI, PAN y PRD a la candidatura presidencial Presidencia y as\u00ed evadir medidas.<\/p>\n","protected":false},"author":3,"featured_media":590474,"comment_status":"open","ping_status":"open","sticky":false,"template":"","format":"standard","meta":{"_monsterinsights_skip_tracking":false,"_monsterinsights_sitenote_active":false,"_monsterinsights_sitenote_note":"","_monsterinsights_sitenote_category":0,"footnotes":""},"categories":[3],"tags":[2545,43673],"class_list":["post-590380","post","type-post","status-publish","format-standard","has-post-thumbnail","hentry","category-nacional","tag-amlo","tag-nacional"],"_links":{"self":[{"href":"https:\/\/www.diarioimagen.net\/index.php?rest_route=\/wp\/v2\/posts\/590380","targetHints":{"allow":["GET"]}}],"collection":[{"href":"https:\/\/www.diarioimagen.net\/index.php?rest_route=\/wp\/v2\/posts"}],"about":[{"href":"https:\/\/www.diarioimagen.net\/index.php?rest_route=\/wp\/v2\/types\/post"}],"author":[{"embeddable":true,"href":"https:\/\/www.diarioimagen.net\/index.php?rest_route=\/wp\/v2\/users\/3"}],"replies":[{"embeddable":true,"href":"https:\/\/www.diarioimagen.net\/index.php?rest_route=%2Fwp%2Fv2%2Fcomments&post=590380"}],"version-history":[{"count":0,"href":"https:\/\/www.diarioimagen.net\/index.php?rest_route=\/wp\/v2\/posts\/590380\/revisions"}],"wp:featuredmedia":[{"embeddable":true,"href":"https:\/\/www.diarioimagen.net\/index.php?rest_route=\/wp\/v2\/media\/590474"}],"wp:attachment":[{"href":"https:\/\/www.diarioimagen.net\/index.php?rest_route=%2Fwp%2Fv2%2Fmedia&parent=590380"}],"wp:term":[{"taxonomy":"category","embeddable":true,"href":"https:\/\/www.diarioimagen.net\/index.php?rest_route=%2Fwp%2Fv2%2Fcategories&post=590380"},{"taxonomy":"post_tag","embeddable":true,"href":"https:\/\/www.diarioimagen.net\/index.php?rest_route=%2Fwp%2Fv2%2Ftags&post=590380"}],"curies":[{"name":"wp","href":"https:\/\/api.w.org\/{rel}","templated":true}]}}