{"id":590385,"date":"2023-07-20T00:01:58","date_gmt":"2023-07-20T06:01:58","guid":{"rendered":"https:\/\/www.diarioimagen.net\/?p=590385"},"modified":"2023-07-20T02:00:58","modified_gmt":"2023-07-20T08:00:58","slug":"linea-12-del-metro-reabrira-totalmente-en-diciembre-marti-batres","status":"publish","type":"post","link":"https:\/\/www.diarioimagen.net\/?p=590385","title":{"rendered":"L\u00ednea 12 del Metro reabrir\u00e1 totalmente en diciembre: Mart\u00ed Batres"},"content":{"rendered":"<p>&nbsp;<\/p>\n<ul>\n<li><em><strong>Contin\u00faan trabajos de reforzamiento e tramo elevado<\/strong><\/em><\/li>\n<\/ul>\n<p>&nbsp;<\/p>\n<p><a href=\"https:\/\/www.diarioimagen.net\/?attachment_id=590479\" rel=\"attachment wp-att-590479\"><img loading=\"lazy\" decoding=\"async\" class=\"aligncenter size-full wp-image-590479\" src=\"https:\/\/www.diarioimagen.net\/wp-content\/uploads\/2023\/07\/LINEA-12.jpg\" alt=\"\" width=\"460\" height=\"270\" \/><\/a><\/p>\n<p>&nbsp;<\/p>\n<p>El jefe de Gobierno de la Ciudad de M\u00e9xico, Mart\u00ed Batres Guadarrama, anunci\u00f3 que la L\u00ednea 12 del Metro ser\u00e1 reabierta en su totalidad en diciembre y\u00a0\u00a0destac\u00f3 que las 14 estaciones que est\u00e1n actualmente en operaci\u00f3n benefician a cerca de 200 mil habitantes de la capital del pa\u00eds.<\/p>\n<p>Luego de que el pasado s\u00e1bado fueron reabiertas 5 estaciones del tramo elevado, el mandatario capitalino detall\u00f3 que en las seis estaciones restantes contin\u00faan los trabajos de reforzamiento del tramo elevado. Agreg\u00f3 que los 16 kil\u00f3metros de recorrido que ya est\u00e1n reabiertos al p\u00fablico implican un recorrido de tan s\u00f3lo 35 minutos, lo que impacta positivamente en la calidad de vida de miles de usuarios.<\/p>\n<p>\u201cEstar\u00e1 lista en diciembre de este a\u00f1o, que se reabre totalmente la l\u00ednea 12 del Metro. Implica un beneficio amplio para la poblaci\u00f3n que vive en los alrededores. Ha sido reforzado por Grupo Carso\u201d, inform\u00f3 durante la conferencia de prensa matutina del presidente Andr\u00e9s Manuel L\u00f3pez Obrador.<\/p>\n<p>Asegur\u00f3 que no s\u00f3lo se trabaja en el reforzamiento del tramo elevado, por donde corren seis estaciones m\u00e1s, pues a lo largo de la avenida Tl\u00e1huac \u201cse hizo un sendero seguro con iluminaci\u00f3n adicional, se realizaron murales y se reforest\u00f3 el camell\u00f3n central, con lo que se suma este espacio a los 900 kil\u00f3metros de sendero seguro que hay en la Ciudad e M\u00e9xico\u201d.<\/p>\n<p>Mientras que por su parte, Jes\u00fas Antonio Esteva, secretario de Obras y Servicios de la Ciudad de M\u00e9xico, indic\u00f3 que la L\u00ednea 12 del Metro consta de 23 kil\u00f3metros de extensi\u00f3n, de los cuales 9.5 kil\u00f3metros son de tramo subterr\u00e1neo, el cual tambi\u00e9n fue rehabilitado, mientras que el tramo elevado es de 13.6 kil\u00f3metros, de los cuales 6.7 kil\u00f3metros corresponde al tramo met\u00e1lico. En este tramo hay 260 claros, los espacios entre columnas, donde se han instalado refuerzos, adem\u00e1s de que se realiz\u00f3 un levantamiento topogr\u00e1fico de alta precisi\u00f3n. Detall\u00f3 que la empresa CICSA, del empresario Carlos Slim, realiz\u00f3 las acciones de rehabilitaci\u00f3n correspondientes.<\/p>\n<p>Luego de las pruebas de carga, el funcionario capitalino, se\u00f1al\u00f3 que se obtuvo una resistencia del doble a la que se ten\u00eda anteriormente, e incluso, \u201csuperior a la que esper\u00e1bamos, pues cada claro tuvo una soluci\u00f3n espec\u00edfica, lo que implic\u00f3 un trabajo de mucha precisi\u00f3n\u201d.<\/p>\n<p>Destac\u00f3 que la L\u00ednea 12 del Metro \u201ces la primera en tener instrumentaci\u00f3n, es decir, equipos que permiten ver las deformaciones y conocer las condiciones de la estructura despu\u00e9s de un sismo\u201d.<\/p>\n","protected":false},"excerpt":{"rendered":"<p>El jefe de Gobierno de la Ciudad de M\u00e9xico, Mart\u00ed Batres Guadarrama, anunci\u00f3 que la L\u00ednea 12 del Metro ser\u00e1 reabierta en su totalidad en diciembre y\u00a0\u00a0destac\u00f3 que las 14 estaciones que est\u00e1n actualmente en operaci\u00f3n benefician a cerca de 200 mil habitantes de la capital del pa\u00eds.<\/p>\n","protected":false},"author":3,"featured_media":590479,"comment_status":"open","ping_status":"open","sticky":false,"template":"","format":"standard","meta":{"_monsterinsights_skip_tracking":false,"_monsterinsights_sitenote_active":false,"_monsterinsights_sitenote_note":"","_monsterinsights_sitenote_category":0,"footnotes":""},"categories":[6],"tags":[8433,98257],"class_list":["post-590385","post","type-post","status-publish","format-standard","has-post-thumbnail","hentry","category-cd-de-mexico","tag-linea-12","tag-marti-batres-guadarram"],"_links":{"self":[{"href":"https:\/\/www.diarioimagen.net\/index.php?rest_route=\/wp\/v2\/posts\/590385","targetHints":{"allow":["GET"]}}],"collection":[{"href":"https:\/\/www.diarioimagen.net\/index.php?rest_route=\/wp\/v2\/posts"}],"about":[{"href":"https:\/\/www.diarioimagen.net\/index.php?rest_route=\/wp\/v2\/types\/post"}],"author":[{"embeddable":true,"href":"https:\/\/www.diarioimagen.net\/index.php?rest_route=\/wp\/v2\/users\/3"}],"replies":[{"embeddable":true,"href":"https:\/\/www.diarioimagen.net\/index.php?rest_route=%2Fwp%2Fv2%2Fcomments&post=590385"}],"version-history":[{"count":0,"href":"https:\/\/www.diarioimagen.net\/index.php?rest_route=\/wp\/v2\/posts\/590385\/revisions"}],"wp:featuredmedia":[{"embeddable":true,"href":"https:\/\/www.diarioimagen.net\/index.php?rest_route=\/wp\/v2\/media\/590479"}],"wp:attachment":[{"href":"https:\/\/www.diarioimagen.net\/index.php?rest_route=%2Fwp%2Fv2%2Fmedia&parent=590385"}],"wp:term":[{"taxonomy":"category","embeddable":true,"href":"https:\/\/www.diarioimagen.net\/index.php?rest_route=%2Fwp%2Fv2%2Fcategories&post=590385"},{"taxonomy":"post_tag","embeddable":true,"href":"https:\/\/www.diarioimagen.net\/index.php?rest_route=%2Fwp%2Fv2%2Ftags&post=590385"}],"curies":[{"name":"wp","href":"https:\/\/api.w.org\/{rel}","templated":true}]}}