{"id":590387,"date":"2023-07-20T00:01:51","date_gmt":"2023-07-20T06:01:51","guid":{"rendered":"https:\/\/www.diarioimagen.net\/?p=590387"},"modified":"2023-07-20T02:04:42","modified_gmt":"2023-07-20T08:04:42","slug":"con-eleccion-de-2024-cambiara-el-rumbo-del-pais-dice-el-diputado-enrique-vargas","status":"publish","type":"post","link":"https:\/\/www.diarioimagen.net\/?p=590387","title":{"rendered":"Con elecci\u00f3n de 2024 cambiar\u00e1 el rumbo del pa\u00eds, dice el diputado Enrique Vargas"},"content":{"rendered":"<p>&nbsp;<\/p>\n<ul>\n<li><em><strong>\u201cSe designar\u00e1 al mejor candidato de la oposici\u00f3n\u201d<\/strong><\/em><\/li>\n<\/ul>\n<p><strong>\u00a0<\/strong><\/p>\n<h6>Arturo Baena<\/h6>\n<p>&nbsp;<\/p>\n<div id=\"attachment_590487\" style=\"width: 470px\" class=\"wp-caption aligncenter\"><a href=\"https:\/\/www.diarioimagen.net\/?attachment_id=590487\" rel=\"attachment wp-att-590487\"><img loading=\"lazy\" decoding=\"async\" aria-describedby=\"caption-attachment-590487\" class=\"size-full wp-image-590487\" src=\"https:\/\/www.diarioimagen.net\/wp-content\/uploads\/2023\/07\/con-eleccion-1.jpg\" alt=\"\" width=\"460\" height=\"270\" \/><\/a><p id=\"caption-attachment-590487\" class=\"wp-caption-text\">Enrique Vargas Del Villar destac\u00f3 que los liderazgos del Frente Amplio por M\u00e9xico saldr\u00e1n en defensa del pa\u00eds y se elegir\u00e1 al mejor candidato que har\u00e1 frente a Morena.<\/p><\/div>\n<p>&nbsp;<\/p>\n<p><strong>Huixquilucan, Estado de M\u00e9xico.\u2014<\/strong> \u201cLo que viene en 2024 es un cambio radical que nadie lo parar\u00e1 a pesar de los \u00faltimos triunfos de Morena en estados del pa\u00eds, excepto Coahuila, los n\u00fameros no son para nada abruptos en favor del partido en el poder\u201d.<\/p>\n<p>Manifest\u00f3 lo anterior el legislador mexiquense, Enrique Vargas Del Villar, luego de destacar que los liderazgos del Frente Amplio por M\u00e9xico saldr\u00e1n en defensa del pa\u00eds y se elegir\u00e1 al mejor candidato que har\u00e1 frente a Morena.<\/p>\n<p>Vargas del Villar lament\u00f3 que Morena siga violando la ley, y que las mal llamadas \u201ccorcholatas\u201d, se agarren de un papel de quienes buscan dar continuidad con la llamada Cuarta Transformaci\u00f3n, que encabeza Andr\u00e9s Manuel L\u00f3pez Obrador.<\/p>\n<p>Se\u00f1al\u00f3 que es muy diferente al cari\u00f1o que se puede tener hacia una persona, pero no as\u00ed la aprobaci\u00f3n que se tiene de su actuar, se refiri\u00f3 al actual gobierno de L\u00f3pez Obrador, quien asegur\u00f3 ya est\u00e1 reprobador en su gobierno y agreg\u00f3 que \u201clo positivo, en referencia a la aprobaci\u00f3n s\u00f3lo del Presidente, no se trasladan a otra persona y que en el 2024 \u00e9l ya no va a estar en la boleta\u201d.<\/p>\n<p>Finalmente, el ex alcalde de Huixquilucan y quien destac\u00f3 por el buen gobierno que encabez\u00f3, se\u00f1al\u00f3 que la gente se cansa de los malos gobiernos.<\/p>\n","protected":false},"excerpt":{"rendered":"<p>\u201cLo que viene en 2024 es un cambio radical que nadie lo parar\u00e1 a pesar de los \u00faltimos triunfos de Morena en estados del pa\u00eds, excepto Coahuila, los n\u00fameros no son para nada abruptos en favor del partido en el poder\u201d.<\/p>\n","protected":false},"author":3,"featured_media":590487,"comment_status":"open","ping_status":"open","sticky":false,"template":"","format":"standard","meta":{"_monsterinsights_skip_tracking":false,"_monsterinsights_sitenote_active":false,"_monsterinsights_sitenote_note":"","_monsterinsights_sitenote_category":0,"footnotes":""},"categories":[5],"tags":[47218,43675,1097],"class_list":["post-590387","post","type-post","status-publish","format-standard","has-post-thumbnail","hentry","category-estado-de-mexico","tag-enrique-vargas-del-villar","tag-estado-de-mexico","tag-huixquilucan"],"_links":{"self":[{"href":"https:\/\/www.diarioimagen.net\/index.php?rest_route=\/wp\/v2\/posts\/590387","targetHints":{"allow":["GET"]}}],"collection":[{"href":"https:\/\/www.diarioimagen.net\/index.php?rest_route=\/wp\/v2\/posts"}],"about":[{"href":"https:\/\/www.diarioimagen.net\/index.php?rest_route=\/wp\/v2\/types\/post"}],"author":[{"embeddable":true,"href":"https:\/\/www.diarioimagen.net\/index.php?rest_route=\/wp\/v2\/users\/3"}],"replies":[{"embeddable":true,"href":"https:\/\/www.diarioimagen.net\/index.php?rest_route=%2Fwp%2Fv2%2Fcomments&post=590387"}],"version-history":[{"count":0,"href":"https:\/\/www.diarioimagen.net\/index.php?rest_route=\/wp\/v2\/posts\/590387\/revisions"}],"wp:featuredmedia":[{"embeddable":true,"href":"https:\/\/www.diarioimagen.net\/index.php?rest_route=\/wp\/v2\/media\/590487"}],"wp:attachment":[{"href":"https:\/\/www.diarioimagen.net\/index.php?rest_route=%2Fwp%2Fv2%2Fmedia&parent=590387"}],"wp:term":[{"taxonomy":"category","embeddable":true,"href":"https:\/\/www.diarioimagen.net\/index.php?rest_route=%2Fwp%2Fv2%2Fcategories&post=590387"},{"taxonomy":"post_tag","embeddable":true,"href":"https:\/\/www.diarioimagen.net\/index.php?rest_route=%2Fwp%2Fv2%2Ftags&post=590387"}],"curies":[{"name":"wp","href":"https:\/\/api.w.org\/{rel}","templated":true}]}}