{"id":590404,"date":"2023-07-20T00:02:30","date_gmt":"2023-07-20T06:02:30","guid":{"rendered":"https:\/\/www.diarioimagen.net\/?p=590404"},"modified":"2023-07-20T02:16:46","modified_gmt":"2023-07-20T08:16:46","slug":"tramo-3-del-tren-maya-registra-95-5-por-ciento-de-via-terminada","status":"publish","type":"post","link":"https:\/\/www.diarioimagen.net\/?p=590404","title":{"rendered":"Tramo 3 del Tren Maya registra\u00a095.5 por ciento de v\u00eda terminada"},"content":{"rendered":"<p>&nbsp;<\/p>\n<h2 style=\"text-align: center;\">Inician las pruebas est\u00e1ticas del primer convoy<\/h2>\n<p>&nbsp;<\/p>\n<ul>\n<li><strong><em>S\u00f3lo restan siete kil\u00f3metros para concluir los 159 que contempla el trazo, reporta Fonatur<\/em><\/strong><\/li>\n<\/ul>\n<p><strong>\u00a0<\/strong><\/p>\n<div id=\"attachment_590508\" style=\"width: 470px\" class=\"wp-caption aligncenter\"><a href=\"https:\/\/www.diarioimagen.net\/?attachment_id=590508\" rel=\"attachment wp-att-590508\"><img loading=\"lazy\" decoding=\"async\" aria-describedby=\"caption-attachment-590508\" class=\"size-full wp-image-590508\" src=\"https:\/\/www.diarioimagen.net\/wp-content\/uploads\/2023\/07\/TREN01-2.jpg\" alt=\"\" width=\"460\" height=\"270\" \/><\/a><p id=\"caption-attachment-590508\" class=\"wp-caption-text\">El tramo 3 del Tren Maya, de Calkin\u00ed, Campeche a Izamal, Yucat\u00e1n, tiene 95.5 por ciento de v\u00eda terminada.<\/p><\/div>\n<p>&nbsp;<\/p>\n<p><strong>Canc\u00fan.\u2014<\/strong> El tramo 3 del Tren Maya, de Calkin\u00ed, Campeche a Izamal, Yucat\u00e1n, tiene 95.5 por ciento de v\u00eda terminada, es decir, s\u00f3lo restan siete kil\u00f3metros para concluir los 159 kil\u00f3metros que contempla el trazo, inform\u00f3 el director general del Fondo Nacional de Fomento al Turismo, Javier May Rodr\u00edguez.<\/p>\n<p>Durante el reporte semanal del proyecto estrat\u00e9gico en el sureste, encabezado por el presidente Andr\u00e9s Manuel L\u00f3pez Obrador, el funcionario detall\u00f3 los porcentajes de desarrollo de paraderos y estaciones que cruzan 15 municipios:<\/p>\n<p>\u00ac Paradero Tixkokob: 78 por ciento<br \/>\n\u00ac Paradero Calkin\u00ed: 75 por ciento<br \/>\n\u00ac Paradero Maxcan\u00fa: 75 por ciento<br \/>\n\u00ac Paradero Um\u00e1n: 44 por ciento<br \/>\n\u00ac Estaci\u00f3n M\u00e9rida: 71 por ciento<br \/>\n\u00ac Estaci\u00f3n Izamal: 60 por ciento<\/p>\n<p>La construcci\u00f3n de tres viaductos reporta 95 por ciento de avance y est\u00e1n finalizadas 150 de 153 obras de drenaje transversal, pasos de fauna e inferiores. Estas obras complementarias han generado 11 mil empleos.<\/p>\n<p>En tanto, los cuatro vagones del primer convoy \u2014fabricado en Ciudad Sahag\u00fan, Hidalgo\u2014 ya fueron ensamblados en el taller y cochera de Canc\u00fan, Quintana Roo, por lo que iniciaron las pruebas est\u00e1ticas que comprenden los sistemas neum\u00e1ticos, control de puertas, calefacci\u00f3n, ventilaci\u00f3n, iluminaci\u00f3n, entre otras acciones, indic\u00f3 el titular de Fonatur, quien reiter\u00f3 que la inauguraci\u00f3n del Tren Maya ser\u00e1 en diciembre de este a\u00f1o.<\/p>\n<p>\u201cIniciar\u00e1 una nueva etapa para el turismo en el pa\u00eds: moderno, sustentable, seguro, con integraci\u00f3n de las comunidades y de los pueblos, con pleno acceso a la grandeza del sureste mexicano\u201d, apunt\u00f3. El director general de Azvindi, Manuel Mu\u00f1ozcano Castro, puntualiz\u00f3 que los trabajos de la empresa constructora se realizan conforme al programa y sin contratiempos a fin de consolidar los compromisos establecidos.<\/p>\n<p>La edificaci\u00f3n de estructuras alcanza un 97 por ciento; los pasos vehiculares, 90 por ciento y los pasos generales est\u00e1n al 100 por ciento. En cuanto a la infraestructura ferroviaria, se ha colocado m\u00e1s del 98 por ciento del balasto, mientras que el 96 por ciento de durmientes ya est\u00e1n instalados. La catenaria, es decir, el sistema de electrificaci\u00f3n del Tren Maya, tiene un desarrollo del 90 por ciento de su instalaci\u00f3n.<\/p>\n<p style=\"text-align: center;\"><strong>INAH destaca participaci\u00f3n comunitaria\u00a0<\/strong><\/p>\n<p>\u00a0El Instituto Nacional de Antropolog\u00eda e Historia (INAH) conserva, a trav\u00e9s del Programa de Mejoramiento de Zonas Arqueol\u00f3gicas (Promeza), ocho sitios pertenecientes a la Ruta Puuc: Oxkintok, Uxmal, Kabah, Sayil, Xlapak, Labn\u00e1, Chacmult\u00fan y Grutas de Lolt\u00fan, as\u00ed como de Dzibilchalt\u00fan, resalt\u00f3 Diego Prieto Hern\u00e1ndez, director general de la dependencia.<\/p>\n<p>\u201cEn Uxmal, hay que destacar la gran participaci\u00f3n comunitaria que hemos logrado tener, particularmente de la comunidad de Santa Elena y otras; una l\u00ednea de trabajo que tenemos es siempre vincular estos antiguos sitios mayas con la participaci\u00f3n, la presencia y la identidad de las comunidades contempor\u00e1neas\u201d, expres\u00f3.<\/p>\n<p>El Promeza ejecuta labores de conservaci\u00f3n e investigaci\u00f3n, se\u00f1al\u00e9tica e infraestructura; simult\u00e1neamente impulsa Centros de Atenci\u00f3n a Visitantes (Catvis) en Dzibilchalt\u00fan y Uxmal, cuyo avance es del 17 por ciento y 2 por ciento, respectivamente.<\/p>\n<p>La construcci\u00f3n del Museo Arqueol\u00f3gico del Puuc en Kabah, Yucat\u00e1n, registra 16 por ciento e incluye nuevos espacios interpretativos; esta obra ser\u00e1 finalizada en julio de 2024. El Museo de Sitio de Dzibilchalt\u00fan se renovar\u00e1 por completo y tendr\u00e1 un nuevo guion cient\u00edfico; el progreso es del 13 por ciento. \u00a0El titular del INAH expuso los resultados de las tareas de recuperaci\u00f3n de bienes culturales y arqueol\u00f3gicos en el tramo 3 del Tren Maya.<\/p>\n","protected":false},"excerpt":{"rendered":"<p>El tramo 3 del Tren Maya, de Calkin\u00ed, Campeche a Izamal, Yucat\u00e1n, tiene 95.5 por ciento de v\u00eda terminada, es decir, s\u00f3lo restan siete kil\u00f3metros para concluir los 159 kil\u00f3metros que contempla el trazo, inform\u00f3 el director general del Fondo Nacional de Fomento al Turismo, Javier May Rodr\u00edguez.<\/p>\n","protected":false},"author":3,"featured_media":590508,"comment_status":"open","ping_status":"open","sticky":false,"template":"","format":"standard","meta":{"_monsterinsights_skip_tracking":false,"_monsterinsights_sitenote_active":false,"_monsterinsights_sitenote_note":"","_monsterinsights_sitenote_category":0,"footnotes":""},"categories":[3],"tags":[2172,97846,98260],"class_list":["post-590404","post","type-post","status-publish","format-standard","has-post-thumbnail","hentry","category-nacional","tag-avance","tag-tramo-3","tag-trenj-maya"],"_links":{"self":[{"href":"https:\/\/www.diarioimagen.net\/index.php?rest_route=\/wp\/v2\/posts\/590404","targetHints":{"allow":["GET"]}}],"collection":[{"href":"https:\/\/www.diarioimagen.net\/index.php?rest_route=\/wp\/v2\/posts"}],"about":[{"href":"https:\/\/www.diarioimagen.net\/index.php?rest_route=\/wp\/v2\/types\/post"}],"author":[{"embeddable":true,"href":"https:\/\/www.diarioimagen.net\/index.php?rest_route=\/wp\/v2\/users\/3"}],"replies":[{"embeddable":true,"href":"https:\/\/www.diarioimagen.net\/index.php?rest_route=%2Fwp%2Fv2%2Fcomments&post=590404"}],"version-history":[{"count":0,"href":"https:\/\/www.diarioimagen.net\/index.php?rest_route=\/wp\/v2\/posts\/590404\/revisions"}],"wp:featuredmedia":[{"embeddable":true,"href":"https:\/\/www.diarioimagen.net\/index.php?rest_route=\/wp\/v2\/media\/590508"}],"wp:attachment":[{"href":"https:\/\/www.diarioimagen.net\/index.php?rest_route=%2Fwp%2Fv2%2Fmedia&parent=590404"}],"wp:term":[{"taxonomy":"category","embeddable":true,"href":"https:\/\/www.diarioimagen.net\/index.php?rest_route=%2Fwp%2Fv2%2Fcategories&post=590404"},{"taxonomy":"post_tag","embeddable":true,"href":"https:\/\/www.diarioimagen.net\/index.php?rest_route=%2Fwp%2Fv2%2Ftags&post=590404"}],"curies":[{"name":"wp","href":"https:\/\/api.w.org\/{rel}","templated":true}]}}