{"id":590518,"date":"2023-07-21T00:02:31","date_gmt":"2023-07-21T06:02:31","guid":{"rendered":"https:\/\/www.diarioimagen.net\/?p=590518"},"modified":"2023-07-24T03:38:30","modified_gmt":"2023-07-24T09:38:30","slug":"se-meten-tres-a-la-sucesion-presidencial-de-mexico","status":"publish","type":"post","link":"https:\/\/www.diarioimagen.net\/?p=590518","title":{"rendered":"Se meten tres a la sucesi\u00f3n presidencial de M\u00e9xico"},"content":{"rendered":"<p>&nbsp;<\/p>\n<h2 style=\"text-align: center;\">Sheinbaum, X\u00f3chitl y Ebrard<\/h2>\n<p>&nbsp;<\/p>\n<ul>\n<li><strong><em>Sorprende mucho que Marcelo, siendo el pol\u00edtico m\u00e1s colmilludo y con m\u00e1s habilidades, est\u00e9 rezagado y no d\u00e9 pie con bola<\/em><\/strong><\/li>\n<\/ul>\n<p>&nbsp;<\/p>\n<h6>Jos\u00e9 Luis Monta\u00f1ez<\/h6>\n<p>&nbsp;<\/p>\n<div id=\"attachment_590584\" style=\"width: 470px\" class=\"wp-caption aligncenter\"><a href=\"https:\/\/www.diarioimagen.net\/?attachment_id=590584\" rel=\"attachment wp-att-590584\"><img loading=\"lazy\" decoding=\"async\" aria-describedby=\"caption-attachment-590584\" class=\"size-full wp-image-590584\" src=\"https:\/\/www.diarioimagen.net\/wp-content\/uploads\/2023\/07\/candidatos.jpg\" alt=\"\" width=\"460\" height=\"270\" \/><\/a><p id=\"caption-attachment-590584\" class=\"wp-caption-text\">Claudia Sheinbaum, X\u00f3chitl G\u00e1lvez y Marcelo Ebrard, en contienda a las elecciones de 2024.<\/p><\/div>\n<p>&nbsp;<\/p>\n<p>Aunque no hay que confirmar mucho en las encuestas, hay que decir que en el \u00faltimo mes la sorpresa dentro de la sucesi\u00f3n presidencial de M\u00e9xico en votaciones ha sido ni m\u00e1s ni menos que X\u00f3chitl G\u00e1lvez y se perfila la senadora panista, quien ha crecido como la espuma.<\/p>\n<p>En Morena, las cosas est\u00e1n muy al rojo vivo y es Claudia Sheinbaum la que encabeza todas las preferencias electorales para ser la candidata de Morena a la Presidencia de la Rep\u00fablica.<\/p>\n<p>Sorprende mucho que Marcelo Ebrard, siendo de todos el pol\u00edtico m\u00e1s colmilludo y con m\u00e1s habilidades, est\u00e9 rezagado y no d\u00e9 pie con bola, pues su cuarto de guerra est\u00e1 fallando y feo; da la impresi\u00f3n que la elecci\u00f3n presidencial de 2024 ser\u00e1 una fotograf\u00eda anunciada de la elecci\u00f3n del Estado de M\u00e9xico donde la morenista Delfina G\u00f3mez gan\u00f3 la gubernatura mexiquense. Y es que Marcelo est\u00e1 haciendo exactamente lo mismo que hizo Alejandra Del Moral. Sus colaboradores se dedican s\u00f3lo a filtrar memes contra Sheinbaum, culp\u00e1ndola de las fallas del Metro de la Ciudad de M\u00e9xico.<\/p>\n<p>Por otro lado, sorprende la frialdad con la que se maneja ahora Claudia Sheinbaum: se ve una mujer aplomada, madura y est\u00e1 trabajando a todo vapor.<\/p>\n<p>Tal parece que la disputa por la Presidencia ser\u00e1 entre dos mujeres. Parece no haber m\u00e1s, Claudia y X\u00f3chitl. \u00bfQui\u00e9n ser\u00e1 la primera Presidenta de M\u00e9xico?<\/p>\n","protected":false},"excerpt":{"rendered":"<p>Aunque no hay que confirmar mucho en las encuestas, hay que decir que en el \u00faltimo mes la sorpresa dentro de la sucesi\u00f3n presidencial de M\u00e9xico en votaciones ha sido ni m\u00e1s ni m\u00e1s ni menos que X\u00f3chitl G\u00e1lvez y se perfila la senadora panista X\u00f3chitl quien ha crecido como la espuma.<\/p>\n","protected":false},"author":3,"featured_media":590584,"comment_status":"open","ping_status":"open","sticky":false,"template":"","format":"standard","meta":{"_monsterinsights_skip_tracking":false,"_monsterinsights_sitenote_active":false,"_monsterinsights_sitenote_note":"","_monsterinsights_sitenote_category":0,"footnotes":""},"categories":[3],"tags":[43673,67991,64983],"class_list":["post-590518","post","type-post","status-publish","format-standard","has-post-thumbnail","hentry","category-nacional","tag-nacional","tag-presidencial","tag-sucesion"],"_links":{"self":[{"href":"https:\/\/www.diarioimagen.net\/index.php?rest_route=\/wp\/v2\/posts\/590518","targetHints":{"allow":["GET"]}}],"collection":[{"href":"https:\/\/www.diarioimagen.net\/index.php?rest_route=\/wp\/v2\/posts"}],"about":[{"href":"https:\/\/www.diarioimagen.net\/index.php?rest_route=\/wp\/v2\/types\/post"}],"author":[{"embeddable":true,"href":"https:\/\/www.diarioimagen.net\/index.php?rest_route=\/wp\/v2\/users\/3"}],"replies":[{"embeddable":true,"href":"https:\/\/www.diarioimagen.net\/index.php?rest_route=%2Fwp%2Fv2%2Fcomments&post=590518"}],"version-history":[{"count":0,"href":"https:\/\/www.diarioimagen.net\/index.php?rest_route=\/wp\/v2\/posts\/590518\/revisions"}],"wp:featuredmedia":[{"embeddable":true,"href":"https:\/\/www.diarioimagen.net\/index.php?rest_route=\/wp\/v2\/media\/590584"}],"wp:attachment":[{"href":"https:\/\/www.diarioimagen.net\/index.php?rest_route=%2Fwp%2Fv2%2Fmedia&parent=590518"}],"wp:term":[{"taxonomy":"category","embeddable":true,"href":"https:\/\/www.diarioimagen.net\/index.php?rest_route=%2Fwp%2Fv2%2Fcategories&post=590518"},{"taxonomy":"post_tag","embeddable":true,"href":"https:\/\/www.diarioimagen.net\/index.php?rest_route=%2Fwp%2Fv2%2Ftags&post=590518"}],"curies":[{"name":"wp","href":"https:\/\/api.w.org\/{rel}","templated":true}]}}