{"id":590528,"date":"2023-07-21T00:01:11","date_gmt":"2023-07-21T06:01:11","guid":{"rendered":"https:\/\/www.diarioimagen.net\/?p=590528"},"modified":"2023-07-24T03:36:22","modified_gmt":"2023-07-24T09:36:22","slug":"busca-el-gobierno-federal-concluir-3-mil-kilometros-de-vias-ferreas-en-este-sexenio","status":"publish","type":"post","link":"https:\/\/www.diarioimagen.net\/?p=590528","title":{"rendered":"Busca el gobierno federal concluir 3 mil kil\u00f3metros de v\u00edas f\u00e9rreas en este sexenio"},"content":{"rendered":"<p>&nbsp;<\/p>\n<h3 style=\"text-align: center;\">Meta de Andr\u00e9s Manuel L\u00f3pez Obrador<\/h3>\n<p>&nbsp;<\/p>\n<ul>\n<li><strong><em>Destacan el Tren Maya, el Trans\u00edstmico, el interurbano M\u00e9xico-Toluca, y suburbano al AIFA<\/em><\/strong><\/li>\n<\/ul>\n<p>&nbsp;<\/p>\n<div id=\"attachment_590578\" style=\"width: 470px\" class=\"wp-caption aligncenter\"><a href=\"https:\/\/www.diarioimagen.net\/?attachment_id=590578\" rel=\"attachment wp-att-590578\"><img loading=\"lazy\" decoding=\"async\" aria-describedby=\"caption-attachment-590578\" class=\"size-full wp-image-590578\" src=\"https:\/\/www.diarioimagen.net\/wp-content\/uploads\/2023\/07\/amlo-8.jpg\" alt=\"\" width=\"460\" height=\"270\" \/><\/a><p id=\"caption-attachment-590578\" class=\"wp-caption-text\">Los cambios en la pol\u00edtica migratoria de Estados Unidos han provocado que cada vez m\u00e1s migrantes indocumentados decidan solicitar refugio y establecerse en M\u00e9xico.<\/p><\/div>\n<p>&nbsp;<\/p>\n<p>El gobierno federal pretende concluir 3 mil kil\u00f3metros de v\u00edas f\u00e9rreas al terminar la actual administraci\u00f3n, como parte de una estrategia de recuperaci\u00f3n similar a la que se instrumenta en Petr\u00f3leos Mexicanos y la Comisi\u00f3n Federal de Electricidad, anunci\u00f3 el presidente Andr\u00e9s Manuel L\u00f3pez Obrador.<\/p>\n<p>Sostuvo que entre las principales obras destacan: Tren Maya, el Trans\u00edstmico, el tren suburbano M\u00e9xico-Toluca, dos nuevas rutas en Jalisco y el tren que conectar\u00e1 la Ciudad de M\u00e9xico con el Aeropuerto Internacional Felipe \u00c1ngeles. \u00a0Durante la conferencia matutina, el secretario de Infraestructura, Comunicaciones y Transportes, Jorge Nu\u00f1o, explic\u00f3 que para este \u00faltimo se tiene ya el derecho de v\u00eda que actualmente se utiliza para trenes de cargas, que deber\u00e1n reubicarse en la misma ruta. Se trata de un proyecto de 42 kil\u00f3metros de los cuales 19 ya est\u00e1n construidos pues conecta actualmente a Buenavista con Cuautitl\u00e1n, por lo que la nueva construcci\u00f3n ser\u00e1 un ramal que contar\u00e1 con 6 nuevas estaciones:<\/p>\n<p>Explic\u00f3 que se invertir\u00e1n 25 mil 800 millones de pesos para permitir que el traslado desde Buenavista hasta el AIFA sea posible en 39 minutos con una capacidad de movilizaci\u00f3n de 719 pasajeros, pues se contar\u00e1 con 10 trenes\u2026 Para lograrlo ser\u00e1 una v\u00eda confinada en donde no podr\u00e1 haber cruces de veh\u00edculos o personas, para lo cual se pretenden construir pasos peatonales y vehiculares. \u00a0Mencion\u00f3 que no solamente se construir\u00e1n los 23 kil\u00f3metros de v\u00eda de pasajeros, sino que con la reubicaci\u00f3n de las v\u00edas de carga ser\u00e1n en realidad 115 kil\u00f3metros.<\/p>\n<p>Por su parte, el director general de Desarrollo Ferroviario Multimodal de la SICT, Manuel G\u00f3mez Parra dijo que los plazos objetivo de avance en la obra son: febrero de 2024 para concluir la obra civil, viaductos ferroviarios y un distribuidor muy importante en Tultepec; en marzo de 2024 la obra electromec\u00e1nica y el periodo de pruebas sera entre abril y junio.<\/p>\n<p><strong>\u00ac\u00ac\u00ac<\/strong><strong>\u00a0<\/strong><\/p>\n<p>Ser pretende concluir 3 mil kil\u00f3metros de v\u00edas f\u00e9rreas al terminar la administraci\u00f3n de Andr\u00e9s Manuel L\u00f3pez Obrador.<\/p>\n","protected":false},"excerpt":{"rendered":"<p>El gobierno federal pretende concluir 3 mil kil\u00f3metros de v\u00edas f\u00e9rreas al terminar la actual administraci\u00f3n, como parte de una estrategia de recuperaci\u00f3n similar a la que se instrumenta en Petr\u00f3leos Mexicanos y la Comisi\u00f3n Federal de Electricidad, anunci\u00f3 el presidente Andr\u00e9s Manuel L\u00f3pez Obrador.<\/p>\n","protected":false},"author":3,"featured_media":590578,"comment_status":"open","ping_status":"open","sticky":false,"template":"","format":"standard","meta":{"_monsterinsights_skip_tracking":false,"_monsterinsights_sitenote_active":false,"_monsterinsights_sitenote_note":"","_monsterinsights_sitenote_category":0,"footnotes":""},"categories":[3],"tags":[138,43673,97927],"class_list":["post-590528","post","type-post","status-publish","format-standard","has-post-thumbnail","hentry","category-nacional","tag-comision-federal-de-electricidad","tag-nacional","tag-vias-ferreas"],"_links":{"self":[{"href":"https:\/\/www.diarioimagen.net\/index.php?rest_route=\/wp\/v2\/posts\/590528","targetHints":{"allow":["GET"]}}],"collection":[{"href":"https:\/\/www.diarioimagen.net\/index.php?rest_route=\/wp\/v2\/posts"}],"about":[{"href":"https:\/\/www.diarioimagen.net\/index.php?rest_route=\/wp\/v2\/types\/post"}],"author":[{"embeddable":true,"href":"https:\/\/www.diarioimagen.net\/index.php?rest_route=\/wp\/v2\/users\/3"}],"replies":[{"embeddable":true,"href":"https:\/\/www.diarioimagen.net\/index.php?rest_route=%2Fwp%2Fv2%2Fcomments&post=590528"}],"version-history":[{"count":0,"href":"https:\/\/www.diarioimagen.net\/index.php?rest_route=\/wp\/v2\/posts\/590528\/revisions"}],"wp:featuredmedia":[{"embeddable":true,"href":"https:\/\/www.diarioimagen.net\/index.php?rest_route=\/wp\/v2\/media\/590578"}],"wp:attachment":[{"href":"https:\/\/www.diarioimagen.net\/index.php?rest_route=%2Fwp%2Fv2%2Fmedia&parent=590528"}],"wp:term":[{"taxonomy":"category","embeddable":true,"href":"https:\/\/www.diarioimagen.net\/index.php?rest_route=%2Fwp%2Fv2%2Fcategories&post=590528"},{"taxonomy":"post_tag","embeddable":true,"href":"https:\/\/www.diarioimagen.net\/index.php?rest_route=%2Fwp%2Fv2%2Ftags&post=590528"}],"curies":[{"name":"wp","href":"https:\/\/api.w.org\/{rel}","templated":true}]}}