{"id":590658,"date":"2023-07-24T00:06:31","date_gmt":"2023-07-24T06:06:31","guid":{"rendered":"https:\/\/www.diarioimagen.net\/?p=590658"},"modified":"2023-07-25T02:09:12","modified_gmt":"2023-07-25T08:09:12","slug":"no-desperdiciemos-la-oportunidad-de-ayudar-a-algun-perro-nadia-ramirez-veterinaria-uaemex","status":"publish","type":"post","link":"https:\/\/www.diarioimagen.net\/?p=590658","title":{"rendered":"No desperdiciemos la oportunidad de ayudar a alg\u00fan perro: Nadia Ram\u00edrez, veterinaria UAEM\u00e9x"},"content":{"rendered":"<p>&nbsp;<\/p>\n<div id=\"attachment_590719\" style=\"width: 470px\" class=\"wp-caption aligncenter\"><a href=\"https:\/\/www.diarioimagen.net\/?attachment_id=590719\" rel=\"attachment wp-att-590719\"><img loading=\"lazy\" decoding=\"async\" aria-describedby=\"caption-attachment-590719\" class=\"size-full wp-image-590719\" src=\"https:\/\/www.diarioimagen.net\/wp-content\/uploads\/2023\/07\/uaem-perro.jpg\" alt=\"\" width=\"460\" height=\"270\" \/><\/a><p id=\"caption-attachment-590719\" class=\"wp-caption-text\">Todos tenemos que participar para cambiar las condiciones actuales en que viven nuestros amigos peludos, dijo la universitaria, en el marco del D\u00eda Mundial del Perro, que se conmemora el 21 de julio.<\/p><\/div>\n<p>&nbsp;<\/p>\n<p><strong>Amecameca, Estado de M\u00e9xico.\u2013<\/strong> M\u00e9xico ocupa el primer lugar de Am\u00e9rica Latina y el tercero a nivel mundial en maltrato animal, lament\u00f3 la acad\u00e9mica de la carrera de Medicina Veterinaria y Zootecnia del Centro Universitario Amecameca de la Universidad Aut\u00f3noma del Estado de M\u00e9xico (UAEM\u00e9x), Nadia Ram\u00edrez Vel\u00e1zquez.<\/p>\n<p>En el marco del D\u00eda Mundial del Perro, que se conmemora el 21 de julio, la universitaria manifest\u00f3 que despu\u00e9s de caminar juntos a trav\u00e9s de la historia, este mam\u00edfero se ha convertido en el compa\u00f1ero por excelencia del ser humano.<\/p>\n<p>\u201cEs un superh\u00e9roe que no utiliza capa ni m\u00e1scara y viene en un mont\u00f3n de tama\u00f1os y colores, con poderes incre\u00edbles, ya que puede escuchar ondas de sonido que son totalmente imperceptibles para el o\u00eddo humano y tiene un olfato miles de veces m\u00e1s sensible que el nuestro\u201d, dijo.<\/p>\n<p>Adem\u00e1s, continu\u00f3, los perros son maestros en la lectura del lenguaje corporal y las micro expresiones, as\u00ed que se dan cuenta inmediatamente cuando alguien siente miedo, enojo, tristeza o felicidad.<\/p>\n<p>Desde el inici\u00f3 de su relaci\u00f3n de compa\u00f1erismo con los humanos, indic\u00f3, los perros pusieron a nuestra disposici\u00f3n y servicio todas sus habilidades, a cambio de una palmadita en la espalda o una galleta.<\/p>\n<p>As\u00ed, refiri\u00f3, han desempe\u00f1ado con gran eficacia tareas como polic\u00edas, rastreadores de personas, rescatistas y rastreadores de sustancias prohibidas; sin embargo, lo m\u00e1s importantes es que son compa\u00f1eros invaluables.<\/p>\n<p>Cuando un perro ve a su compa\u00f1ero humano, su cerebro libera las mismas hormonas que un ni\u00f1o cuando ve a su mam\u00e1. Vive enamorado de \u00e9l y lo \u00fanico que espera es su cari\u00f1o. \u201cA veces lo \u00fanico que hace es sentarse a nuestro lado, escucharnos, mover la cola cuando llegamos a casa y seguirnos a todos lados\u201d, dijo.<\/p>\n<p>Para muchas personas y familias hace las funciones de un amigo, de un hijo o de un hermano. Para algunas personas es su \u00fanica compa\u00f1\u00eda y est\u00e1 a su lado en la abundancia y la escasez, en la paz o en los problemas. El perro se ha encargado de mostrarnos que la lealtad, la incondicionalidad, la confianza, el agradecimiento y la resiliencia son posibles.<\/p>\n<p>Quiz\u00e1s el \u00fanico defecto que tienen los perros consider\u00f3, es que no pueden cuidarse ni defenderse de la maldad del hombre por s\u00ed solos y necesitan de nosotros para tener una vida digna.<\/p>\n<p>La conmemoraci\u00f3n del D\u00eda Mundial del Perro afirm\u00f3, es el pretexto ideal para reflexionar sobre la importancia de dar a nuestros amigos de cuatro patas la mejor vida posible. \u201cTienen una esperanza de vida mucho m\u00e1s corta que la nuestra y merecen que hagamos valer cada momento de su existencia\u201d, consider\u00f3.<\/p>\n<p>Finalmente, Nadia Ram\u00edrez Vel\u00e1zquez invit\u00f3 a la poblaci\u00f3n en general a no desperdiciar la oportunidad de ayudar a alg\u00fan perro. \u201cApoyemos al perro de la cuadra, al que encontremos herido, esterilicemos a uno de la calle, hagamos campa\u00f1as de concientizaci\u00f3n entre los amigos, vecinos y familiares y siempre tengamos presente que los casos de abandono o maltrato no son problema exclusivo de las protectoras de animales, los veterinarios o el gobierno. Son un problema social y, por ende, nos compete a todos. Todos tenemos que participar para cambiar las condiciones actuales en que viven nuestros amigos peludos\u201d, dijo.<\/p>\n","protected":false},"excerpt":{"rendered":"<p>M\u00e9xico ocupa el primer lugar de Am\u00e9rica Latina y el tercero a nivel mundial en maltrato animal, lament\u00f3 la acad\u00e9mica de la carrera de Medicina Veterinaria y Zootecnia del Centro Universitario Amecameca de la Universidad Aut\u00f3noma del Estado de M\u00e9xico (UAEM\u00e9x), Nadia Ram\u00edrez Vel\u00e1zquez.<\/p>\n","protected":false},"author":3,"featured_media":590719,"comment_status":"open","ping_status":"open","sticky":false,"template":"","format":"standard","meta":{"_monsterinsights_skip_tracking":false,"_monsterinsights_sitenote_active":false,"_monsterinsights_sitenote_note":"","_monsterinsights_sitenote_category":0,"footnotes":""},"categories":[5],"tags":[83887,98267,55464,67878],"class_list":["post-590658","post","type-post","status-publish","format-standard","has-post-thumbnail","hentry","category-estado-de-mexico","tag-adopta","tag-nadia-ramirez-velazquez","tag-perro","tag-uaemex"],"_links":{"self":[{"href":"https:\/\/www.diarioimagen.net\/index.php?rest_route=\/wp\/v2\/posts\/590658","targetHints":{"allow":["GET"]}}],"collection":[{"href":"https:\/\/www.diarioimagen.net\/index.php?rest_route=\/wp\/v2\/posts"}],"about":[{"href":"https:\/\/www.diarioimagen.net\/index.php?rest_route=\/wp\/v2\/types\/post"}],"author":[{"embeddable":true,"href":"https:\/\/www.diarioimagen.net\/index.php?rest_route=\/wp\/v2\/users\/3"}],"replies":[{"embeddable":true,"href":"https:\/\/www.diarioimagen.net\/index.php?rest_route=%2Fwp%2Fv2%2Fcomments&post=590658"}],"version-history":[{"count":0,"href":"https:\/\/www.diarioimagen.net\/index.php?rest_route=\/wp\/v2\/posts\/590658\/revisions"}],"wp:featuredmedia":[{"embeddable":true,"href":"https:\/\/www.diarioimagen.net\/index.php?rest_route=\/wp\/v2\/media\/590719"}],"wp:attachment":[{"href":"https:\/\/www.diarioimagen.net\/index.php?rest_route=%2Fwp%2Fv2%2Fmedia&parent=590658"}],"wp:term":[{"taxonomy":"category","embeddable":true,"href":"https:\/\/www.diarioimagen.net\/index.php?rest_route=%2Fwp%2Fv2%2Fcategories&post=590658"},{"taxonomy":"post_tag","embeddable":true,"href":"https:\/\/www.diarioimagen.net\/index.php?rest_route=%2Fwp%2Fv2%2Ftags&post=590658"}],"curies":[{"name":"wp","href":"https:\/\/api.w.org\/{rel}","templated":true}]}}