{"id":590668,"date":"2023-07-24T00:03:18","date_gmt":"2023-07-24T06:03:18","guid":{"rendered":"https:\/\/www.diarioimagen.net\/?p=590668"},"modified":"2023-07-24T04:06:24","modified_gmt":"2023-07-24T10:06:24","slug":"fox-nunca-hara-realidad-sueno-de-que-regrese-pension-vitalicia-adan-augusto","status":"publish","type":"post","link":"https:\/\/www.diarioimagen.net\/?p=590668","title":{"rendered":"Fox nunca har\u00e1 realidad sue\u00f1o de que regrese pensi\u00f3n vitalicia: Ad\u00e1n Augusto"},"content":{"rendered":"<p>&nbsp;<\/p>\n<ul>\n<li><strong><em>Recorrido por Atlacomulco<\/em><\/strong><\/li>\n<\/ul>\n<p>&nbsp;<\/p>\n<h6>Arturo Baena<\/h6>\n<p>&nbsp;<\/p>\n<div id=\"attachment_590737\" style=\"width: 470px\" class=\"wp-caption aligncenter\"><a href=\"https:\/\/www.diarioimagen.net\/?attachment_id=590737\" rel=\"attachment wp-att-590737\"><img loading=\"lazy\" decoding=\"async\" aria-describedby=\"caption-attachment-590737\" class=\"size-full wp-image-590737\" src=\"https:\/\/www.diarioimagen.net\/wp-content\/uploads\/2023\/07\/BAENA2.jpg\" alt=\"\" width=\"460\" height=\"270\" \/><\/a><p id=\"caption-attachment-590737\" class=\"wp-caption-text\">En su recorrido por Atlacomulco, Ad\u00e1n Augusto L\u00f3pez advirti\u00f3 que \u201cni en el m\u00e1s remoto de sus sue\u00f1os, Vicente Fox ver\u00e1 el regreso de su pensi\u00f3n vitalicia.<\/p><\/div>\n<p>&nbsp;<\/p>\n<p><strong>Atlacomulco, Estado de M\u00e9xico.\u2014<\/strong> El aspirante a la Coordinaci\u00f3n Nacional para la Defensa de la Cuarta Transformaci\u00f3n, Ad\u00e1n Augusto L\u00f3pez Hern\u00e1nez, advirti\u00f3 que \u201cni en el m\u00e1s remoto de sus sue\u00f1os, Vicente Fox ver\u00e1 el regreso de la pensi\u00f3n vitalicia para los ex presidentes, y menos a\u00fan su deseo de que desaparezcan los programas sociales, especialmente la pensi\u00f3n universal para los adultos mayores.<\/p>\n<p>Augusto L\u00f3pez destac\u00f3: \u201cFrente a ustedes, le damos respuesta a la chachalaca deslenguada esa, el desvergonzado de Vicente Fox: \u00bfQuieren ustedes que regrese la multimillonaria pensi\u00f3n a los ex presidentes o prefieren la pensi\u00f3n universal para adultos mayores y que estudiemos si se puede bajar de 65 a 63 a\u00f1os?\u201d La respuesta inmediata por parte de los miles de asistentes a la Asamblea Informativa que encabez\u00f3 en este municipio fue de rechazo a Vicente Fox, y al un\u00edsono demandaron preferir la permanencia de la Pensi\u00f3n Universal para los Adultos Mayores, a lo que el tabasque\u00f1o contest\u00f3 con energ\u00eda:<\/p>\n<p>\u201c\u00a1Ustedes mandan! Basta ya de tanto abuso al pueblo. Nosotros somos soldados del pueblo, no del presidente, como era en gobiernos anteriores\u201d.<\/p>\n<p>En esta ciudad, conocida como la capital econ\u00f3mica e industrial del norte del Estado de M\u00e9xico, Ad\u00e1n Augusto L\u00f3pez Hern\u00e1ndez llam\u00f3, por otra parte, a \u201chacer pol\u00edtica entre todos porque la libertad y el respeto se construye con unidad y lealtad; unidad y continuidad para M\u00e9xico, es lo que demanda el pueblo y es lo que se merece\u201d.<\/p>\n<p>L\u00f3pez Hern\u00e1ndez resalt\u00f3 que hoy, con el gobierno del presidente Andr\u00e9s Manuel L\u00f3pez Obrador, en M\u00e9xico hay justicia social, el pa\u00eds es m\u00e1s justo, m\u00e1s libre y se atiende a los desfavorecidos y olvidados de siempre, eso es la Cuarta Transformaci\u00f3n, \u201cen donde ustedes mandan porque la esencia de este movimiento es que el pueblo sabe distinguir entre lo bueno y lo malo, y el bien siempre triunfa sobre el mal\u201d.<\/p>\n","protected":false},"excerpt":{"rendered":"<p>El aspirante a la Coordinaci\u00f3n Nacional para la Defensa de la Cuarta Transformaci\u00f3n, Ad\u00e1n Augusto L\u00f3pez Hern\u00e1nez, advirti\u00f3 que \u201cni en el m\u00e1s remoto de sus sue\u00f1os, Vicente Fox ver\u00e1 el regreso de la pensi\u00f3n vitalicia para los ex presidentes, y menos a\u00fan su deseo de que desaparezcan los programas sociales, especialmente la pensi\u00f3n universal para los adultos mayores.<\/p>\n","protected":false},"author":3,"featured_media":590737,"comment_status":"open","ping_status":"open","sticky":false,"template":"","format":"standard","meta":{"_monsterinsights_skip_tracking":false,"_monsterinsights_sitenote_active":false,"_monsterinsights_sitenote_note":"","_monsterinsights_sitenote_category":0,"footnotes":""},"categories":[5],"tags":[1302,98269,43675],"class_list":["post-590668","post","type-post","status-publish","format-standard","has-post-thumbnail","hentry","category-estado-de-mexico","tag-atlacomulco","tag-coordinacion-nacional-para-la-defensa-de-la-cuarta-transformacion","tag-estado-de-mexico"],"_links":{"self":[{"href":"https:\/\/www.diarioimagen.net\/index.php?rest_route=\/wp\/v2\/posts\/590668","targetHints":{"allow":["GET"]}}],"collection":[{"href":"https:\/\/www.diarioimagen.net\/index.php?rest_route=\/wp\/v2\/posts"}],"about":[{"href":"https:\/\/www.diarioimagen.net\/index.php?rest_route=\/wp\/v2\/types\/post"}],"author":[{"embeddable":true,"href":"https:\/\/www.diarioimagen.net\/index.php?rest_route=\/wp\/v2\/users\/3"}],"replies":[{"embeddable":true,"href":"https:\/\/www.diarioimagen.net\/index.php?rest_route=%2Fwp%2Fv2%2Fcomments&post=590668"}],"version-history":[{"count":0,"href":"https:\/\/www.diarioimagen.net\/index.php?rest_route=\/wp\/v2\/posts\/590668\/revisions"}],"wp:featuredmedia":[{"embeddable":true,"href":"https:\/\/www.diarioimagen.net\/index.php?rest_route=\/wp\/v2\/media\/590737"}],"wp:attachment":[{"href":"https:\/\/www.diarioimagen.net\/index.php?rest_route=%2Fwp%2Fv2%2Fmedia&parent=590668"}],"wp:term":[{"taxonomy":"category","embeddable":true,"href":"https:\/\/www.diarioimagen.net\/index.php?rest_route=%2Fwp%2Fv2%2Fcategories&post=590668"},{"taxonomy":"post_tag","embeddable":true,"href":"https:\/\/www.diarioimagen.net\/index.php?rest_route=%2Fwp%2Fv2%2Ftags&post=590668"}],"curies":[{"name":"wp","href":"https:\/\/api.w.org\/{rel}","templated":true}]}}