{"id":590674,"date":"2023-07-24T00:01:36","date_gmt":"2023-07-24T06:01:36","guid":{"rendered":"https:\/\/www.diarioimagen.net\/?p=590674"},"modified":"2023-07-24T04:07:01","modified_gmt":"2023-07-24T10:07:01","slug":"lideres-de-sitios-de-taxis-pugnan-por-mas-concesiones-ante-la-secretaria-de-movilidad","status":"publish","type":"post","link":"https:\/\/www.diarioimagen.net\/?p=590674","title":{"rendered":"L\u00edderes de sitios de taxis pugnan por m\u00e1s concesiones ante la Secretar\u00eda de Movilidad"},"content":{"rendered":"<p>&nbsp;<\/p>\n<ul>\n<li><em><strong>Pese a la saturaci\u00f3n<\/strong><\/em><\/li>\n<\/ul>\n<p>&nbsp;<\/p>\n<h6>Arturo Baena<\/h6>\n<p>&nbsp;<\/p>\n<div id=\"attachment_590739\" style=\"width: 470px\" class=\"wp-caption aligncenter\"><a href=\"https:\/\/www.diarioimagen.net\/?attachment_id=590739\" rel=\"attachment wp-att-590739\"><img loading=\"lazy\" decoding=\"async\" aria-describedby=\"caption-attachment-590739\" class=\"size-full wp-image-590739\" src=\"https:\/\/www.diarioimagen.net\/wp-content\/uploads\/2023\/07\/baena-lideres-sitios.jpg\" alt=\"\" width=\"460\" height=\"270\" \/><\/a><p id=\"caption-attachment-590739\" class=\"wp-caption-text\">L\u00edderes del transporte p\u00fablico aseguraron que en el municipio de Naucalpan ya no hay m\u00e1s espacios para sitios de taxis.<\/p><\/div>\n<p>&nbsp;<\/p>\n<p><strong>Valle de M\u00e9xico.\u2014<\/strong> Mientras que la gobernadora electa del Estado de M\u00e9xico, Delfina G\u00f3mez, se preocupa por el avance de la obra del Troleb\u00fas Chalco-Santa Martha, que reducir\u00e1 el trayecto de 2 horas a 45 minutos, l\u00edderes de sitios de taxis, sobre todo en Naucalpan, \u201cpelean\u201d por ocupar espacios para aumentar concesiones a trav\u00e9s de la Secretar\u00eda de Movilidad.<\/p>\n<p>En ese sentido, l\u00edderes del transporte p\u00fablico, como Jaime Soberanes, Arturo Parra, entre otros, aseguraron que \u201cpor ejemplo en el municipio de Naucalpan ya no hay m\u00e1s espacios para sitios de taxis, con los que existen, creemos, es m\u00e1s que suficiente\u201d, coincidieron.<\/p>\n<p>Por otra parte, abundaron que \u201cefectivamente, todo mundo tiene el leg\u00edtimo derecho a trabajar, pero hay municipios que ya no cuentan con m\u00e1s espacios para que se les puedan otorgar concesiones o permisos como es el caso de Naucalpan\u201d.<\/p>\n<p>Mientras tanto, Delfina G\u00f3mez, insisti\u00f3 qu\u00e9 con la obra de Chalco se logran cubrir tres necesidades b\u00e1sicas en el Estado de M\u00e9xico: primero, impulsar el desarrollo econ\u00f3mico; segundo, fortalecer la movilidad, que no s\u00f3lo nos permite reducir tiempo, sino que la poblaci\u00f3n cuente con un transporte seguro, de calidad y eficiente; y por \u00faltimo, la conectividad, que sin duda alguna es importante para esta zona oriente del estado\u201d, expres\u00f3.<\/p>\n<p>Y es que, efectivamente, la multicitada, beneficiar\u00e1 a m\u00e1s de 120 mil pasajeros en su etapa inicial, y llegar\u00e1 hasta los 230 mil en su fase de mayor demanda, principalmente de los municipios mexiquenses de Los Reyes, Ixtapaluca, Valle de Chalco y Chalco, as\u00ed como de las alcald\u00edas Iztapalapa y Tl\u00e1huac.<\/p>\n<p>El Troleb\u00fas Chalco-Santa Martha, que formar\u00e1 parte del Sistema Integrado de Transporte en la Zona Oriente del Valle de M\u00e9xico, recorrer\u00e1 una ruta de 18.5 kil\u00f3metros de longitud, constar\u00e1 de 13 estaciones y conectar\u00e1 con la L\u00ednea \u201cA\u201d del Metro, la L\u00ednea 2 del Cableb\u00fas y con la L\u00ednea 10 de Troleb\u00fas Elevado Santa Martha-Constituci\u00f3n de 1917.<\/p>\n","protected":false},"excerpt":{"rendered":"<p>Mientras que la gobernadora electa del Estado de M\u00e9xico, Delfina G\u00f3mez, se preocupa por el avance de la obra del Troleb\u00fas Chalco-Santa Martha, que reducir\u00e1 el trayecto de 2 horas a 45 minutos, l\u00edderes de sitios de taxis, sobre todo en Naucalpan, \u201cpelean\u201d por ocupar espacios para aumentar concesiones a trav\u00e9s de la Secretar\u00eda de Movilidad.<\/p>\n","protected":false},"author":3,"featured_media":590739,"comment_status":"open","ping_status":"open","sticky":false,"template":"","format":"standard","meta":{"_monsterinsights_skip_tracking":false,"_monsterinsights_sitenote_active":false,"_monsterinsights_sitenote_note":"","_monsterinsights_sitenote_category":0,"footnotes":""},"categories":[5],"tags":[78873,38105,34],"class_list":["post-590674","post","type-post","status-publish","format-standard","has-post-thumbnail","hentry","category-estado-de-mexico","tag-concesiones","tag-secretaria-de-movilidad","tag-valle-de-mexico"],"_links":{"self":[{"href":"https:\/\/www.diarioimagen.net\/index.php?rest_route=\/wp\/v2\/posts\/590674","targetHints":{"allow":["GET"]}}],"collection":[{"href":"https:\/\/www.diarioimagen.net\/index.php?rest_route=\/wp\/v2\/posts"}],"about":[{"href":"https:\/\/www.diarioimagen.net\/index.php?rest_route=\/wp\/v2\/types\/post"}],"author":[{"embeddable":true,"href":"https:\/\/www.diarioimagen.net\/index.php?rest_route=\/wp\/v2\/users\/3"}],"replies":[{"embeddable":true,"href":"https:\/\/www.diarioimagen.net\/index.php?rest_route=%2Fwp%2Fv2%2Fcomments&post=590674"}],"version-history":[{"count":0,"href":"https:\/\/www.diarioimagen.net\/index.php?rest_route=\/wp\/v2\/posts\/590674\/revisions"}],"wp:featuredmedia":[{"embeddable":true,"href":"https:\/\/www.diarioimagen.net\/index.php?rest_route=\/wp\/v2\/media\/590739"}],"wp:attachment":[{"href":"https:\/\/www.diarioimagen.net\/index.php?rest_route=%2Fwp%2Fv2%2Fmedia&parent=590674"}],"wp:term":[{"taxonomy":"category","embeddable":true,"href":"https:\/\/www.diarioimagen.net\/index.php?rest_route=%2Fwp%2Fv2%2Fcategories&post=590674"},{"taxonomy":"post_tag","embeddable":true,"href":"https:\/\/www.diarioimagen.net\/index.php?rest_route=%2Fwp%2Fv2%2Ftags&post=590674"}],"curies":[{"name":"wp","href":"https:\/\/api.w.org\/{rel}","templated":true}]}}