{"id":590701,"date":"2023-07-24T00:15:42","date_gmt":"2023-07-24T06:15:42","guid":{"rendered":"https:\/\/www.diarioimagen.net\/?p=590701"},"modified":"2023-07-24T02:12:16","modified_gmt":"2023-07-24T08:12:16","slug":"no-me-ayudes-compadre-2","status":"publish","type":"post","link":"https:\/\/www.diarioimagen.net\/?p=590701","title":{"rendered":"No me ayudes compadre"},"content":{"rendered":"<h2>Por la Derecha..!<\/h2>\n<h5>Luis \u00c1ngel Garc\u00eda<\/h5>\n<p>&nbsp;<\/p>\n<p>El mexicano es de flaca memoria o finge demencia. Nos burlamos de los pol\u00edticos, de los gobernantes por quienes votamos, tal vez como una impotente forma de demostrarles nuestra decepci\u00f3n por incumplir lo ofrecido a cambio de nuestro voto, de reprocharles su traici\u00f3n a las promesas de campa\u00f1a que auguraban un mejor futuro. Pero caemos siempre en el enga\u00f1o de los falsos mes\u00edas.<\/p>\n<p>Ning\u00fan Presidente ha escapado a la mofa popular, a ser protagonista de los chistes que exaltan su torpeza, su ignorancia, su falta de cultura o de habilidad pol\u00edtica, su peque\u00f1ez ideol\u00f3gica, su poca personalidad de estadista o su tontismo. Lo mismo los de antes como los de ahora, el ingenio del mexicano canaliza su frustraci\u00f3n e impotencia ante los yerros gubernamentales que han acabado con el pa\u00eds.<\/p>\n<p>En su momento y todav\u00eda hasta hoy, Pe\u00f1a Nieto era el blanco perfecto, no s\u00f3lo se le reprocha su corrupci\u00f3n, sino su aparente ignorancia e incultura o supuestamente no saber hablar ingl\u00e9s. M\u00e1s mito que realidad, hasta la fecha el mexiquense no se puede quitar la etiqueta de tonto. Pero seguramente habla m\u00e1s ingl\u00e9s que nuestro mandatario y con mayores herramientas acad\u00e9micas y mejor visi\u00f3n de estadista que el tabasque\u00f1o.<\/p>\n<p>Sin embargo, quien se lleva las palmas es Vicente Fox, ranchero pedestre con suerte empresarial que pudo, gracias a la mercadotecnia, llegar a la primera magistratura del pa\u00eds. Ya se nos olvid\u00f3 que, aunque fue directivo de la Coca-Cola, se titul\u00f3 \u2014y nos quejamos del inquilino de Palacio Nacional por tardarse 14 a\u00f1os\u2014, meses antes de asumir la Presidencia de la Rep\u00fablica. Tal vez fue el candidato con menos cualidades para ganar las elecciones \u2014incluso se filtr\u00f3 su perfil psiqui\u00e1trico que lo descalificaba para ocupar el cargo, y no ser\u00eda mala idea exigir la publicitaci\u00f3n de ese estudio como requisito de elegibilidad\u2014, pero sus publicistas supieron explotar su aparente frescura y lo populachero de sus dichos como el \u201choy, hoy, hoy\u201d y fueron unos magos para ocultar sus carencias, aunque no escap\u00f3 del humor del mexicano el botudo.<\/p>\n<p>Tal vez la composici\u00f3n de su gabinete, reclutado por buscadores de talento, hizo que su administraci\u00f3n no fuera tan mala, sobre todo en salud, seguridad y finanzas, pero de una torpeza pol\u00edtica supina, ya que sus esfuerzos por frenar a AMLO con un fallido, aunque correcto juicio pol\u00edtico, s\u00f3lo catapultaron al justiciable. Pero no s\u00f3lo pretendi\u00f3 descarrilar al ex jefe de Gobierno, tambi\u00e9n se opuso a la candidatura de su correligionario, Felipe Calder\u00f3n, quien se tuvo que ir por la libre para llegar a Los Pinos.<\/p>\n<p>Ya en el retiro, el guanajuatense se ha tirado al piso en varias ocasiones en demanda de la ayuda gubernamental para \u201csobrevivir\u201d ahora que la 4T elimin\u00f3 la pensi\u00f3n vitalicia a los ex presidentes, aunque es sabido que solap\u00f3 el enriquecimiento de los hijos de Marta Sahag\u00fan, que mucho le deben. Se nota vac\u00edo el argumento de que est\u00e1 en la pobreza y ese af\u00e1n protag\u00f3nico lo alienta torpemente a irrumpir en el actual proceso electoral y llevarse al baile al fen\u00f3meno de comunicaci\u00f3n que result\u00f3 X\u00f3chitl G\u00e1lvez.<\/p>\n<p>Cierto, las becas para los <em>ninis<\/em> s\u00f3lo fomentan la mediocridad y apat\u00eda de los j\u00f3venes, a quienes con raz\u00f3n califica Fox como \u201cg\u00fcevones\u201d. S\u00ed, se distraen miles de millones de pesos en subsidiar a ese sector improductivo, lo cual debiera canalizarse en programas que impulsen el desarrollo econ\u00f3mico y las pol\u00edticas p\u00fablicas de crecimiento a trav\u00e9s del empleo y la inversi\u00f3n p\u00fablica, pero no para mantener a los ex presidentes. Fuera de lugar esa propuesta del guanajuatense, quien se pone al nivel de los \u201cg\u00fcevones\u201d que tanto critica.<\/p>\n<p>Poco ayuda con sus dislates el ex presidente a una mujer que brilla con luz propia y que tiene inteligencia, experiencia y carisma, adem\u00e1s de manejar a la perfecci\u00f3n el marketing pol\u00edtico. Prueba de ello es que ha enloquecido a quien deber\u00e1 entregarle la banda presidencial. As\u00ed que Vicente, mejor no la ayudes compadre, calladito te ves m\u00e1s bonito.<\/p>\n","protected":false},"excerpt":{"rendered":"<p><span style=\"color: #005497;\"><strong>Luis \u00c1ngel Garc\u00eda<\/strong><\/span><\/p>\n","protected":false},"author":3,"featured_media":0,"comment_status":"open","ping_status":"open","sticky":false,"template":"","format":"standard","meta":{"_monsterinsights_skip_tracking":false,"_monsterinsights_sitenote_active":false,"_monsterinsights_sitenote_note":"","_monsterinsights_sitenote_category":0,"footnotes":""},"categories":[92115],"tags":[43674,92116,97001],"class_list":["post-590701","post","type-post","status-publish","format-standard","hentry","category-luis-angel-garcia","tag-opinion","tag-por-la-derecha","tag-uis-angel-garcia"],"_links":{"self":[{"href":"https:\/\/www.diarioimagen.net\/index.php?rest_route=\/wp\/v2\/posts\/590701","targetHints":{"allow":["GET"]}}],"collection":[{"href":"https:\/\/www.diarioimagen.net\/index.php?rest_route=\/wp\/v2\/posts"}],"about":[{"href":"https:\/\/www.diarioimagen.net\/index.php?rest_route=\/wp\/v2\/types\/post"}],"author":[{"embeddable":true,"href":"https:\/\/www.diarioimagen.net\/index.php?rest_route=\/wp\/v2\/users\/3"}],"replies":[{"embeddable":true,"href":"https:\/\/www.diarioimagen.net\/index.php?rest_route=%2Fwp%2Fv2%2Fcomments&post=590701"}],"version-history":[{"count":0,"href":"https:\/\/www.diarioimagen.net\/index.php?rest_route=\/wp\/v2\/posts\/590701\/revisions"}],"wp:attachment":[{"href":"https:\/\/www.diarioimagen.net\/index.php?rest_route=%2Fwp%2Fv2%2Fmedia&parent=590701"}],"wp:term":[{"taxonomy":"category","embeddable":true,"href":"https:\/\/www.diarioimagen.net\/index.php?rest_route=%2Fwp%2Fv2%2Fcategories&post=590701"},{"taxonomy":"post_tag","embeddable":true,"href":"https:\/\/www.diarioimagen.net\/index.php?rest_route=%2Fwp%2Fv2%2Ftags&post=590701"}],"curies":[{"name":"wp","href":"https:\/\/api.w.org\/{rel}","templated":true}]}}