{"id":590802,"date":"2023-07-25T00:05:45","date_gmt":"2023-07-25T06:05:45","guid":{"rendered":"https:\/\/www.diarioimagen.net\/?p=590802"},"modified":"2023-07-26T02:14:50","modified_gmt":"2023-07-26T08:14:50","slug":"martha-mariela-zarco-gonzalez-investigadora-uaemex-analiza-como-mantener-conectadas-las-areas-naturales-protegidas-del-edomex","status":"publish","type":"post","link":"https:\/\/www.diarioimagen.net\/?p=590802","title":{"rendered":"Martha Mariela Zarco Gonz\u00e1lez, investigadora UAEM\u00e9x, analiza c\u00f3mo mantener conectadas las \u00c1reas Naturales protegidas del Edomex"},"content":{"rendered":"<p>&nbsp;<\/p>\n<h2 style=\"text-align: center;\"><strong>Mujeres en la ciencia: <\/strong><\/h2>\n<p><strong>\u00a0<\/strong><\/p>\n<div id=\"attachment_590884\" style=\"width: 470px\" class=\"wp-caption aligncenter\"><a href=\"https:\/\/www.diarioimagen.net\/?attachment_id=590884\" rel=\"attachment wp-att-590884\"><img loading=\"lazy\" decoding=\"async\" aria-describedby=\"caption-attachment-590884\" class=\"size-full wp-image-590884\" src=\"https:\/\/www.diarioimagen.net\/wp-content\/uploads\/2023\/07\/uaem-martha-maria.jpg\" alt=\"\" width=\"460\" height=\"270\" \/><\/a><p id=\"caption-attachment-590884\" class=\"wp-caption-text\">La investigadora Martha Mariela Zarco Gonz\u00e1lez considera importante hacer un an\u00e1lisis real de la efectividad que tienen los decretos gubernamentales para el cuidado de espacios protegidos.<\/p><\/div>\n<p>&nbsp;<\/p>\n<p><strong>Toluca, Estado de M\u00e9xico.\u2014<\/strong> Con el objetivo de identificar las amenazas antr\u00f3picas que afectan a las \u00c1reas Naturales Protegidas (ANP) del Estado de M\u00e9xico, Martha Mariela Zarco Gonz\u00e1lez, investigadora del Instituto de Ciencias Agropecuarias y Rurales de la Universidad Aut\u00f3noma del Estado de M\u00e9xico (UAEM\u00e9x), analiza los cambios que han tenido estos espacios a partir del uso de suelo y el cambio clim\u00e1tico.<\/p>\n<p>Seg\u00fan datos de la Comisi\u00f3n Estatal de Parques Naturales y de la Fauna (CEPANAF), oficialmente el Estado de M\u00e9xico cuenta con 90 ANP, convirti\u00e9ndose as\u00ed en la entidad con m\u00e1s \u00e1reas protegidas en el pa\u00eds, las cuales se han visto afectadas gradualmente por las actividades econ\u00f3micas, humanas y pol\u00edticas que existen dentro de ellas.<\/p>\n<p>Zarco Gonz\u00e1lez explic\u00f3 que el Estado de M\u00e9xico enfrenta problemas ambientales fuertes, ya que adem\u00e1s de ser una de las entidades m\u00e1s pobladas a nivel nacional, posee tasas de deforestaci\u00f3n sumamente elevadas, problemas como el estr\u00e9s h\u00eddrico, sequ\u00eda y escasez de agua, adem\u00e1s de la contaminaci\u00f3n de aire y suelo, que son alarmantes y terminan con la p\u00e9rdida de h\u00e1bitat y espacios naturales.<\/p>\n<p>La investigadora considera importante hacer un an\u00e1lisis real de la efectividad que tienen estos decretos gubernamentales para el cuidado de espacios protegidos, conocer si existe un financiamiento y personal capacitado para mantener un cuidado adecuado y un plan de manejo eficiente. Adem\u00e1s, es importante resaltar que estas \u00e1reas son afectadas por amenazas como la presencia de sitios tur\u00edsticos, miner\u00eda y aprovechamiento forestal.<\/p>\n<p>Aunado a ello, comenta que por lo menos 60% del territorio decretado como ANP es de propiedad social, es decir, que hay personas que habitan estos espacios, y que generalmente son comunidades rurales, grupos ind\u00edgenas o poblaciones peque\u00f1as que sufren de marginaci\u00f3n. Las necesidades y actividades de estos grupos aceleran el cambio del uso del suelo y de los recursos naturales que existen en el espacio, lo que tambi\u00e9n representa un problema para la conservaci\u00f3n de las ANP.<\/p>\n<p>Un cuidado apropiado de estas zonas representa la protecci\u00f3n de la biodiversidad, ya que pueden funcionar como refugios clim\u00e1ticos y cuidado de ciertas especies, adem\u00e1s de dar un aprovechamiento sustentable de recursos para las comunidades que viven dentro de estos espacios: \u201cNo es importante, es vital cuidar de estas \u00e1reas para mantener la funcionalidad de los ecosistemas y los recursos naturales del Estado de M\u00e9xico\u201d, resalt\u00f3 Zarco Gonz\u00e1lez.<\/p>\n<p>La investigadora considera necesario concientizar a la sociedad mexiquense sobre esta problem\u00e1tica y mantenerse informado, pues todos somos responsables del uso inadecuado y de la explotaci\u00f3n de estos recursos y \u00e1reas naturales. Solo modificando h\u00e1bitos en nuestro d\u00eda a d\u00eda, como cuidando el agua o ahorrando luz el\u00e9ctrica, podemos hacer una diferencia y frenar esta emergencia ambiental: \u201cSimplemente sumando esfuerzos, sumando acciones, sumando cambios y sumando conciencias es factible hacer un cambio\u201d, abund\u00f3.<\/p>\n","protected":false},"excerpt":{"rendered":"<p>Con el objetivo de identificar las amenazas antr\u00f3picas que afectan a las \u00c1reas Naturales Protegidas (ANP) del Estado de M\u00e9xico, Martha Mariela Zarco Gonz\u00e1lez, investigadora del Instituto de Ciencias Agropecuarias y Rurales de la Universidad Aut\u00f3noma del Estado de M\u00e9xico (UAEM\u00e9x), analiza los cambios que han tenido estos espacios a partir del uso de suelo y el cambio clim\u00e1tico.<\/p>\n","protected":false},"author":3,"featured_media":590884,"comment_status":"open","ping_status":"open","sticky":false,"template":"","format":"standard","meta":{"_monsterinsights_skip_tracking":false,"_monsterinsights_sitenote_active":false,"_monsterinsights_sitenote_note":"","_monsterinsights_sitenote_category":0,"footnotes":""},"categories":[5],"tags":[93605,98277,67878],"class_list":["post-590802","post","type-post","status-publish","format-standard","has-post-thumbnail","hentry","category-estado-de-mexico","tag-analiza","tag-areas-naturales","tag-uaemex"],"_links":{"self":[{"href":"https:\/\/www.diarioimagen.net\/index.php?rest_route=\/wp\/v2\/posts\/590802","targetHints":{"allow":["GET"]}}],"collection":[{"href":"https:\/\/www.diarioimagen.net\/index.php?rest_route=\/wp\/v2\/posts"}],"about":[{"href":"https:\/\/www.diarioimagen.net\/index.php?rest_route=\/wp\/v2\/types\/post"}],"author":[{"embeddable":true,"href":"https:\/\/www.diarioimagen.net\/index.php?rest_route=\/wp\/v2\/users\/3"}],"replies":[{"embeddable":true,"href":"https:\/\/www.diarioimagen.net\/index.php?rest_route=%2Fwp%2Fv2%2Fcomments&post=590802"}],"version-history":[{"count":0,"href":"https:\/\/www.diarioimagen.net\/index.php?rest_route=\/wp\/v2\/posts\/590802\/revisions"}],"wp:featuredmedia":[{"embeddable":true,"href":"https:\/\/www.diarioimagen.net\/index.php?rest_route=\/wp\/v2\/media\/590884"}],"wp:attachment":[{"href":"https:\/\/www.diarioimagen.net\/index.php?rest_route=%2Fwp%2Fv2%2Fmedia&parent=590802"}],"wp:term":[{"taxonomy":"category","embeddable":true,"href":"https:\/\/www.diarioimagen.net\/index.php?rest_route=%2Fwp%2Fv2%2Fcategories&post=590802"},{"taxonomy":"post_tag","embeddable":true,"href":"https:\/\/www.diarioimagen.net\/index.php?rest_route=%2Fwp%2Fv2%2Ftags&post=590802"}],"curies":[{"name":"wp","href":"https:\/\/api.w.org\/{rel}","templated":true}]}}